{"id":15026,"date":"2014-03-05T08:12:41","date_gmt":"2014-03-05T07:12:41","guid":{"rendered":"http:\/\/www.invarena.cz\/?p=15026"},"modified":"2014-03-05T08:12:41","modified_gmt":"2014-03-05T07:12:41","slug":"zemrel-lekar-sherwin-nuland-autor-ocenovane-knihy-o-umirani","status":"publish","type":"post","link":"https:\/\/www.invarena.cz\/?p=15026","title":{"rendered":"Zem\u0159el l\u00e9ka\u0159 Sherwin Nuland, autor oce\u0148ovan\u00e9 knihy o um\u00edr\u00e1n\u00ed"},"content":{"rendered":"<p><strong>Americk\u00fd l\u00e9ka\u0159 a autor oce\u0148ovan\u00e9 knihy o um\u00edr\u00e1n\u00ed, kter\u00e1 vy\u0161la i v \u010cesku pod n\u00e1zvem Jak lid\u00e9 um\u00edraj\u00ed, zem\u0159el. Sherwin Nuland ve v\u011bku 83 let ve sv\u00e9m domov\u011b v Hamdenu ve st\u00e1tu Connecticut podlehl rakovin\u011b prostaty.<!--more--><\/strong><\/p>\n<p>&nbsp;<\/p>\n<p>Ozn\u00e1mila to dnes agentura AP s odvol\u00e1n\u00edm na Nulandovu dceru.<\/p>\n<p>&#8222;\u0158\u00edkal mi, &#8218;neboj\u00edm se zem\u0159\u00edt, ale vybudoval jsem si tak kr\u00e1sn\u00fd \u017eivot a nejsem p\u0159ipraven se s n\u00edm rozlou\u010dit&#8216;,&#8220; \u0159ekla Amelia Nulandov\u00e1. &#8222;Neb\u00e1l se sam\u00e9 smrti, ale miloval v\u0161e ve sv\u00e9m sv\u011bt\u011b a \u017eivot. Necht\u011bl odej\u00edt,&#8220; dodala.<\/p>\n<p>Chirurg Nuland vyu\u010doval l\u00e9ka\u0159skou etiku na Yaleov\u011b univerzit\u011b. Kriticky se stav\u011bl k l\u00e9ka\u0159sk\u00e9 posedlosti o prodlu\u017eov\u00e1n\u00ed \u017eivota i v situac\u00edch, kdy zdrav\u00fd rozum napov\u00edd\u00e1, \u017ee dal\u0161\u00ed l\u00e9\u010dba je marn\u00e1.<\/p>\n<p>&#8222;P\u0159\u00edroda v\u017edy nakonec zv\u00edt\u011bz\u00ed, a tak to mus\u00ed b\u00fdt, m\u00e1-li lidsk\u00fd druh p\u0159e\u017e\u00edt. Nevyhnutelnost kone\u010dn\u00e9ho v\u00edt\u011bzstv\u00ed p\u0159\u00edrody uzn\u00e1valy p\u0159edchoz\u00ed generace. Dokto\u0159i b\u00fdvali mnohem ochotn\u011bj\u0161\u00ed uznat por\u00e1\u017eku a daleko m\u00e9n\u011b arogantn\u00ed v\u016f\u010di um\u00edr\u00e1n\u00ed,&#8220; tvrdil<\/p>\n<p>Kniha Jak lid\u00e9 um\u00edraj\u00ed se st\u0159\u00edzliv\u00fdm popisem toho, jak lid\u00e9 p\u0159ich\u00e1zej\u00ed o \u017eivot kv\u016fli n\u00e1sil\u00ed, nemocem a st\u00e1rnut\u00ed, vy\u0161la v roce 1994, o rok pozd\u011bji z\u00edskala presti\u017en\u00ed N\u00e1rodn\u00ed kni\u017en\u00ed cenu a ve sv\u011bt\u011b se j\u00ed prodalo na p\u016fl milionu v\u00fdtisk\u016f. V USA pomohla rozv\u00ed\u0159it debatu o rozhodov\u00e1n\u00ed o ukon\u010den\u00ed \u017eivota a o eutanazii. Nuland se tou dobou v jednom rozhovoru sv\u011b\u0159il, \u017ee by cht\u011bl zem\u0159\u00edt bez utrpen\u00ed a obklopen bl\u00edzk\u00fdmi &#8211; a taky by bylo p\u011bkn\u00e9, kdyby v \u00famrtn\u00edm listu st\u00e1lo, \u017ee zem\u0159el v pokro\u010dil\u00e9m v\u011bku.<\/p>\n<p>ilustra\u010dn\u00ed foto: lumix2004 \/ sxc.hu<\/p>\n","protected":false},"excerpt":{"rendered":"<div class=\"mh-excerpt\"><p>Americk\u00fd l\u00e9ka\u0159 a autor oce\u0148ovan\u00e9 knihy o um\u00edr\u00e1n\u00ed, kter\u00e1 vy\u0161la i v \u010cesku pod n\u00e1zvem Jak lid\u00e9 um\u00edraj\u00ed, zem\u0159el. Sherwin Nuland ve v\u011bku 83 let <a class=\"mh-excerpt-more\" href=\"https:\/\/www.invarena.cz\/?p=15026\" title=\"Zem\u0159el l\u00e9ka\u0159 Sherwin Nuland, autor oce\u0148ovan\u00e9 knihy o um\u00edr\u00e1n\u00ed\">[&#8230;]<\/a><\/p>\n<\/div>","protected":false},"author":1,"featured_media":14273,"comment_status":"open","ping_status":"closed","sticky":false,"template":"","format":"standard","meta":{"footnotes":""},"categories":[7],"tags":[],"class_list":["post-15026","post","type-post","status-publish","format-standard","has-post-thumbnail","hentry","category-spolecnost"],"_links":{"self":[{"href":"https:\/\/www.invarena.cz\/index.php?rest_route=\/wp\/v2\/posts\/15026","targetHints":{"allow":["GET"]}}],"collection":[{"href":"https:\/\/www.invarena.cz\/index.php?rest_route=\/wp\/v2\/posts"}],"about":[{"href":"https:\/\/www.invarena.cz\/index.php?rest_route=\/wp\/v2\/types\/post"}],"author":[{"embeddable":true,"href":"https:\/\/www.invarena.cz\/index.php?rest_route=\/wp\/v2\/users\/1"}],"replies":[{"embeddable":true,"href":"https:\/\/www.invarena.cz\/index.php?rest_route=%2Fwp%2Fv2%2Fcomments&post=15026"}],"version-history":[{"count":0,"href":"https:\/\/www.invarena.cz\/index.php?rest_route=\/wp\/v2\/posts\/15026\/revisions"}],"wp:featuredmedia":[{"embeddable":true,"href":"https:\/\/www.invarena.cz\/index.php?rest_route=\/wp\/v2\/media\/14273"}],"wp:attachment":[{"href":"https:\/\/www.invarena.cz\/index.php?rest_route=%2Fwp%2Fv2%2Fmedia&parent=15026"}],"wp:term":[{"taxonomy":"category","embeddable":true,"href":"https:\/\/www.invarena.cz\/index.php?rest_route=%2Fwp%2Fv2%2Fcategories&post=15026"},{"taxonomy":"post_tag","embeddable":true,"href":"https:\/\/www.invarena.cz\/index.php?rest_route=%2Fwp%2Fv2%2Ftags&post=15026"}],"curies":[{"name":"wp","href":"https:\/\/api.w.org\/{rel}","templated":true}]}}