{"id":15036,"date":"2014-03-05T18:44:38","date_gmt":"2014-03-05T17:44:38","guid":{"rendered":"http:\/\/www.invarena.cz\/?p=15036"},"modified":"2014-03-05T18:44:38","modified_gmt":"2014-03-05T17:44:38","slug":"komunita-pro-lidi-s-poruchou-osobnosti-se-stehuje-hodla-se-rozsirit","status":"publish","type":"post","link":"https:\/\/www.invarena.cz\/?p=15036","title":{"rendered":"Komunita pro lidi s poruchou osobnosti se st\u011bhuje, hodl\u00e1 se roz\u0161\u00ed\u0159it"},"content":{"rendered":"<p><strong>Terapeutick\u00e1 komunita Kaleidoskop pro lidi s poruchou osobnosti, kter\u00e1 funguje jako jedin\u00e1 v \u010cesku, se chyst\u00e1 roz\u0161\u00ed\u0159it svou kapacitu. V za\u0159\u00edzen\u00ed v Solenic\u00edch u P\u0159\u00edbrami, kam se dnes z Prahy 13 p\u0159est\u011bhovala, pl\u00e1nuje do budoucna p\u0159idat k nyn\u011bj\u0161\u00edm 14 dal\u0161\u00edch \u0161est m\u00edst.<\/strong> <!--more--><\/p>\n<p>&#8222;Dosud jsme byli schopni poskytovat slu\u017eby pouze 14 lidem z cel\u00e9 \u010cR. V nejbli\u017e\u0161\u00ed dob\u011b dojde k nav\u00fd\u0161en\u00ed o dv\u011b osoby. Na \u010dekac\u00ed listin\u011b pro p\u0159ijet\u00ed do terapeutick\u00e9 komunity se stabiln\u011b pohybuje 10 a\u017e 15 \u017eadatel\u016f, do budoucna proto po\u010d\u00edt\u00e1me s roz\u0161\u00ed\u0159en\u00edm a\u017e na 20 m\u00edst,&#8220; uvedla \u0159editelka sdru\u017een\u00ed Kaleidoskop Ren\u00e1ta Tuml\u00ed\u0159ov\u00e1.<\/p>\n<p>Komunita vznikla v roce 2006. S\u00eddlila v Praze 13. Loni v \u0159\u00edjnu sdru\u017een\u00ed z\u00edskalo od policie na spl\u00e1tky jej\u00ed b\u00fdval\u00e9 \u0161kol\u00edc\u00ed st\u0159edisko v Solenic\u00edch. Rekonstrukce za\u010dala v lednu, skon\u010dit m\u00e1 v srpnu. Podle Matou\u0161kov\u00e9 star\u00e9 prostory u\u017e neumo\u017e\u0148ovaly dal\u0161\u00ed rozvoj.<\/p>\n<p>Poruchy osobnosti ovliv\u0148uje genetika, d\u011btstv\u00ed i zku\u0161enosti a stres. Projevuj\u00ed se dlouhodob\u00fdmi pot\u00ed\u017eemi v chov\u00e1n\u00ed a emoc\u00edch. Lid\u00e9 b\u00fdvaj\u00ed t\u0159eba paranoidn\u00ed, p\u0159\u00edli\u0161 impulsivn\u00ed, teatr\u00e1ln\u00ed, narcisti\u010dt\u00ed, trp\u00edvaj\u00ed \u00fazkostmi. Nejsou schopni b\u011b\u017en\u011b fungovat, plnit povinnosti a navazovat a udr\u017eovat vztahy. Porucha se ned\u00e1 odstranit l\u00e9ky, ale vy\u017eaduje dlouhodobou psychoterapii.<\/p>\n<p>Komunita p\u0159edstavuje alternativn\u00ed slu\u017ebu. Zakladatel\u00e9 Kaleidoskopu se inspirovali v Brit\u00e1nii, kde nedaleko Lond\u00fdna ozdravn\u00e9 spole\u010denstv\u00ed fungovalo \u0161est desetilet\u00ed &#8211; nejprve pro v\u00e1le\u010dn\u00e9 veter\u00e1ny, pak pro lidi s poruchami osobnosti.<\/p>\n<p>V \u010cesku komunita nab\u00edz\u00ed mo\u017enost \u017e\u00edt &#8222;ve zmen\u0161en\u00e9m modelu spole\u010dnosti&#8220;. Klient\u016fm, kte\u0159\u00ed v n\u00ed z\u016fst\u00e1vaj\u00ed 12 a\u017e 18 m\u011bs\u00edc\u016f, m\u00e1 zlep\u0161it \u017eivot a pomoci zvl\u00e1dat ka\u017edodenn\u00ed starosti a pr\u00e1ci. V\u011bnuj\u00ed se jim soci\u00e1ln\u00ed pracovn\u00edci. Program zahrnuje terapie, sport \u010di vzd\u011bl\u00e1v\u00e1n\u00ed. Obyvatel\u00e9 se staraj\u00ed tak\u00e9 o chod za\u0159\u00edzen\u00ed, jeho \u00fadr\u017ebu, po\u0159izuj\u00ed z\u00e1soby a va\u0159\u00ed. Sdru\u017een\u00ed lidem pom\u00e1h\u00e1 i po jejich odchodu z komunity. Poskytuje jim poradenstv\u00ed a doprovod.<\/p>\n<p>Kaleidoskop spolu s hole\u0161ovick\u00fdm psychologick\u00fdm centrem otev\u00edr\u00e1 tak\u00e9 terapeutickou skupinu pro lidi, jim\u017e l\u00e9ka\u0159i poruchu osobnosti diagnostikovali. Na setk\u00e1n\u00ed by pacienti mohli doch\u00e1zet \u010dtvrt roku a\u017e dva roky. Z\u00e1jemci se mohou hl\u00e1sit od \u00fanora.<\/p>\n<p>Kaleidoskop financuje sv\u00e9 slu\u017eby z dotac\u00ed ministerstva pr\u00e1ce a pra\u017esk\u00e9ho magistr\u00e1tu, z grant\u016f, z plateb od klient\u016f i z dar\u016f. Od d\u00e1rc\u016f p\u0159ij\u00edm\u00e1 jak pen\u00edze, tak vybaven\u00ed. Bli\u017e\u0161\u00ed informace jsou na webu www.kaleidoskop-os.cz.<\/p>\n<p>ilustra\u010dn\u00ed foto: atp_tyreseus Flickr.com<\/p>\n","protected":false},"excerpt":{"rendered":"<div class=\"mh-excerpt\"><p>Terapeutick\u00e1 komunita Kaleidoskop pro lidi s poruchou osobnosti, kter\u00e1 funguje jako jedin\u00e1 v \u010cesku, se chyst\u00e1 roz\u0161\u00ed\u0159it svou kapacitu. V za\u0159\u00edzen\u00ed v Solenic\u00edch u P\u0159\u00edbrami, <a class=\"mh-excerpt-more\" href=\"https:\/\/www.invarena.cz\/?p=15036\" title=\"Komunita pro lidi s poruchou osobnosti se st\u011bhuje, hodl\u00e1 se roz\u0161\u00ed\u0159it\">[&#8230;]<\/a><\/p>\n<\/div>","protected":false},"author":1,"featured_media":15037,"comment_status":"open","ping_status":"closed","sticky":false,"template":"","format":"standard","meta":{"footnotes":""},"categories":[7],"tags":[],"class_list":["post-15036","post","type-post","status-publish","format-standard","has-post-thumbnail","hentry","category-spolecnost"],"_links":{"self":[{"href":"https:\/\/www.invarena.cz\/index.php?rest_route=\/wp\/v2\/posts\/15036","targetHints":{"allow":["GET"]}}],"collection":[{"href":"https:\/\/www.invarena.cz\/index.php?rest_route=\/wp\/v2\/posts"}],"about":[{"href":"https:\/\/www.invarena.cz\/index.php?rest_route=\/wp\/v2\/types\/post"}],"author":[{"embeddable":true,"href":"https:\/\/www.invarena.cz\/index.php?rest_route=\/wp\/v2\/users\/1"}],"replies":[{"embeddable":true,"href":"https:\/\/www.invarena.cz\/index.php?rest_route=%2Fwp%2Fv2%2Fcomments&post=15036"}],"version-history":[{"count":0,"href":"https:\/\/www.invarena.cz\/index.php?rest_route=\/wp\/v2\/posts\/15036\/revisions"}],"wp:featuredmedia":[{"embeddable":true,"href":"https:\/\/www.invarena.cz\/index.php?rest_route=\/wp\/v2\/media\/15037"}],"wp:attachment":[{"href":"https:\/\/www.invarena.cz\/index.php?rest_route=%2Fwp%2Fv2%2Fmedia&parent=15036"}],"wp:term":[{"taxonomy":"category","embeddable":true,"href":"https:\/\/www.invarena.cz\/index.php?rest_route=%2Fwp%2Fv2%2Fcategories&post=15036"},{"taxonomy":"post_tag","embeddable":true,"href":"https:\/\/www.invarena.cz\/index.php?rest_route=%2Fwp%2Fv2%2Ftags&post=15036"}],"curies":[{"name":"wp","href":"https:\/\/api.w.org\/{rel}","templated":true}]}}