{"id":15040,"date":"2014-03-06T09:31:13","date_gmt":"2014-03-06T08:31:13","guid":{"rendered":"http:\/\/www.invarena.cz\/?p=15040"},"modified":"2014-03-06T12:44:41","modified_gmt":"2014-03-06T11:44:41","slug":"dve-matky-se-pretahuji-o-syna","status":"publish","type":"post","link":"https:\/\/www.invarena.cz\/?p=15040","title":{"rendered":"Dv\u011b matky se p\u0159etahuj\u00ed o syna"},"content":{"rendered":"<p><strong>V Krom\u011b\u0159\u00ed\u017ei se rozho\u0159el neobvykl\u00fd spor. Dv\u011b \u017eeny se p\u0159etahuj\u00ed o mlad\u00edka, kter\u00fd je t\u011b\u017ece posti\u017een\u00fd. O co jde? O mlad\u00e9ho mu\u017ee se v posledn\u00edch letech starala \u017eena, se kterou nen\u00ed p\u0159\u00edbuzn\u00fd. Vlastn\u00ed matka toti\u017e o n\u011bj nejevila z\u00e1jem. Av\u0161ak jen do doby, kdy mu za\u010dal chodit invalidn\u00ed d\u016fchod.<\/strong> <!--more--><em>ilustra\u010dn\u00ed sn\u00edmek<\/em><\/p>\n<p><em><strong>report\u00e1\u017e TV Prima<\/strong><\/em><\/p>\n<p>Michalovi je 25 let. Po t\u011b\u017ek\u00e9m nervov\u00e9m z\u00e1chvatu p\u0159ed 2 lety se ale ment\u00e1ln\u011b vr\u00e1til do ran\u00e9ho d\u011btstv\u00ed. Podle l\u00e9ka\u0159\u016f se te\u010f po rehabilitaci m\u016f\u017ee srovn\u00e1vat s t\u0159\u00edlet\u00fdmi. Od sv\u00fdch 18 \u017eil u Eleonory, n\u00e1hodn\u00e9 zn\u00e1m\u00e9, kter\u00e1 se ho ujala p\u0159\u00edmo z ulice, kdy\u017e ho vlastn\u00ed matka vyhodila z domu.<\/p>\n<p>Eleonora MATU\u0160KOV\u00c1, Michalova opatrovnice:\u00a0 On byl hrozn\u011b p\u0159\u00edjemn\u00fd, takovej, no, hned od pohledu.<\/p>\n<p>Jen d\u00edky p\u00e9\u010di t\u00e9to n\u00e1hradn\u00ed matky, je\u017e se ho ujala, se Michal po dlouh\u00fdch hodin\u00e1ch cvi\u010den\u00ed nau\u010dil po z\u00e1chvatu znovu trochu mluvit a chodit. Ani zdaleka se ani s\u00e1m o sebe nedok\u00e1\u017ee postarat, proto mu st\u00e1t p\u0159id\u011blil pln\u00fd invalidn\u00ed d\u016fchod. V tu dobu se ale Michalova biologick\u00e1 matka rozhodla, \u017ee by vlastn\u011b cht\u011bla m\u00edt syna doma.<\/p>\n<p>MATU\u0160KOV\u00c1:\u00a0 &#8230;potom ta matka dojela a tam ho vzali prost\u011b a odt\u00e1hli ho pry\u010d.<\/p>\n<p>V p\u00e9\u010di biologick\u00e9 matky se ale Michal\u016fv stav zhor\u0161il. P\u0159estal komunikovat se sv\u00fdm okol\u00edm a skon\u010dil znovu v nemocnici.<\/p>\n<p>Michalova biologick\u00e1 matka:\u00a0 Jeho mobil si mn\u011b nedala, jeho v\u011bci si mn\u011b nedala.<\/p>\n<p>MATU\u0160KOV\u00c1 \u00a0 .. on \u017e\u00e1dnej mobil nem\u011bl, mobil jsem mu kupovala j\u00e1, v\u00ed\u0161..<\/p>\n<p>Michalova biologick\u00e1 matka:\u00a0 No jist\u011b, ale kdy\u017e n\u011bkomu n\u011bco daruju, tak je to jeho.<\/p>\n<p>Ob\u011b \u017eeny se cht\u011bj\u00ed o nemohouc\u00edho starat, p\u0159itom Michal s\u00e1m o tom rozhodnout nem\u016f\u017ee. Jak\u00fd byl vlastn\u011b vztah mlad\u00e9ho mu\u017ee s jeho matkou p\u0159edt\u00edm, ne\u017e ho z\u00e1chvaty upoutaly na l\u016f\u017eko? Ozvala se po letech z vypo\u010d\u00edtavosti nebo ze soucitu?<\/p>\n<p>Smutn\u00fd p\u0159\u00edb\u011bh Michalovy rodiny mohli div\u00e1ci v\u010dera na TV Prima zhl\u00e9dnout v dal\u0161\u00edm d\u00edle publicistick\u00e9ho po\u0159adu O\u010dima Josefa Kl\u00edmy.<\/p>\n","protected":false},"excerpt":{"rendered":"<div class=\"mh-excerpt\"><p>V Krom\u011b\u0159\u00ed\u017ei se rozho\u0159el neobvykl\u00fd spor. Dv\u011b \u017eeny se p\u0159etahuj\u00ed o mlad\u00edka, kter\u00fd je t\u011b\u017ece posti\u017een\u00fd. O co jde? O mlad\u00e9ho mu\u017ee se v posledn\u00edch <a class=\"mh-excerpt-more\" href=\"https:\/\/www.invarena.cz\/?p=15040\" title=\"Dv\u011b matky se p\u0159etahuj\u00ed o syna\">[&#8230;]<\/a><\/p>\n<\/div>","protected":false},"author":1,"featured_media":4002,"comment_status":"open","ping_status":"closed","sticky":false,"template":"","format":"standard","meta":{"footnotes":""},"categories":[7],"tags":[],"class_list":["post-15040","post","type-post","status-publish","format-standard","has-post-thumbnail","hentry","category-spolecnost"],"_links":{"self":[{"href":"https:\/\/www.invarena.cz\/index.php?rest_route=\/wp\/v2\/posts\/15040","targetHints":{"allow":["GET"]}}],"collection":[{"href":"https:\/\/www.invarena.cz\/index.php?rest_route=\/wp\/v2\/posts"}],"about":[{"href":"https:\/\/www.invarena.cz\/index.php?rest_route=\/wp\/v2\/types\/post"}],"author":[{"embeddable":true,"href":"https:\/\/www.invarena.cz\/index.php?rest_route=\/wp\/v2\/users\/1"}],"replies":[{"embeddable":true,"href":"https:\/\/www.invarena.cz\/index.php?rest_route=%2Fwp%2Fv2%2Fcomments&post=15040"}],"version-history":[{"count":0,"href":"https:\/\/www.invarena.cz\/index.php?rest_route=\/wp\/v2\/posts\/15040\/revisions"}],"wp:featuredmedia":[{"embeddable":true,"href":"https:\/\/www.invarena.cz\/index.php?rest_route=\/wp\/v2\/media\/4002"}],"wp:attachment":[{"href":"https:\/\/www.invarena.cz\/index.php?rest_route=%2Fwp%2Fv2%2Fmedia&parent=15040"}],"wp:term":[{"taxonomy":"category","embeddable":true,"href":"https:\/\/www.invarena.cz\/index.php?rest_route=%2Fwp%2Fv2%2Fcategories&post=15040"},{"taxonomy":"post_tag","embeddable":true,"href":"https:\/\/www.invarena.cz\/index.php?rest_route=%2Fwp%2Fv2%2Ftags&post=15040"}],"curies":[{"name":"wp","href":"https:\/\/api.w.org\/{rel}","templated":true}]}}