{"id":15042,"date":"2014-03-06T09:42:39","date_gmt":"2014-03-06T08:42:39","guid":{"rendered":"http:\/\/www.invarena.cz\/?p=15042"},"modified":"2014-03-06T09:55:11","modified_gmt":"2014-03-06T08:55:11","slug":"firma-podvodem-vyuzila-ochoty-lidi-pomahat","status":"publish","type":"post","link":"https:\/\/www.invarena.cz\/?p=15042","title":{"rendered":"Firma podvodem vyu\u017eila ochoty lid\u00ed pom\u00e1hat"},"content":{"rendered":"<p><strong>Firma um\u00edstila ve m\u011bst\u011b Znojmo \u0159adu kontejner\u016f, aby lid\u00e9 darovali textil pro posti\u017een\u00e9 d\u011bti. Jen\u017ee se zjistilo, \u017ee z\u00edskan\u00fd materi\u00e1l ve skute\u010dnosti vyu\u017e\u00edv\u00e1 k vlastn\u00ed v\u00fdrob\u011b&#8230; <!--more--><\/strong><br \/>\nFale\u0161n\u00e9 kontejnery na textil se objevily ve Znojm\u011b. Bez povolen\u00ed radnice tam um\u00edstila polsk\u00e1 firma p\u011bt zelen\u00fdch kontejner\u016f, podle n\u00e1pis\u016f na nich m\u00e1 b\u00fdt vhozen\u00e9 oble\u010den\u00ed ur\u010den\u00e9 pro posti\u017een\u00e9 d\u011bti. Podle veden\u00ed m\u011bsta je ale hlavn\u00ed \u010dinnost\u00ed spole\u010dnosti v\u00fdroba \u010dist\u00edc\u00edch textili\u00ed, kter\u00e9 prod\u00e1v\u00e1 do v\u00edc ne\u017e 5000 firem v Polsku.<\/p>\n<p>Zuzana PASTR\u0147\u00c1KOV\u00c1, mluv\u010d\u00ed Znojma:<br \/>\nU t\u011bch zelen\u00fdch n\u00e1dob, kter\u00e9 m\u00e1 ta polsk\u00e1 firma, tak to je ryze komer\u010dn\u00ed \u00fa\u010del. My jsme to zjistili v podstat\u011b, a\u017e kdy\u017e jsme kontrolovali sv\u00e1\u017een\u00ed odpadu a samoz\u0159ejm\u011b u\u017e nyn\u00ed \u010din\u00edme kroky k jejich odstran\u011bn\u00ed.<\/p>\n<p>Jedin\u00e9, m\u011bstem povolen\u00e9 kontejnery na od\u011bvy, jsou ve Znojm\u011b tyto modr\u00e9, oble\u010den\u00ed, kter\u00e9 do nich lid\u00e9 vyhod\u00ed, vyu\u017e\u00edv\u00e1 Oblastn\u00ed charita Brno.<\/p>\n<p><em>ilustra\u010dn\u00ed foto: Brian Forbes Flickr.com<\/em><\/p>\n","protected":false},"excerpt":{"rendered":"<div class=\"mh-excerpt\"><p>Firma um\u00edstila ve m\u011bst\u011b Znojmo \u0159adu kontejner\u016f, aby lid\u00e9 darovali textil pro posti\u017een\u00e9 d\u011bti. Jen\u017ee se zjistilo, \u017ee z\u00edskan\u00fd materi\u00e1l ve skute\u010dnosti vyu\u017e\u00edv\u00e1 k vlastn\u00ed <a class=\"mh-excerpt-more\" href=\"https:\/\/www.invarena.cz\/?p=15042\" title=\"Firma podvodem vyu\u017eila ochoty lid\u00ed pom\u00e1hat\">[&#8230;]<\/a><\/p>\n<\/div>","protected":false},"author":1,"featured_media":15045,"comment_status":"open","ping_status":"closed","sticky":false,"template":"","format":"standard","meta":{"footnotes":""},"categories":[7],"tags":[],"class_list":["post-15042","post","type-post","status-publish","format-standard","has-post-thumbnail","hentry","category-spolecnost"],"_links":{"self":[{"href":"https:\/\/www.invarena.cz\/index.php?rest_route=\/wp\/v2\/posts\/15042","targetHints":{"allow":["GET"]}}],"collection":[{"href":"https:\/\/www.invarena.cz\/index.php?rest_route=\/wp\/v2\/posts"}],"about":[{"href":"https:\/\/www.invarena.cz\/index.php?rest_route=\/wp\/v2\/types\/post"}],"author":[{"embeddable":true,"href":"https:\/\/www.invarena.cz\/index.php?rest_route=\/wp\/v2\/users\/1"}],"replies":[{"embeddable":true,"href":"https:\/\/www.invarena.cz\/index.php?rest_route=%2Fwp%2Fv2%2Fcomments&post=15042"}],"version-history":[{"count":0,"href":"https:\/\/www.invarena.cz\/index.php?rest_route=\/wp\/v2\/posts\/15042\/revisions"}],"wp:featuredmedia":[{"embeddable":true,"href":"https:\/\/www.invarena.cz\/index.php?rest_route=\/wp\/v2\/media\/15045"}],"wp:attachment":[{"href":"https:\/\/www.invarena.cz\/index.php?rest_route=%2Fwp%2Fv2%2Fmedia&parent=15042"}],"wp:term":[{"taxonomy":"category","embeddable":true,"href":"https:\/\/www.invarena.cz\/index.php?rest_route=%2Fwp%2Fv2%2Fcategories&post=15042"},{"taxonomy":"post_tag","embeddable":true,"href":"https:\/\/www.invarena.cz\/index.php?rest_route=%2Fwp%2Fv2%2Ftags&post=15042"}],"curies":[{"name":"wp","href":"https:\/\/api.w.org\/{rel}","templated":true}]}}