{"id":15068,"date":"2014-03-07T19:06:48","date_gmt":"2014-03-07T18:06:48","guid":{"rendered":"http:\/\/www.invarena.cz\/?p=15068"},"modified":"2014-03-07T19:06:48","modified_gmt":"2014-03-07T18:06:48","slug":"vozickari-chteji-zalovat-ceskou-postu","status":"publish","type":"post","link":"https:\/\/www.invarena.cz\/?p=15068","title":{"rendered":"Voz\u00ed\u010dk\u00e1\u0159i cht\u011bj\u00ed \u017ealovat \u010ceskou po\u0161tu"},"content":{"rendered":"<p><strong>\u017dalobu na \u010ceskou po\u0161tu chystaj\u00ed voz\u00ed\u010dk\u00e1\u0159i. Kv\u016fli pobo\u010dce v Praze 5, kter\u00e1 jako jedin\u00e1 vy\u0159izuje proclen\u00ed z\u00e1silek ze zahrani\u010d\u00ed. Do t\u00e9to budovy se toti\u017e paraplegici dostanou jen s pomoc\u00ed asistenta.<!--more--><\/strong><\/p>\n<p><strong><em>report\u00e1\u017e<\/em> \u010cesk\u00e9 televize<\/strong><\/p>\n<p>Zlep\u0161en\u00ed p\u0159\u00edstupu jim veden\u00ed po\u0161ty slibuje u\u017e t\u0159i roky.<\/p>\n<p>Slib\u016f u\u017e bylo p\u0159\u00edli\u0161, zlob\u00ed se paraplegici na \u010ceskou po\u0161tu a sepisuj\u00ed \u017ealobu. Takzvan\u00e1 celn\u00ed po\u0161ta na Sm\u00edchov\u011b, je pro voz\u00ed\u010dk\u00e1\u0159e, a\u010dkoliv se to na prvn\u00ed pohled nezd\u00e1, t\u011b\u017eko p\u0159\u00edstupn\u00e1. Rampa m\u00e1 velk\u00fd sklon. Stavebn\u00ed \u00fapravy m\u011bly b\u00fdt v lednu hotov\u00e9.<\/p>\n<p>&nbsp;<\/p>\n<p>David LUKE\u0160,z\u00e1stupce voz\u00ed\u010dk\u00e1\u0159\u016f :<br \/>\nJe tam poru\u0161ov\u00e1n\u00ed z\u00e1kladn\u00edch lidsk\u00fdch pr\u00e1v. Proto\u017ee svoboda pohybu je n\u011bco garantovan\u00e9ho, co by m\u011bli i posti\u017een\u00ed lid\u00e9 m\u00edt.<\/p>\n<p>&nbsp;<\/p>\n<p>Hana SIXTOV\u00c1, z\u00e1stupkyn\u011b \u010cesk\u00e9 asociace paraplegik\u016f:<br \/>\nT\u00edm, \u017ee je to celn\u00ed po\u0161ta, jedin\u00e1 v \u010cech\u00e1ch, tak pro z\u00e1silku ze zahrani\u010d\u00ed si tam m\u016f\u017ee p\u0159ijet handicapovan\u00fd \u010dlov\u011bk klidn\u011b z druh\u00e9ho konce republiky.<\/p>\n<p>Veden\u00ed po\u0161ty te\u010f p\u0159ich\u00e1z\u00ed s \u0159e\u0161en\u00edm. Celn\u00ed pobo\u010dku tady uzav\u0159e.<\/p>\n<p>Marta SELICHAROV\u00c1, mluv\u010d\u00ed \u010cesk\u00e9 po\u0161ty:<br \/>\n\u010cesk\u00e1 po\u0161ta se rozhodla, \u017ee po\u0161tu 120, kter\u00e1 odbavuje zahrani\u010dn\u00ed z\u00e1silky, p\u0159est\u011bhuje do Prahy &#8211; Male\u0161ic, kde m\u00e1me nejv\u011bt\u0161\u00ed logistick\u00e9 centrum.<\/p>\n<p>St\u011bhov\u00e1n\u00ed ale pl\u00e1nuje a\u017e p\u0159\u00ed\u0161t\u00ed rok. Plo\u0161ina z\u016fstane bez \u00faprav, byly by pr\u00fd moc n\u00e1kladn\u00e9.<\/p>\n<p>Voz\u00ed\u010dk\u00e1\u0159i si zde podle veden\u00ed po\u0161ty m\u016f\u017eou zazvonit na obsluhu. Na zvonek ale \u010dasto nikdo nereaguje.<\/p>\n<p>A rampa je p\u0159\u00edli\u0161 strm\u00e1 tak, \u017ee ji voz\u00ed\u010dk\u00e1\u0159 nem\u00e1 \u0161anci s\u00e1m a s asistenc\u00ed jen st\u011b\u017e\u00ed.<\/p>\n<p>Erik \u010cIPERA, z\u00e1stupce spole\u010dnosti Asociace:<br \/>\nJakmile za\u010dne tro\u0161ku sn\u011b\u017eit, tak ten povrch je kluzk\u00fd, tak u\u017e je to v podstat\u011b nemo\u017en\u00fd a je to \u00faraz. N\u011bkdo to pak zkou\u0161\u00ed t\u0159eba po eskal\u00e1torech. a stalo se, \u017ee tady i n\u011bkdo spadnul.<\/p>\n<p>Dopravn\u00ed podnik a hlavn\u00ed m\u011bsto u\u017e n\u011bkolik let zpracov\u00e1vaj\u00ed projekt, jak plo\u0161inu nahradit a voz\u00ed\u010dk\u00e1\u0159\u016fm polikliniku i \u00fa\u0159ad l\u00edp zp\u0159\u00edstupnit.<\/p>\n","protected":false},"excerpt":{"rendered":"<div class=\"mh-excerpt\"><p>\u017dalobu na \u010ceskou po\u0161tu chystaj\u00ed voz\u00ed\u010dk\u00e1\u0159i. Kv\u016fli pobo\u010dce v Praze 5, kter\u00e1 jako jedin\u00e1 vy\u0159izuje proclen\u00ed z\u00e1silek ze zahrani\u010d\u00ed. Do t\u00e9to budovy se toti\u017e paraplegici <a class=\"mh-excerpt-more\" href=\"https:\/\/www.invarena.cz\/?p=15068\" title=\"Voz\u00ed\u010dk\u00e1\u0159i cht\u011bj\u00ed \u017ealovat \u010ceskou po\u0161tu\">[&#8230;]<\/a><\/p>\n<\/div>","protected":false},"author":1,"featured_media":5967,"comment_status":"open","ping_status":"closed","sticky":false,"template":"","format":"standard","meta":{"footnotes":""},"categories":[7],"tags":[],"class_list":["post-15068","post","type-post","status-publish","format-standard","has-post-thumbnail","hentry","category-spolecnost"],"_links":{"self":[{"href":"https:\/\/www.invarena.cz\/index.php?rest_route=\/wp\/v2\/posts\/15068","targetHints":{"allow":["GET"]}}],"collection":[{"href":"https:\/\/www.invarena.cz\/index.php?rest_route=\/wp\/v2\/posts"}],"about":[{"href":"https:\/\/www.invarena.cz\/index.php?rest_route=\/wp\/v2\/types\/post"}],"author":[{"embeddable":true,"href":"https:\/\/www.invarena.cz\/index.php?rest_route=\/wp\/v2\/users\/1"}],"replies":[{"embeddable":true,"href":"https:\/\/www.invarena.cz\/index.php?rest_route=%2Fwp%2Fv2%2Fcomments&post=15068"}],"version-history":[{"count":0,"href":"https:\/\/www.invarena.cz\/index.php?rest_route=\/wp\/v2\/posts\/15068\/revisions"}],"wp:featuredmedia":[{"embeddable":true,"href":"https:\/\/www.invarena.cz\/index.php?rest_route=\/wp\/v2\/media\/5967"}],"wp:attachment":[{"href":"https:\/\/www.invarena.cz\/index.php?rest_route=%2Fwp%2Fv2%2Fmedia&parent=15068"}],"wp:term":[{"taxonomy":"category","embeddable":true,"href":"https:\/\/www.invarena.cz\/index.php?rest_route=%2Fwp%2Fv2%2Fcategories&post=15068"},{"taxonomy":"post_tag","embeddable":true,"href":"https:\/\/www.invarena.cz\/index.php?rest_route=%2Fwp%2Fv2%2Ftags&post=15068"}],"curies":[{"name":"wp","href":"https:\/\/api.w.org\/{rel}","templated":true}]}}