{"id":15078,"date":"2014-03-08T12:45:17","date_gmt":"2014-03-08T11:45:17","guid":{"rendered":"http:\/\/www.invarena.cz\/?p=15078"},"modified":"2014-03-08T16:57:34","modified_gmt":"2014-03-08T15:57:34","slug":"trolleni-na-facebooku-podlehaji-i-invalidni-duchodci","status":"publish","type":"post","link":"https:\/\/www.invarena.cz\/?p=15078","title":{"rendered":"Na facebooku troll\u00ed i invalidn\u00ed d\u016fchodci"},"content":{"rendered":"<p><strong>Invalidn\u00ed d\u016fchodce na facebooku bezd\u016fvodn\u011b napadl herce Miroslava Donutila. Vyrobil str\u00e1nku R. I. P. MIROSLAV DONUTIL, kter\u00e1 fale\u0161n\u011b informovala o jeho tragick\u00e9 smrti. <!--more--><\/strong><\/p>\n<p>&nbsp;<\/p>\n<p>Nav\u00edc pozd\u011bji str\u00e1nku zm\u011bnil v galerii nechutn\u00fdch pornografick\u00fdch kol\u00e1\u017e\u00ed a brut\u00e1ln\u00edch sn\u00edmk\u016f z dopravn\u00edch nehod. Administr\u00e1to\u0159i Facebooku ji nakonec smazali.<\/p>\n<p>Autorem fale\u0161n\u00e9 str\u00e1nky byl Ale\u0161 Sof\u00edn &#8211; voz\u00ed\u010dk\u00e1\u0159. Mezi mnoha u\u017eivateli facebooku je u\u017e zn\u00e1m\u00fdm trollem, kter\u00fd proch\u00e1z\u00ed Facebook, a kde m\u016f\u017ee, tam upou\u0161t\u00ed zlobu a sprost\u00e9 pozn\u00e1mky \u010di fotky.<\/p>\n<p>Jeho obl\u00edben\u00fd cit\u00e1t je: K v\u00edt\u011bzstv\u00ed zla sta\u010d\u00ed jedin\u00e9: Kdy\u017e dob\u0159\u00ed lid\u00e9 budou sed\u011bt se zalo\u017een\u00fdma rukama.<\/p>\n<p>&nbsp;<\/p>\n<p>\u010cten\u00e1\u0159i reagovali na fale\u0161nou str\u00e1nku celkem trefn\u011b. &#8222;Z\u0159ejm\u011b je impotentn\u00ed nula, ten kret\u00e9n, co to tu roz\u0161\u00ed\u0159il. Nic neum\u00ed, tak aspo\u0148 nas\u00edr\u00e1 lidi.&#8220;<\/p>\n<p>Na webu je tak\u00e9 Sdru\u017een\u00ed Bezcitn\u00fdch, Cynick\u00fdch a Zl\u00fdch Individu\u00ed. &#8222;Sm\u011bjeme se smutn\u00fdm v\u011bcem, citliv\u00fdm lidem, a kdy\u017e je n\u011bco naprosto jasn\u00e9, zpochyb\u0148ujeme to,&#8220; zn\u00ed jejich moto na serveru internetov\u00fdch troll\u016f. Vym\u00fd\u0161lej\u00ed nehor\u00e1znosti, pak na webu zalo\u017e\u00ed str\u00e1nku a n\u00e1sledn\u011b se bav\u00ed t\u00edm, \u017ee sleduj\u00ed pohor\u0161en\u00e9 v\u00fdlevy ve\u0159ejnosti.<\/p>\n<p>Tito trollov\u00e9 si ale ji\u017e vym\u00fd\u0161lej\u00ed i na Ale\u0161e Sof\u00edna.Ob\u010das zalo\u017e\u00ed n\u011bkde na webu n\u011bjakou trollovinu, u n\u011bkter\u00fdch jemn\u011b nazna\u010d\u00ed, \u017ee autorem je chud\u00e1k voz\u00ed\u010dk\u00e1\u0159. \u0160lo o \u0159adu akc\u00ed.<\/p>\n<p>T\u0159eba vyhl\u00e1sili jeho jm\u00e9nem Den kop\u00e1n\u00ed do ps\u016f. A pak s velk\u00fdm pobaven\u00edm popisovali n\u00e1sledky sv\u00e9 akce. &#8222;Speci\u00e1ln\u00ed elitn\u00ed komando report\u00e9r\u016f TV Nova vtrhlo do bytu samotn\u00e9ho domn\u011bl\u00e9ho zakladatele, na\u0161eho Ale\u0161ka Sof\u00edna. Spoust\u011b lidem se zbo\u0159ila p\u0159edstava sebev\u011bdom\u00e9ho a neochv\u011bjn\u00e9ho voz\u00ed\u010dk\u00e1\u0159e, kter\u00fd v\u017edy vystupoval jako \u010dlov\u011bk, kter\u00fd je v\u017edy nad v\u011bc\u00ed a m\u00e1lokdy to zapomene utvrdit sv\u00fdm zn\u00e1m\u00fdmi smajl\u00edky.&#8220; K tomu \u0159ada kol\u00e1\u017e\u00ed na t\u00e9ma Ale\u0161 a jeho vystoupen\u00ed, kde se do kamery od kop\u00e1n\u00ed do ps\u016f distancuje.<\/p>\n<p>A nebo vznikla str\u00e1nka Jsme pro zab\u00edjen\u00ed autist\u016f. &#8222;Ub\u00edjen\u00ed autist\u016f m\u00e1me v rodin\u011b. Ji\u017e m\u016fj prad\u011bd v\u011b\u0159il, \u017ee krev autisty l\u00e9\u010d\u00ed rakovinu. M\u016fj d\u011bd v\u011b\u0159il, \u017ee jejich slzy v p\u00e1lence v\u00e1s ochr\u00e1n\u00ed p\u0159ed oslepnut\u00edm. Jist\u011b jde o pov\u011bry. Ale pravdou je, \u017ee ude\u0159it autistu kladivem je uspokojuj\u00edc\u00ed.&#8220;<\/p>\n<p>Pro \u010dlov\u011bka, jen\u017e se nevyzn\u00e1 na internetu a nech\u00e1pe, \u017ee podepsat se jako n\u011bkdo jin\u00fd n\u011bkde na facebookov\u00e9 str\u00e1nce m\u016f\u017ee skute\u010dn\u011b kdokoli, vedou stopy k chud\u00e1ku Ale\u0161kovi. Kampa\u0148 troll\u016f je tak \u00fasp\u011b\u0161n\u00e1, \u017ee jen p\u00e1r hodin existuj\u00edc\u00ed str\u00e1nka Ale\u0161 Sof\u00edn je lidsk\u00e1 zr\u016fda a psychopat m\u011bla \u010dty\u0159iadevades\u00e1t fanou\u0161k\u016f.<\/p>\n<p>A co k tomu \u0159\u00e1k\u00e1 s\u00e1m Sof\u00edn?<\/p>\n<p>&#8222;.. cht\u011bl bych V\u00e1m \u0159\u00edci, \u017ee ty str\u00e1nky, co se objevuj\u00ed na Facebooku, ned\u011bl\u00e1m j\u00e1, ale p\u00e1r lid\u00ed, co si \u0159\u00edkaj\u00ed trollov\u00e9. Poprv\u00e9 jsem se s trollingem setkal asi p\u0159ed rokem, ale p\u0159esn\u011b u\u017e to nev\u00edm. A to tak, \u017ee vytvo\u0159ili str\u00e1nku Nesn\u00e1\u0161\u00edm voz\u00ed\u010dk\u00e1\u0159e. Tak jsem tam za\u010dal ps\u00e1t. Nejprve v\u00e1\u017en\u011b, ale posl\u00e9ze jsem zjistil, o co jde, tak jsem si z nich tak\u00e9 za\u010dal d\u011blat legraci,&#8220; vysv\u011btlil m\u016fj troll, jak se k ostudn\u00e9 \u010dinnosti dostal. &#8222;Objevil jsem i domovskou str\u00e1nku troll\u016f, kter\u00e1 je Sdru\u017een\u00ed Bezcitn\u00fdch, Cynick\u00fdch a Zl\u00fdch Individu\u00ed. &#8222;N\u011bkoho napadlo, \u017ee ty str\u00e1nky budou sv\u00e1d\u011bt na m\u011b. A znechucen\u00ed lid\u00e9 mi budou ps\u00e1t na m\u016fj profil, ba i trestn\u00ed ozn\u00e1men\u00ed na m\u011b n\u011bkdo podal. Tak jsem musel jet na policii, abych vysv\u011btlil, \u017ee to j\u00e1 nevytv\u00e1\u0159\u00edm ty str\u00e1nky,&#8220; st\u011b\u017euje si Sof\u00edn.<\/p>\n<p>Pro\u010d to troll d\u011bl\u00e1, pro\u010d na Facebooku trolluje? Kde se bere tolik zla, kde se bere pot\u0159eba ur\u00e1\u017eet ciz\u00ed lidi? Ale troll nen\u00ed state\u010dn\u00fd, ani kdy\u017e je schovan\u00fd za svou kl\u00e1vesnic\u00ed. Troll l\u017ee, ml\u017e\u00ed.<\/p>\n<p>U Ale\u0161e Sof\u00edna je mo\u017en\u00e1 d\u016fvod jeho trollstv\u00ed pochopiteln\u00fd. Je na\u0161tvan\u00fd na sv\u016fj handicap. U ostatn\u00edch troll\u016f lze p\u0159edpokl\u00e1dat, \u017ee budou handicapovan\u00ed minim\u00e1ln\u011b osobnostn\u011b.<\/p>\n<p>V hant\u00fdrce u\u017eivatel\u016f internetu je slovem troll ozna\u010dov\u00e1n \u010dlov\u011bk, jen\u017e pro z\u00e1bavu provokuje, ur\u00e1\u017e\u00ed a neguje v diskus\u00edch. Z\u00e1rove\u0148 se term\u00ednem &#8222;trollov\u00e1n\u00ed&#8220; ozna\u010duje \u010dinnost toho, kdo na s\u00edti vytv\u00e1\u0159\u00ed f\u00e1my a \u0161\u00ed\u0159\u00ed l\u017ei.<\/p>\n<p><em>\u00a0ilustra\u010dn\u00ed foto: stockvault.net<\/em><\/p>\n","protected":false},"excerpt":{"rendered":"<div class=\"mh-excerpt\"><p>Invalidn\u00ed d\u016fchodce na facebooku bezd\u016fvodn\u011b napadl herce Miroslava Donutila. Vyrobil str\u00e1nku R. I. P. MIROSLAV DONUTIL, kter\u00e1 fale\u0161n\u011b informovala o jeho tragick\u00e9 smrti.<\/p>\n<\/div>","protected":false},"author":1,"featured_media":14137,"comment_status":"open","ping_status":"closed","sticky":false,"template":"","format":"standard","meta":{"footnotes":""},"categories":[7],"tags":[],"class_list":["post-15078","post","type-post","status-publish","format-standard","has-post-thumbnail","hentry","category-spolecnost"],"_links":{"self":[{"href":"https:\/\/www.invarena.cz\/index.php?rest_route=\/wp\/v2\/posts\/15078","targetHints":{"allow":["GET"]}}],"collection":[{"href":"https:\/\/www.invarena.cz\/index.php?rest_route=\/wp\/v2\/posts"}],"about":[{"href":"https:\/\/www.invarena.cz\/index.php?rest_route=\/wp\/v2\/types\/post"}],"author":[{"embeddable":true,"href":"https:\/\/www.invarena.cz\/index.php?rest_route=\/wp\/v2\/users\/1"}],"replies":[{"embeddable":true,"href":"https:\/\/www.invarena.cz\/index.php?rest_route=%2Fwp%2Fv2%2Fcomments&post=15078"}],"version-history":[{"count":0,"href":"https:\/\/www.invarena.cz\/index.php?rest_route=\/wp\/v2\/posts\/15078\/revisions"}],"wp:featuredmedia":[{"embeddable":true,"href":"https:\/\/www.invarena.cz\/index.php?rest_route=\/wp\/v2\/media\/14137"}],"wp:attachment":[{"href":"https:\/\/www.invarena.cz\/index.php?rest_route=%2Fwp%2Fv2%2Fmedia&parent=15078"}],"wp:term":[{"taxonomy":"category","embeddable":true,"href":"https:\/\/www.invarena.cz\/index.php?rest_route=%2Fwp%2Fv2%2Fcategories&post=15078"},{"taxonomy":"post_tag","embeddable":true,"href":"https:\/\/www.invarena.cz\/index.php?rest_route=%2Fwp%2Fv2%2Ftags&post=15078"}],"curies":[{"name":"wp","href":"https:\/\/api.w.org\/{rel}","templated":true}]}}