{"id":15100,"date":"2014-03-11T09:39:04","date_gmt":"2014-03-11T08:39:04","guid":{"rendered":"http:\/\/www.invarena.cz\/?p=15100"},"modified":"2014-03-11T10:03:00","modified_gmt":"2014-03-11T09:03:00","slug":"za-ochrnuti-dcery-zada-rodina-po-liberecke-nemocnici-miliony","status":"publish","type":"post","link":"https:\/\/www.invarena.cz\/?p=15100","title":{"rendered":"Za ochrnut\u00ed dcery \u017e\u00e1d\u00e1 rodina po libereck\u00e9 nemocnici miliony"},"content":{"rendered":"<p><strong>O 10,9 milionu korun \u017ealuje Krajskou nemocnici Liberec rodina, jej\u00ed\u017e dcerka z\u016fstala po l\u00e9\u010db\u011b z\u00e1n\u011btu hrtanu zcela ochrnut\u00e1. Rodi\u010de nemocnici vin\u00ed ze zanedb\u00e1n\u00ed p\u00e9\u010de o jejich p\u011btiletou dceru, nejv\u011bt\u0161\u00ed zdravotnick\u00e9 za\u0159\u00edzen\u00ed v kraji v\u0161ak vinu odm\u00edt\u00e1<\/strong> \/ilustra\u010dn\u00ed foto\/<strong>.<!--more--><\/strong><\/p>\n<p>&nbsp;<\/p>\n<p>&#8222;P\u00e9\u010de byla odborn\u011b v po\u0159\u00e1dku. Nemocnice se ni\u010deho nedopustila,&#8220; uvedla pr\u00e1vn\u00ed z\u00e1stupkyn\u011b libereck\u00e9 nemocnice Lucie \u0160irok\u00e1.<\/p>\n<p>Rodi\u010de jsou v\u0161ak p\u0159esv\u011bd\u010deni o tom, \u017ee nemocnice selhala. L\u00e9ka\u0159i \u00fadajn\u011b nev\u011bd\u011bli, \u017ee organismus dcery bojoval s bakteri\u00ed stafylokoka.<\/p>\n<p>Srdce se d\u00edvce zastavilo v noci na 4. \u00fanora 2009. Kv\u016fli opo\u017ed\u011bn\u00e9mu o\u017eiven\u00ed a tomu, \u017ee nemocnice infekci v\u010das nezjistila, m\u00e1 dnes desetilet\u00e1 d\u00edvka po\u0161kozen\u00fd mozek a je zcela ochrnut\u00e1. Sama nedok\u00e1\u017ee j\u00edst a vy\u017eaduje neust\u00e1lou p\u00e9\u010di.<\/p>\n","protected":false},"excerpt":{"rendered":"<div class=\"mh-excerpt\"><p>O 10,9 milionu korun \u017ealuje Krajskou nemocnici Liberec rodina, jej\u00ed\u017e dcerka z\u016fstala po l\u00e9\u010db\u011b z\u00e1n\u011btu hrtanu zcela ochrnut\u00e1. Rodi\u010de nemocnici vin\u00ed ze zanedb\u00e1n\u00ed p\u00e9\u010de o <a class=\"mh-excerpt-more\" href=\"https:\/\/www.invarena.cz\/?p=15100\" title=\"Za ochrnut\u00ed dcery \u017e\u00e1d\u00e1 rodina po libereck\u00e9 nemocnici miliony\">[&#8230;]<\/a><\/p>\n<\/div>","protected":false},"author":1,"featured_media":15101,"comment_status":"open","ping_status":"closed","sticky":false,"template":"","format":"standard","meta":{"footnotes":""},"categories":[11],"tags":[],"class_list":["post-15100","post","type-post","status-publish","format-standard","has-post-thumbnail","hentry","category-zdravi"],"_links":{"self":[{"href":"https:\/\/www.invarena.cz\/index.php?rest_route=\/wp\/v2\/posts\/15100","targetHints":{"allow":["GET"]}}],"collection":[{"href":"https:\/\/www.invarena.cz\/index.php?rest_route=\/wp\/v2\/posts"}],"about":[{"href":"https:\/\/www.invarena.cz\/index.php?rest_route=\/wp\/v2\/types\/post"}],"author":[{"embeddable":true,"href":"https:\/\/www.invarena.cz\/index.php?rest_route=\/wp\/v2\/users\/1"}],"replies":[{"embeddable":true,"href":"https:\/\/www.invarena.cz\/index.php?rest_route=%2Fwp%2Fv2%2Fcomments&post=15100"}],"version-history":[{"count":0,"href":"https:\/\/www.invarena.cz\/index.php?rest_route=\/wp\/v2\/posts\/15100\/revisions"}],"wp:featuredmedia":[{"embeddable":true,"href":"https:\/\/www.invarena.cz\/index.php?rest_route=\/wp\/v2\/media\/15101"}],"wp:attachment":[{"href":"https:\/\/www.invarena.cz\/index.php?rest_route=%2Fwp%2Fv2%2Fmedia&parent=15100"}],"wp:term":[{"taxonomy":"category","embeddable":true,"href":"https:\/\/www.invarena.cz\/index.php?rest_route=%2Fwp%2Fv2%2Fcategories&post=15100"},{"taxonomy":"post_tag","embeddable":true,"href":"https:\/\/www.invarena.cz\/index.php?rest_route=%2Fwp%2Fv2%2Ftags&post=15100"}],"curies":[{"name":"wp","href":"https:\/\/api.w.org\/{rel}","templated":true}]}}