{"id":15122,"date":"2014-03-13T10:52:42","date_gmt":"2014-03-13T09:52:42","guid":{"rendered":"http:\/\/www.invarena.cz\/?p=15122"},"modified":"2014-03-13T11:03:07","modified_gmt":"2014-03-13T10:03:07","slug":"muze-clovek-s-leukemii-ziskat-prispevek-na-auto","status":"publish","type":"post","link":"https:\/\/www.invarena.cz\/?p=15122","title":{"rendered":"M\u016f\u017ee \u010dlov\u011bk s leuk\u00e9mi\u00ed z\u00edskat p\u0159\u00edsp\u011bvek na auto?"},"content":{"rendered":"<p><strong>Chci se zeptat, jestli mohu \u017e\u00e1dat o p\u0159\u00edsp\u011bvek na auto, kdy\u017e m\u00e1 syn leuk\u00e9mii a jezd\u00edme ka\u017ed\u00fd t\u00fdden k l\u00e9ka\u0159i. Odpov\u011b\u010f se do\u010dtete v \u010dl\u00e1nku&#8230;<\/strong><br \/>\n<!--more--><br \/>\nBohu\u017eel neuv\u00e1d\u00edte jak\u00fdm typem leuk\u00e9mie V\u00e1\u0161 syn trp\u00ed a zda m\u00e1 p\u0159\u00edpadn\u011b je\u0161t\u011b n\u011bjak\u00e9 jin\u00e9 zdravotn\u00ed pot\u00ed\u017ee. Pokud se v\u0161ak jedn\u00e1 o leuk\u00e9mii, kterou se da\u0159\u00ed \u00fasp\u011b\u0161n\u011b l\u00e9\u010dit, nebude m\u00edt V\u00e1\u0161 syn na p\u0159\u00edsp\u011bvek na motorov\u00e9 vozidlo n\u00e1rok. Proto\u017ee:<\/p>\n<p>N\u00e1rok na p\u0159\u00edsp\u011bvek na zvl\u00e1\u0161tn\u00ed pom\u016fcku poskytovan\u00fd na po\u0159\u00edzen\u00ed motorov\u00e9ho vozidla m\u00e1 osoba, kter\u00e1 m\u00e1 t\u011b\u017ekou vadu nosn\u00e9ho nebo pohybov\u00e9ho \u00fastroj\u00ed anebo t\u011b\u017ekou nebo hlubokou ment\u00e1ln\u00ed retardaci charakteru dlouhodob\u011b nep\u0159\u00edzniv\u00e9ho zdravotn\u00edho stavu, a jej\u00ed zdravotn\u00ed stav nevylu\u010duje p\u0159izn\u00e1n\u00ed tohoto p\u0159\u00edsp\u011bvku.<\/p>\n<p>Pokud v\u0161ak V\u00e1\u0161 syn podle V\u00e1s je ve zdravotn\u00edm stavu, kter\u00fd spl\u0148uje citovanou z\u00e1konnou podm\u00ednku, m\u016f\u017eete si zkusit o auto za\u017e\u00e1dat na sv\u00e9m \u00da\u0159ad\u011b pr\u00e1ce.<\/p>\n<p>V p\u0159\u00edpad\u011b t\u011b\u017ek\u00e9 formy leuk\u00e9mie se z\u00e1va\u017en\u00fdm pr\u016fb\u011bhem, kdy je organismus celkov\u011b oslaben\u00fd a vykazuje zna\u010dnou \u00fanavu, lze doporu\u010dit konzultaci s p\u0159\u00edslu\u0161n\u00fdm posudkov\u00fdm l\u00e9ka\u0159em, zda by takov\u00fd stav posoudil v souladu se z\u00e1konnou podm\u00ednkou. Nicm\u00e9n\u011b komise bude zva\u017eovat i dal\u0161\u00ed okolnosti nap\u0159\u00edklad p\u0159edpokl\u00e1danou d\u00e9lku trv\u00e1n\u00ed takov\u00e9ho stavu, nen\u00ed-li nap\u0159. v dohledn\u00e9 dob\u011b pl\u00e1nov\u00e1na l\u00e9\u010dba, je\u017e by mohla p\u0159isp\u011bt k v\u00fdrazn\u00e9mu zlep\u0161en\u00ed stavu atd.<\/p>\n<p>Ji\u0159\u00ed Marek<br \/>\ninvArena<\/p>\n","protected":false},"excerpt":{"rendered":"<div class=\"mh-excerpt\"><p>Chci se zeptat, jestli mohu \u017e\u00e1dat o p\u0159\u00edsp\u011bvek na auto, kdy\u017e m\u00e1 syn leuk\u00e9mii a jezd\u00edme ka\u017ed\u00fd t\u00fdden k l\u00e9ka\u0159i. Odpov\u011b\u010f se do\u010dtete v \u010dl\u00e1nku&#8230;<\/p>\n<\/div>","protected":false},"author":3,"featured_media":878,"comment_status":"open","ping_status":"closed","sticky":false,"template":"","format":"standard","meta":{"footnotes":""},"categories":[18],"tags":[],"class_list":["post-15122","post","type-post","status-publish","format-standard","has-post-thumbnail","hentry","category-poradna"],"_links":{"self":[{"href":"https:\/\/www.invarena.cz\/index.php?rest_route=\/wp\/v2\/posts\/15122","targetHints":{"allow":["GET"]}}],"collection":[{"href":"https:\/\/www.invarena.cz\/index.php?rest_route=\/wp\/v2\/posts"}],"about":[{"href":"https:\/\/www.invarena.cz\/index.php?rest_route=\/wp\/v2\/types\/post"}],"author":[{"embeddable":true,"href":"https:\/\/www.invarena.cz\/index.php?rest_route=\/wp\/v2\/users\/3"}],"replies":[{"embeddable":true,"href":"https:\/\/www.invarena.cz\/index.php?rest_route=%2Fwp%2Fv2%2Fcomments&post=15122"}],"version-history":[{"count":0,"href":"https:\/\/www.invarena.cz\/index.php?rest_route=\/wp\/v2\/posts\/15122\/revisions"}],"wp:featuredmedia":[{"embeddable":true,"href":"https:\/\/www.invarena.cz\/index.php?rest_route=\/wp\/v2\/media\/878"}],"wp:attachment":[{"href":"https:\/\/www.invarena.cz\/index.php?rest_route=%2Fwp%2Fv2%2Fmedia&parent=15122"}],"wp:term":[{"taxonomy":"category","embeddable":true,"href":"https:\/\/www.invarena.cz\/index.php?rest_route=%2Fwp%2Fv2%2Fcategories&post=15122"},{"taxonomy":"post_tag","embeddable":true,"href":"https:\/\/www.invarena.cz\/index.php?rest_route=%2Fwp%2Fv2%2Ftags&post=15122"}],"curies":[{"name":"wp","href":"https:\/\/api.w.org\/{rel}","templated":true}]}}