{"id":15138,"date":"2014-03-13T16:48:55","date_gmt":"2014-03-13T15:48:55","guid":{"rendered":"http:\/\/www.invarena.cz\/?p=15138"},"modified":"2014-03-13T16:52:22","modified_gmt":"2014-03-13T15:52:22","slug":"recman-penize-na-socialni-sluzby-mame-z-eu-i-ze-svycarska","status":"publish","type":"post","link":"https:\/\/www.invarena.cz\/?p=15138","title":{"rendered":"Recman: Pen\u00edze na soci\u00e1ln\u00ed slu\u017eby m\u00e1me z EU i ze \u0160v\u00fdcarska"},"content":{"rendered":"<p><strong>Rozhovor s n\u00e1m\u011bstkem hejtmana Moravskoslezsk\u00e9ho kraje Svatom\u00edrem Recmanem (KS\u010cM) o soci\u00e1ln\u00edch slu\u017eb\u00e1ch v Moravskoslezsk\u00e9m kraji. Jak\u00e1 za\u0159\u00edzen\u00ed se letos otev\u0159ou&#8230; <!--more--><\/strong><\/p>\n<p>&nbsp;<\/p>\n<p><strong>&#8211; Otev\u0159ete je\u0161t\u011b tento rok n\u011bjak\u00e1 dal\u0161\u00ed krajsk\u00e1 za\u0159\u00edzen\u00ed ?<\/strong><\/p>\n<p>Ano, v pr\u016fb\u011bhu roku 2014 otev\u0159eme chr\u00e1n\u011bn\u00e9 bydlen\u00ed v Ostrav\u011b a Bohum\u00edn\u011b a tak\u00e9 domov pro osoby se zdravotn\u00edm posti\u017een\u00edm v Pet\u0159vald\u011b.<br \/>\nCelkov\u011b se od zah\u00e1jen\u00ed procesu transformace a humanizace krajsk\u00fdch soci\u00e1ln\u00edch za\u0159\u00edzen\u00ed v na\u0161em kraji na rekonstrukce a v\u00fdstavbu objekt\u016f proinvestovala jedna miliarda korun.<\/p>\n<p><strong>&#8211; Z jak\u00fdch zdroj\u016f tyto nov\u00e9 komfortn\u00ed objekty stav\u00edte \u010di rekonstruujete?<\/strong><\/p>\n<p>Kl\u00ed\u010dov\u00fdmi zdroji jsou prost\u0159edky z evropsk\u00fdch fond\u016f zejm\u00e9na pro investice, ale tak\u00e9 pro oblast tzv. m\u011bkk\u00fdch projekt\u016f sm\u011brovan\u00fdch nejen do oblasti vzd\u011bl\u00e1v\u00e1n\u00ed zam\u011bstnanc\u016f v soci\u00e1ln\u00edch slu\u017eb\u00e1ch, ale t\u0159eba i do slu\u017eeb soci\u00e1ln\u00ed prevence lidem soci\u00e1ln\u011b vylou\u010den\u00fdm, apod. Konkr\u00e9tn\u011b z ROP Moravskoslezsko, Integrovan\u00e9ho opera\u010dn\u00edho programu, z Opera\u010dn\u00edho programu Lidsk\u00e9 zdroje a zam\u011bstnanost a st\u00e1tn\u00edho rozpo\u010dtu. M\u00e1me tak\u00e9 k dispozici prost\u0159edky ve v\u00fd\u0161i 50 mil. K\u010d z Programu \u0161v\u00fdcarsko-\u010desk\u00e9 spolupr\u00e1ce a samoz\u0159ejm\u011b z rozpo\u010dtu MSK.<\/p>\n<p><strong>&#8211; Jak\u00fd je ohlas ob\u010dan\u016f kraje na tato nov\u00e1 za\u0159\u00edzen\u00ed?<\/strong><\/p>\n<p>Ohlas je pochopiteln\u011b pozitivn\u00ed. Lid\u00e9 oce\u0148uj\u00ed, \u017ee nov\u011b budovan\u00e9 a rekonstruovan\u00e9 slu\u017eby nejsou uzav\u0159en\u00e9 a \u017ee lid\u00e9 s posti\u017een\u00edm mohou \u017e\u00edt v domech \u010di bytech, kter\u00e9 se sv\u00fdm vybaven\u00edm neli\u0161\u00ed od vybaven\u00ed jejich dom\u00e1cnost\u00ed. V\u00fdrazn\u011b se jim zkvalitnil standard bydlen\u00ed a poskytovan\u00e9 slu\u017eby.<\/p>\n<p>Najde se p\u00e1r jednotlivc\u016f, kte\u0159\u00ed nejsou naklon\u011bni tomu, aby lid\u00e9 s posti\u017een\u00edm \u017eili b\u011b\u017en\u00fd \u017eivot srovnateln\u00fd s \u017eivotem lid\u00ed v\u011bt\u0161inov\u00e9 komunity. Jsou p\u0159esv\u011bd\u010deni, \u017ee t\u011bmto lidem je nejl\u00e9pe ve velk\u00fdch \u00fastavn\u00edch za\u0159\u00edzen\u00edch, kde maj\u00ed zaji\u0161t\u011bnu \u00bbkomplexn\u00ed\u00ab p\u00e9\u010di. V \u0159ad\u011b p\u0159\u00edpad\u016f je to z d\u016fvod\u016f nedostatku informac\u00ed. Proto kraj \u010din\u00ed kroky k tomu, aby plynuly objektivn\u00ed informace v\u016f\u010di v\u011bt\u0161inov\u00e9 spole\u010dnosti o lidech s posti\u017een\u00edm, nap\u0159. prost\u0159ednictv\u00edm dne otev\u0159en\u00fdch dve\u0159\u00ed v na\u0161ich za\u0159\u00edzen\u00edch, ve form\u011b putovn\u00edch fotografick\u00fdch v\u00fdstav, prezentace \u017eivota klient\u016f na DVD, tiskov\u00fdch zpr\u00e1v a prezentace na\u0161ich krok\u016f v m\u00e9di\u00edch. Tady bych r\u00e1d pod\u011bkoval Hal\u00f3 novin\u00e1m, kter\u00e9 pravideln\u011b publikuj\u00ed tyto informace na sv\u00fdch str\u00e1nk\u00e1ch.<\/p>\n<p>Nejen laickou, ale i odbornou ve\u0159ejnost\u00ed je MSK za proces transformace a humanizace oce\u0148ov\u00e1n, co\u017e se odrazilo v ud\u011blen\u00ed n\u011bkolika cen, ale z\u00e1rove\u0148 i v tom, \u017ee tito odborn\u00edci s n\u00e1mi \u00fazce spolupracuj\u00ed a v r\u00e1mci \u010cR o na\u0161em kraji mluv\u00ed jako o p\u0159\u00edkladu dobr\u00e9 praxe hodn\u00e9 n\u00e1sledov\u00e1n\u00ed i v dal\u0161\u00edch regionech.<\/p>\n<p><strong>&#8211; C\u00edrkevn\u00edm organizac\u00edm, p\u0159edev\u0161\u00edm katolick\u00e9 c\u00edrkvi, bude v p\u0159\u00ed\u0161t\u00edch letech celkem darov\u00e1no 59 mld. korun ze st\u00e1tn\u00edho rozpo\u010dtu. C\u00edrkev se du\u0161uje, \u017ee za n\u011b bude provozovat soci\u00e1ln\u00ed \u010di \u0161kolsk\u00e1 za\u0159\u00edzen\u00ed. Ale ji\u017e nyn\u00ed ve\u0159ejn\u00e9 rozpo\u010dty financuj\u00ed provoz t\u011bchto c\u00edrkevn\u00edch za\u0159\u00edzen\u00ed. Jak je to ve va\u0161em kraji?<\/strong><\/p>\n<p>Kompetentn\u011b se mohu vyj\u00e1d\u0159it k ot\u00e1zce financov\u00e1n\u00ed soci\u00e1ln\u00edch slu\u017eeb. Je pot\u0159eba \u0159\u00edci d\u016fle\u017eitou informaci, a to &#8211; financov\u00e1n\u00ed soci\u00e1ln\u00edch slu\u017eeb je zalo\u017eeno na v\u00edce zdroj\u00edch. Rozhoduj\u00edc\u00edmi jsou prost\u0159edky ze st\u00e1tn\u00edho rozpo\u010dtu, zejm\u00e9na p\u0159\u00edsp\u011bvek na p\u00e9\u010di a dotace na provoz slu\u017eeb a za\u0159\u00edzen\u00ed z rozpo\u010dtu ministerstva pr\u00e1ce a soci\u00e1ln\u00edch v\u011bc\u00ed, d\u00e1le \u00fahrady od u\u017eivatel\u016f slu\u017eeb, dotace z rozpo\u010dtu obc\u00ed a z rozpo\u010dtu kraje. Dal\u0161\u00edmi zdroji jsou pak prost\u0159edky z Evropsk\u00e9ho soci\u00e1ln\u00edho fondu a \u00fahrady od zdravotn\u00edch poji\u0161\u0165oven.<\/p>\n<p>P\u0159i posuzov\u00e1n\u00ed \u017e\u00e1dost\u00ed o dotaci ze st\u00e1tn\u00edho rozpo\u010dtu je v MSK p\u0159ihl\u00ed\u017eeno k souladu poskytov\u00e1n\u00ed soci\u00e1ln\u00ed slu\u017eby s principy a prioritami uveden\u00fdmi ve St\u0159edn\u011bdob\u00e9m pl\u00e1nu rozvoje soci\u00e1ln\u00edch<br \/>\nslu\u017eeb v MSK. Kl\u00ed\u010dov\u011b jde o tyto dva principy. Prvn\u00edm je, \u017ee pot\u0159ebnost soci\u00e1ln\u00ed slu\u017eby je deklarov\u00e1na ze strany obce, nejl\u00e9pe prost\u0159ednictv\u00edm obecn\u00edho st\u0159edn\u011bdob\u00e9ho pl\u00e1nu, p\u0159\u00edpadn\u011b ze strany kraje. Druh\u00fdm &#8211; obec deklaruje finan\u010dn\u00ed spolu\u00fa\u010dast na provozn\u00edm zaji\u0161t\u011bn\u00ed soci\u00e1ln\u00ed slu\u017eby.<\/p>\n<p>Tento soulad je posuzov\u00e1n jak u nest\u00e1tn\u00edch neziskov\u00fdch organizac\u00ed (v\u010detn\u011b c\u00edrkevn\u00edch organizac\u00ed), tak u organizac\u00ed z\u0159\u00edzen\u00fdch obc\u00ed a krajem. Pro rok 2014 bylo alokov\u00e1no pro n\u00e1\u0161 kraj p\u0159es 800 milion\u016f K\u010d ze st\u00e1tn\u00edho rozpo\u010dtu, kdy tyto finan\u010dn\u00ed prost\u0159edky byly rozd\u011bleny tak, \u017ee cca t\u0159etina bude poskytnuta nest\u00e1tn\u00edm neziskov\u00fdm organizac\u00edm, dal\u0161\u00ed t\u0159etina poskytovatel\u016fm z\u0159\u00edzen\u00fdm obcemi a posledn\u00ed t\u0159etina poskytovatel\u016fm z\u0159\u00edzen\u00fdm krajem. Nest\u00e1tn\u00ed organizace nav\u00e1zan\u00e9 na n\u011bkterou z c\u00edrkv\u00ed, nap\u0159. \u0159\u00edmskokatolickou, evangelickou \u010di dal\u0161\u00ed subjekty, tvo\u0159\u00ed z hlediska objemu poskytovan\u00fdch slu\u017eeb v kraji v\u00fdznamn\u00fd pod\u00edl (jde zejm\u00e9na o organizace Diec\u00e9zn\u00ed charita ostravsko-opavsk\u00e1 a oblastn\u00ed charity, Slezsk\u00e1 diakonie, Arm\u00e1da sp\u00e1sy, Diakonie \u010cCE, Konvent sester al\u017eb\u011btinek v Jablunkov\u011b, \u010cesk\u00e1 provincie Kongregace Dcer Bo\u017esk\u00e9 L\u00e1sky), nebo\u0165 v roce 2014 by m\u011bly na provoz slu\u017eeb obdr\u017eet od st\u00e1tu cca 230 milion\u016f K\u010d. To p\u0159edstavuje 29 % dota\u010dn\u00edho titulu pro cel\u00fd kraj. Poskytuj\u00ed soci\u00e1ln\u00ed slu\u017eby po dohod\u011b s p\u0159\u00edslu\u0161nou obc\u00ed a krajem v souladu s na\u0161\u00edm krajsk\u00fdm st\u0159edn\u011bdob\u00fdm pl\u00e1nem. Pokud by tomu tak nebylo, nemohly by \u010derpat ve\u0159ejn\u00e9 finance, nap\u0159. ze st\u00e1tn\u00edho rozpo\u010dtu \u010di dotace z rozpo\u010dtu kraje.<\/p>\n<p>Upozor\u0148uji, \u017ee jsou to st\u00e1tn\u00ed pen\u00edze za podm\u00ednek stanoven\u00fdch ministerstvem pr\u00e1ce a soci\u00e1ln\u00edch v\u011bc\u00ed a jejich v\u00fd\u0161e je stanovena ve st\u00e1tn\u00edm rozpo\u010dtu a schv\u00e1len\u00e1 Poslaneckou sn\u011bmovnou.<br \/>\nOt\u00e1zkou z\u016fst\u00e1v\u00e1, zda zm\u00edn\u011bn\u00fdch 59 mld. postupn\u011b p\u0159eveden\u00fdch na \u00fa\u010det jednotliv\u00fdch c\u00edrkv\u00ed v budoucnu skute\u010dn\u011b jejich p\u0159edstavitel\u00e9 vyu\u017eij\u00ed na zabezpe\u010den\u00ed provozu \u0161kolsk\u00fdch \u010di soci\u00e1ln\u00edch za\u0159\u00edzen\u00ed, jak n\u00e1s p\u0159esv\u011bd\u010dovali p\u0159i schvalov\u00e1n\u00ed z\u00e1kona. S nads\u00e1zkou lze \u0159\u00edci, \u017ee to dnes v\u00ed snad jen B\u016fh. Za takov\u00e9to vyu\u017eit\u00ed bych se u n\u011bho i p\u0159imlouval&#8230;<\/p>\n<p><strong>&#8211; Zm\u011bn\u00ed se n\u011bco, \u010di se ji\u017e n\u011bco zm\u011bnilo, ve financov\u00e1n\u00ed t\u011bchto c\u00edrkevn\u00edch za\u0159\u00edzen\u00ed s n\u00e1stupem prvn\u00ed platby st\u00e1tu c\u00edrkv\u00edm (za rok 2013)?<\/strong><\/p>\n<p>S n\u00e1stupem prvn\u00ed platby st\u00e1tu c\u00edrkv\u00edm v syst\u00e9mu financov\u00e1n\u00ed za\u0159\u00edzen\u00ed poskytuj\u00edc\u00edch soci\u00e1ln\u00ed slu\u017eby nedo\u0161lo v roce 2013 ke zm\u011bn\u011b a ani pro leto\u0161n\u00ed rok nejsou zm\u011bny pl\u00e1nov\u00e1ny. St\u00e1t ze z\u00e1kona je zodpov\u011bdn\u00fd za financov\u00e1n\u00ed soci\u00e1ln\u00edch slu\u017eeb, i kdy\u017e z\u0159izovatelsk\u00e1 pr\u00e1va mohou m\u00edt obce, kraje \u010di nest\u00e1tn\u00ed neziskov\u00e9 organizace.<\/p>\n<p><strong>&#8211; Jak\u00e1 je strategie kraje pro zabezpe\u010den\u00ed soci\u00e1ln\u00edch pot\u0159eb do konce volebn\u00edho obdob\u00ed? Jin\u00fdmi slovy: Pokud c\u00edrkve z\u0159\u00edd\u00ed nap\u0159. nov\u00e9 l\u00e9\u010debny dlouhodob\u011b nemocn\u00fdch, tak to bude znamenat, \u017ee na jejich provoz nad\u00e1le bude p\u0159isp\u00edvat ve\u0159ejn\u00fd zdroj?<\/strong><\/p>\n<p>N\u00e1\u0161 kraj svou vizi v uveden\u00fdch oblastech definoval v programov\u00e9m prohl\u00e1\u0161en\u00ed rady kraje schv\u00e1len\u00e9m koali\u010dn\u00edmi partnery KS\u010cM a \u010cSSD. Od roku 2008 je strategie rozvoje soci\u00e1ln\u00edch slu\u017eeb sou\u010d\u00e1st\u00ed zpracovan\u00e9ho krajsk\u00e9ho St\u0159edn\u011bdob\u00e9ho pl\u00e1nu rozvoje soci\u00e1ln\u00edch slu\u017eeb. Od po\u010d\u00e1tku tak kraj \u010din\u00ed za \u00fazk\u00e9 spolupr\u00e1ce s obcemi, kdy jak\u00fdkoli rozvoj nov\u00fdch slu\u017eeb je posuzov\u00e1n z hlediska deklarovan\u00e9 pot\u0159ebnosti ze strany obce. Obec se rovn\u011b\u017e zavazuje pod\u00edlet se na finan\u010dn\u00edm zaji\u0161t\u011bn\u00ed takov\u00e9to slu\u017eby v rozmez\u00ed 20\u201330 % z opr\u00e1vn\u011bn\u00e9 provozn\u00ed ztr\u00e1ty s ohledem na formu poskytovan\u00e9 slu\u017eby. Do s\u00edt\u011b slu\u017eeb financovan\u00fdch ze st\u00e1tn\u00edho rozpo\u010dtu se tak nedostane slu\u017eba, za n\u00ed\u017e nestoj\u00ed obec jako zadavatel s jasnou deklarac\u00ed pot\u0159ebnosti i z\u00e1vazkem finan\u010dn\u00ed spolu\u00fa\u010dasti.<\/p>\n<p>V kontextu zm\u00edn\u011bn\u00e9ho St\u0159edn\u011bdob\u00e9ho pl\u00e1nu a dal\u0161\u00edch strategick\u00fdch krajsk\u00fdch dokument\u016f v soci\u00e1ln\u00ed oblasti MSK vyhla\u0161uje ka\u017edoro\u010dn\u011b dota\u010dn\u00ed programy, prost\u0159ednictv\u00edm kter\u00fdch realizuje specifick\u00e9 krajsk\u00e9 c\u00edle a priority deklarovan\u00e9 v jednotliv\u00fdch strategick\u00fdch dokumentech. Na rok 2014 v soci\u00e1ln\u00ed oblasti kraj vyhl\u00e1sil p\u011bt dota\u010dn\u00edch program\u016f &#8211; program rozvoje soci\u00e1ln\u00edch slu\u017eeb, program zv\u00fd\u0161en\u00ed kvality soci\u00e1ln\u00edch slu\u017eeb, program zam\u011b\u0159en\u00fd na realizaci specifick\u00fdch aktivit Moravskoslezsk\u00e9ho krajsk\u00e9ho pl\u00e1nu vyrovn\u00e1v\u00e1n\u00ed p\u0159\u00edle\u017eitost\u00ed pro ob\u010dany se zdravotn\u00edm posti\u017een\u00edm, program na podporu komunitn\u00ed pr\u00e1ce a na zm\u00edr\u0148ov\u00e1n\u00ed n\u00e1sledk\u016f soci\u00e1ln\u00edho vylou\u010den\u00ed v soci\u00e1ln\u011b vylou\u010den\u00fdch lokalit\u00e1ch kraje, program na podporu neinvesti\u010dn\u00edch aktivit z oblasti prevence kriminality.<\/p>\n<p>Prost\u0159ednictv\u00edm vyjmenovan\u00fdch dota\u010dn\u00edch program\u016f kraj podporuje nest\u00e1tn\u00ed neziskov\u00e9 organizace (v\u010detn\u011b c\u00edrkevn\u00edch organizac\u00ed) a tak\u00e9 organizace z\u0159\u00edzen\u00e9 obcemi. Celkem v roce 2014 kraj ze sv\u00e9ho rozpo\u010dtu podpo\u0159il 68 projekt\u016f za 5,2 milionu korun. Na rozd\u00edl od zm\u00edn\u011bn\u00fdch stamilionov\u00fdch dotac\u00ed ze st\u00e1tn\u00edho rozpo\u010dtu je rozd\u011blen\u00ed krajsk\u00fdch dotac\u00ed pro vybran\u00e9 soci\u00e1ln\u00ed slu\u017eby nebo poskytovatele, v\u010detn\u011b c\u00edrkevn\u00edch organizac\u00ed, pln\u011b v kompetenci krajsk\u00e9 samospr\u00e1vy.<\/p>\n<p>Tak\u017ee na va\u0161i ot\u00e1zku mohu \u0159\u00edci: Ano, budou-li z\u0159\u00edzeny nov\u00e9 subjekty, z\u0159izovan\u00e9 i c\u00edrkvemi v souladu s dosud platn\u00fdm z\u00e1konem (tj. musej\u00ed b\u00fdt tyto zaps\u00e1ny v celost\u00e1tn\u00edm registru poskytovatel\u016f soci\u00e1ln\u00edch slu\u017eeb), pak se mohou uch\u00e1zet i o ve\u0159ejn\u00e9 rozpo\u010dtov\u00e9 zdroje, z nich\u017e mohou, ale tak\u00e9 nemusej\u00ed, b\u00fdt financov\u00e1ny. P\u0159irovnal bych situaci k z\u00edsk\u00e1n\u00ed \u0159idi\u010dsk\u00e9ho pr\u016fkazu. St\u00e1t za p\u0159esn\u011b stanoven\u00fdch podm\u00ednek v\u00e1m umo\u017en\u00ed ho z\u00edskat, ale auto si mus\u00edte opat\u0159it sami, abyste ho mohli aktivn\u011b vyu\u017e\u00edvat.<\/p>\n<p><strong>&#8211; Mnohokr\u00e1t jste se v posledn\u00ed dob\u011b mohl v Hal\u00f3 novin\u00e1ch pochlubit nov\u00fdmi soci\u00e1ln\u00edmi za\u0159\u00edzen\u00edmi ve va\u0161em kraji. M\u016f\u017eete je ve zkratce zrekapitulovat?\u00a0<\/strong><\/p>\n<p>Dovol\u00edm si ud\u011blat malou rekapitulaci za posledn\u00edch dvan\u00e1ct m\u011bs\u00edc\u016f. Konkr\u00e9tn\u011b se jednalo o dvan\u00e1ct investi\u010dn\u00edch akc\u00ed, nap\u0159. chr\u00e1n\u011bn\u00e9 bydlen\u00ed Kop\u0159ivnice zlep\u0161ilo \u017eivot deseti klient\u016fm, ve Velk\u00fdch Ho\u0161tic\u00edch dvan\u00e1cti zdravotn\u011b posti\u017een\u00fdm, v domov\u011b Hortenzie ve Fren\u0161t\u00e1t\u011b pod Radho\u0161t\u011bm 87 senior\u016fm, chr\u00e1n\u011bn\u00e9 bydlen\u00ed v Opav\u011b na ul. \u010cajkovsk\u00e9ho patn\u00e1cti zdravotn\u011b posti\u017een\u00fdm, v Moravici dvan\u00e1cti u\u017eivatel\u016fm s handicapem, chr\u00e1n\u011bn\u00e9 bydlen\u00ed a soci\u00e1ln\u011b terapeutick\u00e9 d\u00edlny ve M\u011bst\u011b Albrechtic\u00edch \u0161estn\u00e1cti klient\u016fm, v Domov\u011b B\u00edl\u00e1 Opava 87 u\u017eivatel\u016fm, v Domov\u011b Duha v Nov\u00e9m Ji\u010d\u00edn\u011b 87 senior\u016fm a v neposledn\u00ed \u0159ad\u011b v domov\u011b pro d\u011bti se zdravotn\u00edm posti\u017een\u00edm S\u00edrius v Opav\u011b 29 u\u017eivatel\u016fm v \u00fanoru leto\u0161n\u00edho roku.<\/p>\n<p>Hal\u00f3 noviny<\/p>\n<p>Monika HO\u0158EN\u00cd<\/p>\n","protected":false},"excerpt":{"rendered":"<div class=\"mh-excerpt\"><p>Rozhovor s n\u00e1m\u011bstkem hejtmana Moravskoslezsk\u00e9ho kraje Svatom\u00edrem Recmanem (KS\u010cM) o soci\u00e1ln\u00edch slu\u017eb\u00e1ch v Moravskoslezsk\u00e9m kraji. Jak\u00e1 za\u0159\u00edzen\u00ed se letos otev\u0159ou&#8230;<\/p>\n<\/div>","protected":false},"author":1,"featured_media":3558,"comment_status":"open","ping_status":"closed","sticky":false,"template":"","format":"standard","meta":{"footnotes":""},"categories":[12],"tags":[],"class_list":["post-15138","post","type-post","status-publish","format-standard","has-post-thumbnail","hentry","category-rozhovory"],"_links":{"self":[{"href":"https:\/\/www.invarena.cz\/index.php?rest_route=\/wp\/v2\/posts\/15138","targetHints":{"allow":["GET"]}}],"collection":[{"href":"https:\/\/www.invarena.cz\/index.php?rest_route=\/wp\/v2\/posts"}],"about":[{"href":"https:\/\/www.invarena.cz\/index.php?rest_route=\/wp\/v2\/types\/post"}],"author":[{"embeddable":true,"href":"https:\/\/www.invarena.cz\/index.php?rest_route=\/wp\/v2\/users\/1"}],"replies":[{"embeddable":true,"href":"https:\/\/www.invarena.cz\/index.php?rest_route=%2Fwp%2Fv2%2Fcomments&post=15138"}],"version-history":[{"count":0,"href":"https:\/\/www.invarena.cz\/index.php?rest_route=\/wp\/v2\/posts\/15138\/revisions"}],"wp:featuredmedia":[{"embeddable":true,"href":"https:\/\/www.invarena.cz\/index.php?rest_route=\/wp\/v2\/media\/3558"}],"wp:attachment":[{"href":"https:\/\/www.invarena.cz\/index.php?rest_route=%2Fwp%2Fv2%2Fmedia&parent=15138"}],"wp:term":[{"taxonomy":"category","embeddable":true,"href":"https:\/\/www.invarena.cz\/index.php?rest_route=%2Fwp%2Fv2%2Fcategories&post=15138"},{"taxonomy":"post_tag","embeddable":true,"href":"https:\/\/www.invarena.cz\/index.php?rest_route=%2Fwp%2Fv2%2Ftags&post=15138"}],"curies":[{"name":"wp","href":"https:\/\/api.w.org\/{rel}","templated":true}]}}