{"id":15159,"date":"2014-03-14T06:32:02","date_gmt":"2014-03-14T05:32:02","guid":{"rendered":"http:\/\/www.invarena.cz\/?p=15159"},"modified":"2014-03-14T12:33:34","modified_gmt":"2014-03-14T11:33:34","slug":"deti-maji-byt-plne-kojeny-do-pul-roku-po-dvou-letech-vyjimecne","status":"publish","type":"post","link":"https:\/\/www.invarena.cz\/?p=15159","title":{"rendered":"D\u011bti maj\u00ed b\u00fdt pln\u011b kojeny do p\u016fl roku, po dvou letech v\u00fdjime\u010dn\u011b"},"content":{"rendered":"<p><strong>D\u00edt\u011b by m\u011blo b\u00fdt matkou pln\u011b kojeno do p\u016fl roku, pak by se j\u00eddeln\u00ed\u010dek m\u011bl roz\u0161i\u0159ovat a kojen\u00ed by m\u011blo pokra\u010dovat ide\u00e1ln\u011b do jednoho roku. Po druh\u00e9m roce \u017eivota by u\u017e m\u011blo b\u00fdt kojen\u00ed jen v\u00fdjime\u010dn\u00e9. Vypl\u00fdv\u00e1 to z nejnov\u011bj\u0161\u00edch doporu\u010den\u00ed, sd\u011blil odborn\u00edk na zdravou v\u00fd\u017eivu Pavel Such\u00e1nek.<!--more--><\/strong><\/p>\n<p>&#8222;Kojen\u00ed by nem\u011blo p\u0159ekro\u010dit druh\u00fd rok \u017eivota. Mate\u0159sk\u00e9 ml\u00e9ko je relativn\u011b bohat\u00e9 na tuky a v\u00ed se, \u017ee pokud kojen\u00ed p\u0159ekro\u010d\u00ed druh\u00fd rok, m\u016f\u017ee zvy\u0161ovat hladinu cholesterolu a riziko obezity,&#8220; uvedl. Pokud d\u00edt\u011b dost\u00e1v\u00e1 po druh\u00e9m roce b\u011b\u017enou stravu a matka ho nakoj\u00ed jednou za den, toto nebezpe\u010d\u00ed nehroz\u00ed, dodal.<\/p>\n<p>Slo\u017een\u00ed mate\u0159sk\u00e9ho ml\u00e9ka se v pr\u016fb\u011bhu v\u00fdvoje d\u00edt\u011bte pozm\u011b\u0148uje podle jeho pot\u0159eb. O n\u011bco podobn\u00e9ho se sna\u017e\u00ed v\u00fdrobci kojeneck\u00fdch a d\u011btsk\u00fdch ml\u00e9\u010dn\u00fdch v\u00fd\u017eiv. Dev\u011bt z deseti novorozenc\u016f je p\u0159i propu\u0161t\u011bn\u00ed z porodnice kojeno, v p\u016fl roce m\u00e9n\u011b ne\u017e polovina, matky je postupn\u011b p\u0159ev\u00e1d\u011bj\u00ed na ml\u00e9\u010dnou v\u00fd\u017eivu. P\u011bt procent d\u011bt\u00ed nebylo z nejr\u016fzn\u011bj\u0161\u00edch d\u016fvod\u016f kojeno v\u016fbec, pot\u0159ebuj\u00ed n\u00e1hradn\u00ed ml\u00e9\u010dnou v\u00fd\u017eivu u\u017e od narozen\u00ed.<\/p>\n<p>&#8222;V\u00fdrobci d\u011btsk\u00fdch v\u00fd\u017eiv se inspiruj\u00ed v mate\u0159sk\u00e9m ml\u00e9ku. Jsou v\u011bt\u0161\u00ed znalosti o jednotliv\u00fdch jeho slo\u017ek\u00e1ch, ty se p\u0159id\u00e1vaj\u00ed i do t\u011bchto v\u00fd\u017eiv,&#8220; uvedl Such\u00e1nek. Nejnov\u011bj\u0161\u00ed poznatek je o beta-palmit\u00e1tu, co\u017e je slo\u017eka ml\u00e9\u010dn\u00e9ho tuku, kter\u00fd umo\u017e\u0148uje, aby byl v\u00e1pn\u00edk zabudov\u00e1n do kost\u00ed. Je to pro d\u00edt\u011b prevence osteopor\u00f3zy.<\/p>\n<p>Podle Such\u00e1nka z\u00e1sadn\u00ed pr\u00e1ce na toto t\u00e9ma vy\u0161ly p\u0159ed p\u016fl rokem v odborn\u00e9 literatu\u0159e. V\u00fdzkumy potvrdily tak\u00e9 d\u016fle\u017eitost vitam\u00edn\u016f a miner\u00e1ln\u00edch l\u00e1tek jako ochrann\u00fdch slo\u017eek z hlediska antioxida\u010dn\u00edch schopnost\u00ed. D\u016fle\u017eit\u00e9 jsou i tuky z mo\u0159sk\u00fdch ryb &#8211; p\u0159\u00edzniv\u00fd vliv na zdrav\u00ed je zn\u00e1m\u00fd dlouho, nyn\u00ed se zd\u016fraz\u0148uje jejich d\u016fle\u017eitost u\u017e v nejni\u017e\u0161\u00edm v\u011bku.<\/p>\n<p>&#8222;V\u00fdznam maj\u00ed nejen kdy\u017e maminka ot\u011bhotn\u00ed, ale i n\u00e1sledn\u011b p\u0159i kojen\u00ed, a pak i kdy\u017e se p\u0159ech\u00e1z\u00ed na d\u011btskou v\u00fd\u017eivu. Tuky z mo\u0159sk\u00fdch ryb jednozna\u010dn\u011b a\u017e do \u010dtvrt\u00e9ho roku \u017eivota jsou zcela z\u00e1sadn\u00ed pro rozvoj mozku a schopnost u\u010dit se,&#8220; dodal odborn\u00edk.<\/p>\n<p><em>foto Cris Watk sxc.hu<\/em><\/p>\n","protected":false},"excerpt":{"rendered":"<div class=\"mh-excerpt\"><p>D\u00edt\u011b by m\u011blo b\u00fdt matkou pln\u011b kojeno do p\u016fl roku, pak by se j\u00eddeln\u00ed\u010dek m\u011bl roz\u0161i\u0159ovat a kojen\u00ed by m\u011blo pokra\u010dovat ide\u00e1ln\u011b do jednoho roku. <a class=\"mh-excerpt-more\" href=\"https:\/\/www.invarena.cz\/?p=15159\" title=\"D\u011bti maj\u00ed b\u00fdt pln\u011b kojeny do p\u016fl roku, po dvou letech v\u00fdjime\u010dn\u011b\">[&#8230;]<\/a><\/p>\n<\/div>","protected":false},"author":1,"featured_media":14128,"comment_status":"open","ping_status":"closed","sticky":false,"template":"","format":"standard","meta":{"footnotes":""},"categories":[11],"tags":[],"class_list":["post-15159","post","type-post","status-publish","format-standard","has-post-thumbnail","hentry","category-zdravi"],"_links":{"self":[{"href":"https:\/\/www.invarena.cz\/index.php?rest_route=\/wp\/v2\/posts\/15159","targetHints":{"allow":["GET"]}}],"collection":[{"href":"https:\/\/www.invarena.cz\/index.php?rest_route=\/wp\/v2\/posts"}],"about":[{"href":"https:\/\/www.invarena.cz\/index.php?rest_route=\/wp\/v2\/types\/post"}],"author":[{"embeddable":true,"href":"https:\/\/www.invarena.cz\/index.php?rest_route=\/wp\/v2\/users\/1"}],"replies":[{"embeddable":true,"href":"https:\/\/www.invarena.cz\/index.php?rest_route=%2Fwp%2Fv2%2Fcomments&post=15159"}],"version-history":[{"count":0,"href":"https:\/\/www.invarena.cz\/index.php?rest_route=\/wp\/v2\/posts\/15159\/revisions"}],"wp:featuredmedia":[{"embeddable":true,"href":"https:\/\/www.invarena.cz\/index.php?rest_route=\/wp\/v2\/media\/14128"}],"wp:attachment":[{"href":"https:\/\/www.invarena.cz\/index.php?rest_route=%2Fwp%2Fv2%2Fmedia&parent=15159"}],"wp:term":[{"taxonomy":"category","embeddable":true,"href":"https:\/\/www.invarena.cz\/index.php?rest_route=%2Fwp%2Fv2%2Fcategories&post=15159"},{"taxonomy":"post_tag","embeddable":true,"href":"https:\/\/www.invarena.cz\/index.php?rest_route=%2Fwp%2Fv2%2Ftags&post=15159"}],"curies":[{"name":"wp","href":"https:\/\/api.w.org\/{rel}","templated":true}]}}