{"id":15210,"date":"2014-03-18T18:38:18","date_gmt":"2014-03-18T17:38:18","guid":{"rendered":"http:\/\/www.invarena.cz\/?p=15210"},"modified":"2014-10-20T20:02:15","modified_gmt":"2014-10-20T18:02:15","slug":"teplicke-lazne-rozjizdeji-lecbu-deti-po-mozkove-obrne","status":"publish","type":"post","link":"https:\/\/www.invarena.cz\/?p=15210","title":{"rendered":"Teplick\u00e9 l\u00e1zn\u011b rozj\u00ed\u017ed\u011bj\u00ed l\u00e9\u010dbu d\u011bt\u00ed po mozkov\u00e9 obrn\u011b"},"content":{"rendered":"<p><strong>Miminka s mozkovou obrnou se chystaj\u00ed l\u00e9\u010dit v teplick\u00fdch l\u00e1zn\u00edch. Za zaj\u00edmavou metodou, kdy budou d\u011bti navle\u010deny do speci\u00e1ln\u00edho obleku z Ruska, stoj\u00ed prim\u00e1\u0159 Jan Novotn\u00fd.<\/strong><br \/>\n<!--more--><br \/>\nTeplick\u00e9 l\u00e1zn\u011b budou jako jedny z prvn\u00edch v \u010cech\u00e1ch l\u00e9\u010dit u\u017e t\u0159\u00edm\u011bs\u00ed\u010dn\u00ed d\u011bti s rizikovou anamn\u00e9zou a neurologick\u00fdmi poruchami. Mal\u00fdm pacient\u016fm bude p\u0159i l\u00e9\u010db\u011b pom\u00e1hat i speci\u00e1ln\u00ed oblek Regent, kter\u00fd byl vyvinut ve st\u0159edisku pro kosmickou medic\u00ednu v Moskv\u011b. Novou koncepci ve zp\u016fsobu l\u00e9\u010dby m\u00e1 na sv\u011bdom\u00ed ortoped a prim\u00e1\u0159 teplick\u00fdch Nov\u00fdch l\u00e1zn\u00ed Jan Novotn\u00fd se sv\u00fdm t\u00fdmem.<\/p>\n<p>&#8222;M\u00e1m to obrovsk\u00e9 \u0161t\u011bst\u00ed, \u017ee pr\u00e1ce je pro mne kon\u00ed\u010dkem, ka\u017ed\u00fd den se do n\u00ed t\u011b\u0161\u00edm, i kdy\u017e moje pracovn\u00ed doba rozhodn\u011b nekon\u010d\u00ed v 15.30. Na rozhovor bych m\u011bl \u010das v 6.40 cestou do l\u00e1zn\u00ed v automobilu. To m\u00e1m nejv\u00edc klidu,&#8220; \u0159ekl mi p\u0159i prvn\u00edm kontaktu a mn\u011b nezbylo ne\u017e si druh\u00fd den p\u0159ivstat.<\/p>\n<p><strong>&#8211; Jste specialistou na l\u00e9\u010dbu d\u011btsk\u00e9 mozkov\u00e9 obrny. Co je to vlastn\u011b za onemocn\u011bn\u00ed, jak k n\u011bmu doch\u00e1z\u00ed a lze mu n\u011bjak p\u0159edej\u00edt?<\/strong><\/p>\n<p>D\u011btsk\u00e1 mozkov\u00e1 obrna (DMO) vznik\u00e1 na z\u00e1klad\u011b po\u0161kozen\u00ed mozku. Je to nenaka\u017eliv\u00e9, ned\u011bdi\u010dn\u00e9 a nezhor\u0161uj\u00edc\u00ed se onemocn\u011bn\u00ed. K po\u0161kozen\u00ed mozku m\u016f\u017ee doj\u00edt b\u011bhem t\u011bhotenstv\u00ed, po porodu, ale nej\u010dast\u011bji p\u0159i komplikovan\u00e9m nebo p\u0159ed\u010dasn\u00e9m porodu, kdy m\u016f\u017ee b\u00fdt mozek d\u00edt\u011bte po\u0161kozen nedostatkem kysl\u00edku. P\u0159edej\u00edt DMO lze t\u011b\u017eko, porodn\u00ed komplikace matka ovlivnit nem\u016f\u017ee.<\/p>\n<p><strong>&#8211; Jak \u010dast\u00e9 je toto onemocn\u011bn\u00ed?<\/strong><\/p>\n<p>Ud\u00e1v\u00e1 se, \u017ee se vyskytuje u 1 a\u017e 2 d\u011bt\u00ed z tis\u00edce narozen\u00fdch. Toto \u010d\u00edslo ale m\u016f\u017ee v\u00fdrazn\u011b kol\u00edsat, je z\u00e1visl\u00e9 na kvalit\u011b a \u00farovni zdravotnictv\u00ed v t\u00e9 kter\u00e9 zemi. D\u016fle\u017eit\u00e1 je zejm\u00e9na \u00farove\u0148 prenat\u00e1ln\u00ed p\u00e9\u010de, ale i p\u00e9\u010de b\u011bhem porodu a po n\u011bm. Mysl\u00edm, \u017ee v tomto ohledu jsme na jednom z p\u0159edn\u00edch m\u00edst ve sv\u011bt\u011b.<\/p>\n<p><strong>&#8211; V\u0161echny komplikace ale p\u0159edpov\u011bd\u011bt nelze, kdy rodi\u010de zjist\u00ed, \u017ee je s jejich d\u00edt\u011btem n\u011bco \u0161patn\u011b?<\/strong><\/p>\n<p>Jakmile je porodn\u00ed anamn\u00e9za rizikov\u00e1, nap\u0159\u00edklad d\u00edt\u011b se narodilo p\u0159ed\u010dasn\u011b, m\u011blo n\u00edzkou porodn\u00ed v\u00e1hu, do\u0161lo ke komplikac\u00edm b\u011bhem porodu, je v\u017edy t\u0159eba zv\u00fd\u0161en\u00e9 opatrnosti. Tyto rizikov\u00e9 d\u011bti b\u00fdvaj\u00ed ale v\u017edy ji\u017e od ran\u00e9ho v\u011bku sledovan\u00e9 neurologem. Nicm\u00e9n\u011b jasn\u00e9 vysloven\u00ed diagn\u00f3zy DMO p\u0159ich\u00e1z\u00ed a\u017e kolem jednoho roku.<\/p>\n<p>Fyziologick\u00fd novorozenec se narod\u00ed s ur\u010ditou zralost\u00ed mozku, kter\u00fd postupn\u011b dozr\u00e1v\u00e1. Z\u00e1rove\u0148 s t\u00edm doch\u00e1z\u00ed i k postupn\u00e9mu motorick\u00e9mu a psychick\u00e9mu v\u00fdvoji d\u00edt\u011bte. Pokud se ale tento v\u00fdvoj za\u010dne opo\u017e\u010fovat a z\u00e1rove\u0148 je zcela z\u0159ejm\u00e1 rizikov\u00e1 anamn\u00e9za, je nutn\u00e9 d\u00edt\u011b za\u010d\u00edt o to pe\u010dliv\u011bji neurologicky sledovat. Z\u00e1rove\u0148 ji\u017e v ran\u00e9m v\u011bku p\u0159istoupit k l\u00e9\u010db\u011b a rehabilita\u010dn\u00edm cvi\u010den\u00edm.<\/p>\n<p><strong>&#8211; Je toto onemocn\u011bn\u00ed pouze motorick\u00e9, nebo s n\u00edm souvis\u00ed i dal\u0161\u00ed komplikace? \u0158\u00edkal jste, \u017ee d\u00e1l u\u017e se nezhor\u0161uje. D\u00e1 se \u00fapln\u011b vyl\u00e9\u010dit?<\/strong><\/p>\n<p>Nej\u010dast\u011bji je posti\u017een\u00ed motorick\u00e9, ale m\u016f\u017ee b\u00fdt spojeno s poruchami psychick\u00e9ho a ment\u00e1ln\u00edho v\u00fdvoje. \u010casto b\u00fdv\u00e1 p\u0159\u00edtomna i sekund\u00e1rn\u00ed neboli druhotn\u00e1 epilepsie. L\u00e9\u010dba je celo\u017eivotn\u00ed a na prvn\u00edm m\u00edst\u011b je rehabilitace, fyzioterapie, kter\u00e9 pom\u00e1haj\u00ed zlep\u0161en\u00ed pohybu, a tato l\u00e9\u010dba m\u016f\u017ee v\u00fdrazn\u011b pozitivn\u011b stav ovlivnit.<\/p>\n<p>L\u00e9ka\u0159em, kter\u00fd by m\u011bl celou tuto terapii \u0159\u00eddit a v\u00e9st, je neurolog &#8211; jedn\u00e1 se o neurologick\u00e9 onemocn\u011bn\u00ed. Ortoped vstupuje do hry p\u0159i nutnosti korekce r\u016fzn\u00fdch deformit, hlavn\u011b na kon\u010detin\u00e1ch. \u00dapln\u011b vyl\u00e9\u010dit DMO bohu\u017eel nelze, to bychom museli um\u011bt,,opravit&#8220; po\u0161kozen\u00fd mozek, co\u017e bohu\u017eel nikdo na sv\u011bt\u011b zat\u00edm neum\u00ed.<\/p>\n<p><strong>&#8211; V teplick\u00fdch l\u00e1zn\u00edch se dosud l\u00e9\u010dily d\u011bti od 3 let, v\u00fdjime\u010dn\u011b od jednoho roku. Vy p\u0159in\u00e1\u0161\u00edte revolu\u010dn\u00ed koncepci, chcete se d\u011btem v\u011bnovat ji\u017e od 3 m\u011bs\u00edc\u016f. Kdy chcete za\u010d\u00edt a pro\u010d?<\/strong><\/p>\n<p>V ran\u00e9m v\u011bku je rehabilita\u010dn\u00ed a l\u00e1ze\u0148sk\u00e1 p\u00e9\u010de velmi d\u016fle\u017eit\u00e1. Stoprocentn\u011b se diagn\u00f3za DMO ur\u010duje sice a\u017e pozd\u011bji, v\u011bt\u0161inou kolem roku, ale my u\u017e zn\u00e1me rizikovou anamn\u00e9zu a aktu\u00e1ln\u00ed neurologick\u00fd n\u00e1lez. \u010c\u00edm d\u0159\u00edv se za\u010dne s d\u00edt\u011btem cvi\u010dit, t\u00edm b\u00fdvaj\u00ed v\u00fdsledky lep\u0161\u00ed. Chceme na\u0161im d\u011btem a samoz\u0159ejm\u011b i jejich rodi\u010d\u016fm tu \u0161anci d\u00e1t, proto\u017ee v jin\u00fdch l\u00e9\u010debn\u00e1ch tu mo\u017enost nemaj\u00ed.<\/p>\n<p>V\u00fdjime\u010dn\u011b se d\u011btem do jednoho roku v\u011bnuj\u00ed v Jansk\u00fdch L\u00e1zn\u00edch. Od 3 m\u011bs\u00edc\u016f jsme jedni z prvn\u00edch, kte\u0159\u00ed to zav\u00e1d\u00ed, a u\u017e se na to t\u011b\u0161\u00edme, proto\u017ee si od tohoto posunu slibujeme je\u0161t\u011b lep\u0161\u00ed terapeutick\u00e9 v\u00fdsledky a i pro fyzioterapeuty je tato v\u011bkov\u00e1 kategorie velmi p\u0159ita\u017eliv\u00e1 a zaj\u00edmav\u00e1.<\/p>\n<p><strong>&#8211; Kdy po\u010d\u00edt\u00e1te, \u017ee by prvn\u00ed t\u0159\u00edm\u011bs\u00ed\u010dn\u00ed d\u011bti mohly p\u0159ijet?<\/strong><\/p>\n<p>Nov\u00e1 koncepce m\u00e1 daleko v\u00edce bod\u016f l\u00e9\u010dby &#8211; toto je pouze jeden z nich. Je velice slo\u017eit\u00e9 v\u0161e sladit s provozem. Je\u0161t\u011b nem\u00e1me v\u0161echny detaily dopilovan\u00e9, ale rozhodn\u011b v\u0161e chceme spustit letos.<\/p>\n<p>&#8211;<strong> Dal\u0161\u00ed novinkou v l\u00e9\u010db\u011b bude i &#8222;kosmick\u00fd&#8220; oblek Regent. Co to vlastn\u011b je a jak d\u011btem pom\u00e1h\u00e1?<\/strong><\/p>\n<p>Byl vyvinut v centru kosmick\u00e9 medic\u00edny v Rusku pro kosmonauty, kte\u0159\u00ed se po dlouh\u00e9m pobytu ve vesm\u00edru vr\u00e1tili na Zem. V\u00fdrazn\u011b jim za tu dobu atrofovaly svaly a m\u011bli pot\u00ed\u017ee s pohybem. Ten oble\u010dek, to je vlastn\u011b syst\u00e9m n\u00e1vlek\u016f na t\u011blo, obj\u00edmek na kon\u010detiny, kter\u00e9 jsou navz\u00e1jem slo\u017eit\u00fdm syst\u00e9mem tah\u016f propojeny. Samotn\u00e9 obleknut\u00ed,,kosmick\u00e9ho&#8220; oble\u010dku je slo\u017eitou z\u00e1le\u017eitost\u00ed. Ale nahrazuje, co nefunguje.<\/p>\n<p>Je to nov\u00e1 metoda l\u00e9\u010dby, kter\u00e1 umo\u017e\u0148uje zlep\u0161en\u00ed a urychlen\u00ed vertikalizace neboli postaven\u00ed se na nohy d\u011btsk\u00e9ho pacienta. Jsou p\u0159\u00edpady, kdy d\u00edt\u011b do 6 let nechodilo, v oble\u010dku se ho poda\u0159\u00ed postavit a ud\u011bl\u00e1 sv\u00e9 prvn\u00ed kroky. V\u00fdrazn\u00fd je i vliv na zcela jinou z\u00e1t\u011b\u017e kloub\u016f, nov\u00e9 vn\u00edm\u00e1n\u00ed polohy t\u011bla. Ne nepodstatn\u00fd je i vliv na psychiku jak d\u00edt\u011bte, tak rodi\u010d\u016f.<\/p>\n<p><strong>&#8211; Kdy\u017e podp\u016frn\u00fd oble\u010dek d\u00edt\u011bti sund\u00e1te, chod\u00ed d\u00e1l, nebo to tak rychle nejde?<\/strong><\/p>\n<p>Samoz\u0159ejm\u011b \u017ee ne, ale jde o to, \u017ee vyv\u00e1\u017een\u00fdm zat\u00ed\u017een\u00edm sval\u016f, kter\u00e9 do t\u00e9 doby v\u016fbec nefungovaly, pomalu mohou za\u010d\u00edt pracovat. V \u010cesku pou\u017e\u00edvaj\u00ed pon\u011bkud odli\u0161n\u00fd syst\u00e9m nap\u0159\u00edklad v l\u00e1zn\u00edch Klimkovice a z\u00e1jem je opravdu velk\u00fd. Bohu\u017eel tato terapie nen\u00ed zat\u00edm hrazena zdravotn\u00edmi poji\u0161\u0165ovnami. Finan\u010dn\u00ed prost\u0159edky na tuto l\u00e9\u010dbu jsou \u010dasto z\u00edsk\u00e1v\u00e1ny i z r\u016fzn\u00fdch nadac\u00ed, sb\u00edrek \u010di od sponzor\u016f. My u\u017e jsme tyto oble\u010dky koupili a nyn\u00ed se na\u0161e fyzioterapeutky pojedou \u0161kolit do Ruska a za\u010dneme tuto metodu l\u00e9\u010dby nab\u00edzet. Cht\u011bli bychom u\u017e letos.<\/p>\n<p><strong>&#8211; M\u00e1te kosmick\u00e9 oble\u010dky, budete l\u00e9\u010dit t\u0159\u00edm\u011bs\u00ed\u010dn\u00ed miminka, a to jste prim\u00e1\u0159em sedm m\u011bs\u00edc\u016f. Chyst\u00e1te je\u0161t\u011b n\u011bco dal\u0161\u00edho ?<\/strong><\/p>\n<p>Nov\u00e1 koncepce je revolu\u010dn\u00ed a vznikla na z\u00e1klad\u011b nejnov\u011bj\u0161\u00edch poznatk\u016f a v\u00fdzkum\u016f. Mysl\u00edm, \u017ee rodi\u010de budou p\u0159\u00edjemn\u011b p\u0159ekvapeni. V\u0161e je\u0161t\u011b neprozrad\u00edm. Mohu ale to, \u017ee budeme v Nov\u00fdch l\u00e1zn\u00edch otev\u00edrat prodejnu, kde rodi\u010de a pacienti zakoup\u00ed v\u0161e, co pot\u0159ebuj\u00ed a pracn\u011b sh\u00e1n\u011bj\u00ed po v\u0161ech protetik\u00e1ch nebo zdravotnick\u00fdch pot\u0159eb\u00e1ch. Budou tam nap\u0159\u00edklad hra\u010dky speci\u00e1ln\u011b vyvinut\u00e9 pro ergoterapii, ko\u010d\u00e1rky, chod\u00edtka, koupac\u00ed pleny a mnoho dal\u0161\u00edch d\u016fle\u017eit\u00fdch pom\u016fcek pro posti\u017een\u00e9 d\u011bti.<\/p>\n<p><strong>&#8211; D\u00e1 se \u0159\u00edci, \u017ee nov\u00e1 koncepce l\u00e9\u010dby je &#8222;va\u0161e d\u00edt\u011b&#8220;. Co v\u00e1s na tom nejv\u00edce l\u00e1k\u00e1?<\/strong><\/p>\n<p>Medic\u00edna pro mne nen\u00ed pr\u00e1ce, ale celo\u017eivotn\u00ed kon\u00ed\u010dek. Moje pr\u00e1ce mne nesm\u00edrn\u011b bav\u00ed a napl\u0148uje, proto\u017ee za sebou v chirurgick\u00e9 ortopedii a l\u00e9\u010db\u011b m\u00fdch mal\u00fdch pacient\u016f vid\u00edm hmatateln\u00e9 v\u00fdsledky. Jsou to a\u017e patetick\u00e1 slova, ale j\u00e1 to tak c\u00edt\u00edm a mysl\u00edm, \u017ee to je na m\u00e9 pr\u00e1ci vid\u011bt.<\/p>\n<p>Jako ortoped vy\u0161et\u0159uji ky\u010dle u desetidenn\u00edch miminek, d\u011bti m\u00e1m v p\u00e9\u010di od narozen\u00ed. Je to kr\u00e1sn\u00fd pocit, kdy\u017e u sv\u00e9ho pacienta zaznamen\u00e1m posun k lep\u0161\u00edmu, na kter\u00e9m jsem se mohl pod\u00edlet. U\u017e pro tohle stoj\u00ed za to tu pr\u00e1ci d\u011blat.<\/p>\n<p><strong>&#8211; Na druhou stranu, doma v\u00e1s rodina kv\u016fli va\u0161emu vyt\u00ed\u017een\u00ed moc nevid\u00ed, ne?<\/strong><\/p>\n<p>U\u017e si mo\u017en\u00e1 trochu zvykli, ka\u017edop\u00e1dn\u011b doma se vyskytuji pozd\u011b k ve\u010deru a za to, \u017ee to v\u0161echno zvl\u00e1dnu, pat\u0159\u00ed d\u00edk m\u00e9 \u017een\u011b a rodin\u011b. Kdybych doma nem\u011bl z\u00e1zem\u00ed, nikdy bych se sv\u00e9 pr\u00e1ci nemohl v\u011bnovat s takov\u00fdm nasazen\u00edm. M\u00e1m za sebou i oporu ve veden\u00ed l\u00e1zn\u00ed a cel\u00fd t\u00fdm l\u00e1zn\u00ed, bez jejich\u017e nad\u0161en\u00ed by v\u0161e nebylo mo\u017en\u00e9 realizovat.<\/p>\n<p>Andrea Angermannov\u00e1<br \/>\nMlad\u00e1 fronta DNES\u00a0\u00a0\u00a0\u00a0\u00a0 <a href=\"http:\/\/www.idnes.cz\">http:\/\/www.idnes.cz<\/a><\/p>\n<p>ilustra\u010dn\u00ed foto &#8211; kosmick\u00fd oblek<\/p>\n","protected":false},"excerpt":{"rendered":"<div class=\"mh-excerpt\"><p>Miminka s mozkovou obrnou se chystaj\u00ed l\u00e9\u010dit v teplick\u00fdch l\u00e1zn\u00edch. Za zaj\u00edmavou metodou, kdy budou d\u011bti navle\u010deny do speci\u00e1ln\u00edho obleku z Ruska, stoj\u00ed prim\u00e1\u0159 Jan <a class=\"mh-excerpt-more\" href=\"https:\/\/www.invarena.cz\/?p=15210\" title=\"Teplick\u00e9 l\u00e1zn\u011b rozj\u00ed\u017ed\u011bj\u00ed l\u00e9\u010dbu d\u011bt\u00ed po mozkov\u00e9 obrn\u011b\">[&#8230;]<\/a><\/p>\n<\/div>","protected":false},"author":1,"featured_media":3359,"comment_status":"open","ping_status":"closed","sticky":false,"template":"","format":"standard","meta":{"footnotes":""},"categories":[12,11],"tags":[],"class_list":["post-15210","post","type-post","status-publish","format-standard","has-post-thumbnail","hentry","category-rozhovory","category-zdravi"],"_links":{"self":[{"href":"https:\/\/www.invarena.cz\/index.php?rest_route=\/wp\/v2\/posts\/15210","targetHints":{"allow":["GET"]}}],"collection":[{"href":"https:\/\/www.invarena.cz\/index.php?rest_route=\/wp\/v2\/posts"}],"about":[{"href":"https:\/\/www.invarena.cz\/index.php?rest_route=\/wp\/v2\/types\/post"}],"author":[{"embeddable":true,"href":"https:\/\/www.invarena.cz\/index.php?rest_route=\/wp\/v2\/users\/1"}],"replies":[{"embeddable":true,"href":"https:\/\/www.invarena.cz\/index.php?rest_route=%2Fwp%2Fv2%2Fcomments&post=15210"}],"version-history":[{"count":0,"href":"https:\/\/www.invarena.cz\/index.php?rest_route=\/wp\/v2\/posts\/15210\/revisions"}],"wp:featuredmedia":[{"embeddable":true,"href":"https:\/\/www.invarena.cz\/index.php?rest_route=\/wp\/v2\/media\/3359"}],"wp:attachment":[{"href":"https:\/\/www.invarena.cz\/index.php?rest_route=%2Fwp%2Fv2%2Fmedia&parent=15210"}],"wp:term":[{"taxonomy":"category","embeddable":true,"href":"https:\/\/www.invarena.cz\/index.php?rest_route=%2Fwp%2Fv2%2Fcategories&post=15210"},{"taxonomy":"post_tag","embeddable":true,"href":"https:\/\/www.invarena.cz\/index.php?rest_route=%2Fwp%2Fv2%2Ftags&post=15210"}],"curies":[{"name":"wp","href":"https:\/\/api.w.org\/{rel}","templated":true}]}}