{"id":15263,"date":"2014-03-20T12:03:54","date_gmt":"2014-03-20T11:03:54","guid":{"rendered":"http:\/\/www.invarena.cz\/?p=15263"},"modified":"2014-03-22T00:03:55","modified_gmt":"2014-03-21T23:03:55","slug":"krasa-posouzeni-vsech-drzitelu-prukazu-ozp-se-nestihne","status":"publish","type":"post","link":"https:\/\/www.invarena.cz\/?p=15263","title":{"rendered":"Kr\u00e1sa: Posouzen\u00ed v\u0161ech dr\u017eitel\u016f pr\u016fkazu OZP se nestihne"},"content":{"rendered":"<p><strong>Pr\u016fkazy OZP jsou znovu \u017ehav\u00fdm t\u00e9matem. O ukon\u010den\u00ed platnosti v\u0161ech pr\u016fkaz\u016f k datu 31. 12. 2015 jednali: P\u0159edseda NRZP \u010cR V\u00e1clav Kr\u00e1sa, ministryn\u011b pr\u00e1ce a soci\u00e1ln\u00edch v\u011bc\u00ed Michaela Marksov\u00e1 a p\u0159edseda vl\u00e1dy Bohuslav Sobotka. Co z jedn\u00e1n\u00ed vypl\u00fdv\u00e1?<\/strong><br \/>\n<!--more--><br \/>\nJi\u017e jsme v\u00e1s informovali, \u017ee s koncem roku 2015 p\u0159estanou platit v\u0161echny st\u00e1vaj\u00edc\u00ed pr\u016fkazy OZP, kter\u00e9 handicapovan\u00ed mohou v sou\u010dasn\u00e9 dob\u011b vyu\u017e\u00edvat. Podle z\u00e1kona by tak m\u011blo do konce roku 2015 doj\u00edt k posouzen\u00ed n\u00e1roku na pr\u016fkaz OZP u n\u011bkolika set tis\u00edc lid\u00ed. Podle V\u00e1clava Kr\u00e1sy je to v drtiv\u00e9 v\u011bt\u0161in\u011b p\u0159\u00edpad\u016f zcela zbyte\u010dn\u00e9, proto\u017ee handicapovan\u00ed budou posouzeni tak, \u017ee n\u00e1rok na pr\u016fkaz maj\u00ed. Bude se tak podle n\u011bj jednat o zbyte\u010dn\u00e9 zat\u00ed\u017een\u00ed posti\u017een\u00fdch, kte\u0159\u00ed mnohdy maj\u00ed s jedn\u00e1n\u00edm s \u00fa\u0159ady pochopiteln\u00e9 probl\u00e9my, ale p\u016fjde i o pravd\u011bpodobn\u011b nezvladateln\u00e9 zat\u00ed\u017een\u00ed st\u00e1tn\u00ed spr\u00e1vy.<\/p>\n<p>P\u0159edseda NRZP \u010cR vznesl tyto n\u00e1mitky na zmi\u0148ovan\u00e9m jedn\u00e1n\u00ed s ministryn\u00ed Marksovou a premi\u00e9rem Sobotkou.<\/p>\n<p>&#8222;Spole\u010dn\u011b s pan\u00ed ministryn\u00ed jsme se shodli na tom, \u017ee nen\u00ed mo\u017en\u00e9 do tohoto data posoudit v\u0161echny dr\u017eitele pr\u016fkaz\u016f OZP a prov\u00e9st spr\u00e1vn\u00ed \u0159\u00edzen\u00ed u v\u0161ech dosavadn\u00edch dr\u017eitel\u016f pr\u016fkaz\u016f. Za\u010d\u00edn\u00e1 b\u00fdt shoda na tom, \u017ee k 31. 12. 2015 dojde pouze k v\u00fdm\u011bn\u011b pr\u016fkaz\u016f s t\u00edm, \u017ee posudkov\u00fd org\u00e1n m\u00e1 pr\u00e1vo ze z\u00e1kona kdykoliv prov\u00e9st kontrolu zdravotn\u00edho stavu a nov\u011b posoudit, zda zdravotn\u00ed stav odpov\u00edd\u00e1 p\u0159iznan\u00e9mu stupni pr\u016fkazu OZP,&#8220; uvedl po jedn\u00e1n\u00ed Kr\u00e1sa.<\/p>\n<p>V praxi by to tedy znamenalo, \u017ee ka\u017ed\u00fd dostane nov\u00fd pr\u016fkaz a L\u00e9ka\u0159sk\u00e1 posudkov\u00e1 slu\u017eba by se v\u011bnovala pouze t\u011bm handicapovan\u00fdm, kter\u00fdm u pr\u016fkazu OZP skon\u010dila rozhodn\u00e1 doba a nebo t\u011bm, u kter\u00fdch je p\u0159edpoklad zm\u011bny zdravotn\u00edho stavu. Op\u011bt je ale nutno zd\u016fraznit, \u017ee \u017e\u00e1dn\u00fd handicapovan\u00fd nemus\u00ed vyv\u00edjet svou iniciativu. \u00da\u0159ad ho v\u017edy vyzve v p\u0159\u00edpad\u011b pot\u0159eby k sou\u010dinnosti. Pokud se budou ke konci p\u0159\u00ed\u0161t\u00edho roku objevovat p\u0159\u00edpady, kdy n\u011bkdo je\u0161t\u011b nebude m\u00edt nov\u00fd pr\u016fkaz, v\u010das se o tom od n\u00e1s dov\u00edte a jist\u011b bude stanoven i n\u011bjak\u00fd postup, jak se v takov\u00e9m p\u0159\u00edpad\u011b m\u00e1te zachovat.<\/p>\n<p>Ji\u0159\u00ed Marek<br \/>\ninvArena<\/p>\n","protected":false},"excerpt":{"rendered":"<div class=\"mh-excerpt\"><p>Pr\u016fkazy OZP jsou znovu \u017ehav\u00fdm t\u00e9matem. O ukon\u010den\u00ed platnosti v\u0161ech pr\u016fkaz\u016f k datu 31. 12. 2015 jednali: P\u0159edseda NRZP \u010cR V\u00e1clav Kr\u00e1sa, ministryn\u011b pr\u00e1ce a <a class=\"mh-excerpt-more\" href=\"https:\/\/www.invarena.cz\/?p=15263\" title=\"Kr\u00e1sa: Posouzen\u00ed v\u0161ech dr\u017eitel\u016f pr\u016fkazu OZP se nestihne\">[&#8230;]<\/a><\/p>\n<\/div>","protected":false},"author":3,"featured_media":670,"comment_status":"open","ping_status":"closed","sticky":false,"template":"","format":"standard","meta":{"footnotes":""},"categories":[6,9],"tags":[],"class_list":["post-15263","post","type-post","status-publish","format-standard","has-post-thumbnail","hentry","category-politika","category-zpravy"],"_links":{"self":[{"href":"https:\/\/www.invarena.cz\/index.php?rest_route=\/wp\/v2\/posts\/15263","targetHints":{"allow":["GET"]}}],"collection":[{"href":"https:\/\/www.invarena.cz\/index.php?rest_route=\/wp\/v2\/posts"}],"about":[{"href":"https:\/\/www.invarena.cz\/index.php?rest_route=\/wp\/v2\/types\/post"}],"author":[{"embeddable":true,"href":"https:\/\/www.invarena.cz\/index.php?rest_route=\/wp\/v2\/users\/3"}],"replies":[{"embeddable":true,"href":"https:\/\/www.invarena.cz\/index.php?rest_route=%2Fwp%2Fv2%2Fcomments&post=15263"}],"version-history":[{"count":0,"href":"https:\/\/www.invarena.cz\/index.php?rest_route=\/wp\/v2\/posts\/15263\/revisions"}],"wp:featuredmedia":[{"embeddable":true,"href":"https:\/\/www.invarena.cz\/index.php?rest_route=\/wp\/v2\/media\/670"}],"wp:attachment":[{"href":"https:\/\/www.invarena.cz\/index.php?rest_route=%2Fwp%2Fv2%2Fmedia&parent=15263"}],"wp:term":[{"taxonomy":"category","embeddable":true,"href":"https:\/\/www.invarena.cz\/index.php?rest_route=%2Fwp%2Fv2%2Fcategories&post=15263"},{"taxonomy":"post_tag","embeddable":true,"href":"https:\/\/www.invarena.cz\/index.php?rest_route=%2Fwp%2Fv2%2Ftags&post=15263"}],"curies":[{"name":"wp","href":"https:\/\/api.w.org\/{rel}","templated":true}]}}