{"id":15299,"date":"2014-03-24T01:36:06","date_gmt":"2014-03-24T00:36:06","guid":{"rendered":"http:\/\/www.invarena.cz\/?p=15299"},"modified":"2014-10-20T20:15:23","modified_gmt":"2014-10-20T18:15:23","slug":"frydlantsti-radni-pomahaji","status":"publish","type":"post","link":"https:\/\/www.invarena.cz\/?p=15299","title":{"rendered":"Fr\u00fddlant\u0161t\u00ed radn\u00ed pom\u00e1haj\u00ed"},"content":{"rendered":"<p><strong>Ani zastupitel\u016fm m\u011bst nen\u00ed lhostejn\u00fd osud hendikepovan\u00fdch spoluob\u010dan\u016f. To plat\u00ed o radn\u00edch m\u011bsta Fr\u00fddlant \/sn\u00edmek\/, kte\u0159\u00ed z vlastn\u00ed kapsy spole\u010dn\u011b p\u0159isp\u011bli.<!--more--><\/strong><\/p>\n<p>Zastupitel\u00e9 m\u011bsta Fr\u00fddlantu se na sv\u00e9m b\u0159eznov\u00e9m zased\u00e1n\u00ed jednohlasn\u011b vzdali \u010d\u00e1sti sv\u00fdch odm\u011bn ve prosp\u011bch posti\u017een\u00fdch ve Fr\u00fddlantsk\u00e9m v\u00fdb\u011b\u017eku. Celkem p\u0159isp\u011bj\u00ed na podporu Jaroslava Hork\u00e9ho a dal\u0161\u00edch t\u011blesn\u011b posti\u017een\u00fdch \u010d\u00e1stkou pades\u00e1ti tis\u00edc korun. Budou za n\u011b nakoupeny p\u0159edev\u0161\u00edm invalidn\u00ed voz\u00edky a speci\u00e1ln\u00ed matrace, kter\u00e9 nelze po\u0159\u00eddit ze zdravotn\u00edho poji\u0161t\u011bn\u00ed.<\/p>\n<p>Pen\u00edze v\u011bnuj\u00ed na konto ve\u0159ejn\u00e9 sb\u00edrky. &#8222;Do konce \u010dervna trv\u00e1 ve\u0159ejn\u00e1 sb\u00edrka na podporu Jaroslava Hork\u00e9ho a dal\u0161\u00edch t\u011blesn\u011b posti\u017een\u00fdch ve Fr\u00fddlantsk\u00e9m v\u00fdb\u011b\u017eku, zastupitel\u00e9 do n\u00ed t\u00edmto krokem p\u0159isp\u011bj\u00ed bezm\u00e1la pades\u00e1titis\u00edcovou \u010d\u00e1stkou,&#8220; \u0159ekl starosta Fr\u00fddlantu Dan Ramzer.<\/p>\n<p>\u010c\u00e1stka bude po nezbytn\u00fdch kroc\u00edch p\u0159evedena na \u00fa\u010det sb\u00edrky. Z v\u00fdt\u011b\u017eku sb\u00edrky se p\u0159isp\u011bje na n\u00e1kup pom\u016fcek \u2013 hlavn\u011b voz\u00edk\u016f nebo speci\u00e1ln\u00edch matrac\u00ed, kter\u00e9 nelze po\u0159\u00eddit z ve\u0159ejn\u00e9ho zdravotn\u00edho poji\u0161t\u011bn\u00ed nebo z p\u0159\u00edsp\u011bvku na zvl\u00e1\u0161tn\u00ed pom\u016fcky, kter\u00fd je vypl\u00e1cen prost\u0159ednictv\u00edm \u00fa\u0159adu pr\u00e1ce. Podpo\u0159it sb\u00edrku m\u016f\u017ee i ve\u0159ejnost zasl\u00e1n\u00edm p\u0159\u00edsp\u011bvku na konto 2602533399\/0800.<\/p>\n<p>Mlad\u00e1 fronta DNES<\/p>\n","protected":false},"excerpt":{"rendered":"<div class=\"mh-excerpt\"><p>Ani zastupitel\u016fm m\u011bst nen\u00ed lhostejn\u00fd osud hendikepovan\u00fdch spoluob\u010dan\u016f. To plat\u00ed o radn\u00edch m\u011bsta Fr\u00fddlant \/sn\u00edmek\/, kte\u0159\u00ed z vlastn\u00ed kapsy spole\u010dn\u011b p\u0159isp\u011bli.<\/p>\n<\/div>","protected":false},"author":1,"featured_media":15339,"comment_status":"open","ping_status":"closed","sticky":false,"template":"","format":"standard","meta":{"footnotes":""},"categories":[7],"tags":[],"class_list":["post-15299","post","type-post","status-publish","format-standard","has-post-thumbnail","hentry","category-spolecnost"],"_links":{"self":[{"href":"https:\/\/www.invarena.cz\/index.php?rest_route=\/wp\/v2\/posts\/15299","targetHints":{"allow":["GET"]}}],"collection":[{"href":"https:\/\/www.invarena.cz\/index.php?rest_route=\/wp\/v2\/posts"}],"about":[{"href":"https:\/\/www.invarena.cz\/index.php?rest_route=\/wp\/v2\/types\/post"}],"author":[{"embeddable":true,"href":"https:\/\/www.invarena.cz\/index.php?rest_route=\/wp\/v2\/users\/1"}],"replies":[{"embeddable":true,"href":"https:\/\/www.invarena.cz\/index.php?rest_route=%2Fwp%2Fv2%2Fcomments&post=15299"}],"version-history":[{"count":0,"href":"https:\/\/www.invarena.cz\/index.php?rest_route=\/wp\/v2\/posts\/15299\/revisions"}],"wp:featuredmedia":[{"embeddable":true,"href":"https:\/\/www.invarena.cz\/index.php?rest_route=\/wp\/v2\/media\/15339"}],"wp:attachment":[{"href":"https:\/\/www.invarena.cz\/index.php?rest_route=%2Fwp%2Fv2%2Fmedia&parent=15299"}],"wp:term":[{"taxonomy":"category","embeddable":true,"href":"https:\/\/www.invarena.cz\/index.php?rest_route=%2Fwp%2Fv2%2Fcategories&post=15299"},{"taxonomy":"post_tag","embeddable":true,"href":"https:\/\/www.invarena.cz\/index.php?rest_route=%2Fwp%2Fv2%2Ftags&post=15299"}],"curies":[{"name":"wp","href":"https:\/\/api.w.org\/{rel}","templated":true}]}}