{"id":1540,"date":"2013-02-28T10:47:43","date_gmt":"2013-02-28T09:47:43","guid":{"rendered":"http:\/\/www.invarena.cz\/?p=1540"},"modified":"2013-03-04T12:37:00","modified_gmt":"2013-03-04T11:37:00","slug":"premier-nesetril-kritikou-na-praci-ministryne-mullerove","status":"publish","type":"post","link":"https:\/\/www.invarena.cz\/?p=1540","title":{"rendered":"Premi\u00e9r ne\u0161et\u0159il kritikou na pr\u00e1ci ministryn\u011b M\u00fcllerov\u00e9"},"content":{"rendered":"<p>Koali\u010dn\u00ed partne\u0159i jsou znovu na no\u017ee. Ne\u010das zkritizoval TOP09, \u017ee nezvl\u00e1daj\u00ed pr\u00e1ci na Ministerstvu pr\u00e1ce a soci\u00e1ln\u00edch v\u011bc\u00ed. P\u0159idal se tak k v\u010derej\u0161\u00edmu prohl\u00e1\u0161en\u00ed ministra pr\u016fmyslu a obchodu Martina Kuby (ODS),<br \/>\n<!--more--><br \/>\nKdy\u017e premi\u00e9r Ne\u010das navrhoval do funkce ministryn\u011b Ludmilu M\u00fcllerovou, stanovil j\u00ed jasn\u00e9 \u00fakoly, kter\u00e9 m\u00e1 vy\u0159e\u0161it. M\u011bla zklidnit situaci okolo sKaret, zlep\u0161it funk\u010dnost syst\u00e9mu na v\u00fdplatu d\u00e1vek a hlavn\u011b nahradit zcela evidentn\u011b neschopn\u00e9 lidi b\u00fdval\u00e9ho ministra Dr\u00e1bka.<\/p>\n<p>U\u017e jsou to t\u0159i m\u011bs\u00edce, co je M\u00fcllerov\u00e1 ve funkci a situace je po\u0159\u00e1d stejn\u00e1, ne-li hor\u0161\u00ed. Zvl\u00e1\u0161t\u011b, kdy\u017e te\u010f Antimonopoln\u00ed \u00fa\u0159ad zru\u0161il syst\u00e9m na v\u00fdplatu d\u00e1vek. M\u00fcllerov\u00e1 dokonce nedok\u00e1zala ud\u011blat ani po\u017eadovan\u00e9 person\u00e1ln\u00ed zm\u011bny. Podle opozi\u010dn\u00ed \u010cSSD ministerstvo fakticky vedou st\u00e1le stejn\u00ed lid\u00e9 a dokonce i st\u00edhan\u00fd b\u00fdval\u00fd n\u00e1m\u011bstek \u0160i\u0161ka, kter\u00fd m\u00e1 v cel\u00e9m zmatku sv\u00e9 prsty, si m\u016f\u017ee beztrestn\u011b chodit na ministerstvo, jak \u0159\u00edk\u00e1 Lubom\u00edr Zaor\u00e1lek, m\u00edstop\u0159edseda poslaneck\u00e9 sn\u011bmovny a \u010cSSD.<\/p>\n<p>&#8222;Stav tohoto resortu u m\u011b bud\u00ed velmi v\u00e1\u017en\u00e9 znepokojen\u00ed. \u017d\u00e1dn\u00fdm jin\u00fdm resortem se nezab\u00fdv\u00e1m tak intenzivn\u011b, jako ministerstvem pr\u00e1ce a soci\u00e1ln\u00edch v\u011bc\u00ed,&#8220; uvedl premi\u00e9r Petr ne\u010das. Dodal, \u017ee ministryn\u011b nenese odpov\u011bdnost za probl\u00e9my, ale mus\u00ed ji n\u00e9st za \u0159e\u0161en\u00ed.<\/p>\n<p>&#8222;Pova\u017euji to zejm\u00e9na ze strany koali\u010dn\u00edch partner\u016f za velmi nekolegi\u00e1ln\u00ed. \u017de se s tou situac\u00ed ned\u00e1 b\u011bhem kr\u00e1tk\u00e9 doby hned n\u011bco ud\u011blat, tak to je z\u0159ejm\u00e9,&#8220; neskr\u00fdvala sv\u00e9 p\u0159ekvapen\u00ed a rozho\u0159\u010den\u00ed M\u00fcllerov\u00e1.<\/p>\n<p><strong>Kalousek: P\u0159en\u00e1\u0161ej\u00ed nervozitu z ODS<\/strong><\/p>\n<p>Podle politik\u016f TOP 09 se kolegov\u00e9 z ODS sna\u017e\u00ed kritikou \u0159e\u0161it vlastn\u00ed probl\u00e9my. &#8222;Nemysl\u00edm si, \u017ee je to p\u0159\u00edli\u0161 d\u017eentlmensk\u00e9, \u017ee je to spravedliv\u00e9 a koali\u010dn\u011b loaj\u00e1ln\u00ed. Domn\u00edv\u00e1m se, \u017ee pokud cht\u011bj\u00ed p\u00e1nov\u00e9 p\u0159en\u00e1\u0161et nervozitu z pohyb\u016f ve sv\u00e9 vlastn\u00ed stran\u011b na svoji vl\u00e1dn\u00ed kolegyni, tak to nen\u00ed ta spr\u00e1vn\u00e1 strategie,&#8220; \u0159ekl Pr\u00e1vu ministr financ\u00ed a prvn\u00ed m\u00edstop\u0159edseda TOP 09 Miroslav Kalousek.<\/p>\n<p>Do MPSV se u\u017e pustil i budouc\u00ed prezident Milo\u0161 Zeman, kter\u00fd kritizuje hlavn\u011b projekt sKaret.&#8220;P\u0159edev\u0161\u00edm si mysl\u00edm, \u017ee sKarty jsou naprost\u00fd nesmysl, ale to nejde ani tak za pan\u00ed M\u00fcllerovou jako za panem Dr\u00e1bkem,&#8220; uvedl. Podle n\u011bj by ka\u017ed\u00fd ministr m\u011bl po sv\u00e9m jmenov\u00e1n\u00ed do funkce m\u00edt sto dn\u016f h\u00e1jen\u00ed, kter\u00e9 u\u017e v\u0161ak M\u00fcllerov\u00e1 v podstat\u011b  vy\u010derpala.<\/p>\n<p>invArena<\/p>\n","protected":false},"excerpt":{"rendered":"<div class=\"mh-excerpt\"><p>Koali\u010dn\u00ed partne\u0159i jsou znovu na no\u017ee. Ne\u010das zkritizoval TOP09, \u017ee nezvl\u00e1daj\u00ed pr\u00e1ci na Ministerstvu pr\u00e1ce a soci\u00e1ln\u00edch v\u011bc\u00ed. P\u0159idal se tak k v\u010derej\u0161\u00edmu prohl\u00e1\u0161en\u00ed ministra <a class=\"mh-excerpt-more\" href=\"https:\/\/www.invarena.cz\/?p=1540\" title=\"Premi\u00e9r ne\u0161et\u0159il kritikou na pr\u00e1ci ministryn\u011b M\u00fcllerov\u00e9\">[&#8230;]<\/a><\/p>\n<\/div>","protected":false},"author":1,"featured_media":554,"comment_status":"open","ping_status":"open","sticky":false,"template":"","format":"standard","meta":{"footnotes":""},"categories":[6,9],"tags":[],"class_list":["post-1540","post","type-post","status-publish","format-standard","has-post-thumbnail","hentry","category-politika","category-zpravy"],"_links":{"self":[{"href":"https:\/\/www.invarena.cz\/index.php?rest_route=\/wp\/v2\/posts\/1540","targetHints":{"allow":["GET"]}}],"collection":[{"href":"https:\/\/www.invarena.cz\/index.php?rest_route=\/wp\/v2\/posts"}],"about":[{"href":"https:\/\/www.invarena.cz\/index.php?rest_route=\/wp\/v2\/types\/post"}],"author":[{"embeddable":true,"href":"https:\/\/www.invarena.cz\/index.php?rest_route=\/wp\/v2\/users\/1"}],"replies":[{"embeddable":true,"href":"https:\/\/www.invarena.cz\/index.php?rest_route=%2Fwp%2Fv2%2Fcomments&post=1540"}],"version-history":[{"count":0,"href":"https:\/\/www.invarena.cz\/index.php?rest_route=\/wp\/v2\/posts\/1540\/revisions"}],"wp:featuredmedia":[{"embeddable":true,"href":"https:\/\/www.invarena.cz\/index.php?rest_route=\/wp\/v2\/media\/554"}],"wp:attachment":[{"href":"https:\/\/www.invarena.cz\/index.php?rest_route=%2Fwp%2Fv2%2Fmedia&parent=1540"}],"wp:term":[{"taxonomy":"category","embeddable":true,"href":"https:\/\/www.invarena.cz\/index.php?rest_route=%2Fwp%2Fv2%2Fcategories&post=1540"},{"taxonomy":"post_tag","embeddable":true,"href":"https:\/\/www.invarena.cz\/index.php?rest_route=%2Fwp%2Fv2%2Ftags&post=1540"}],"curies":[{"name":"wp","href":"https:\/\/api.w.org\/{rel}","templated":true}]}}