{"id":15443,"date":"2014-03-30T15:01:21","date_gmt":"2014-03-30T13:01:21","guid":{"rendered":"http:\/\/www.invarena.cz\/?p=15443"},"modified":"2014-03-30T15:01:58","modified_gmt":"2014-03-30T13:01:58","slug":"proc-jsou-socialne-vylouceni-invalide-v-prerove-chudaci","status":"publish","type":"post","link":"https:\/\/www.invarena.cz\/?p=15443","title":{"rendered":"Pro\u010d jsou soci\u00e1ln\u011b vylou\u010den\u00ed invalid\u00e9 v P\u0159erov\u011b chud\u00e1ci?"},"content":{"rendered":"<p><strong>P\u0159ed n\u011bkolika lety si z\u0159\u00eddil pan Mirga v P\u0159erov\u011b na Dluhonsk\u00e9 ulici za nadjezdem ubytovnu pro nezam\u011bstnan\u00e9, soci\u00e1ln\u011b pot\u0159ebn\u00e9 lidi. Ti jsou odk\u00e1z\u00e1ni na milost ubytovatele..<\/strong><!--more--><\/p>\n<p>&nbsp;<\/p>\n<p>Ubytovna byla z\u0159\u00edzena v b\u00fdval\u00e9m za\u0159\u00edzen\u00ed staveni\u0161t\u011b tzv. VD d\u0159ev\u011bn\u00e9 bar\u00e1ky. Tyto bar\u00e1ky se stav\u011bly v letech 1975 \u2013 1985 na stavb\u00e1ch jako do\u010dasn\u00e9 ubytovny pro d\u011bln\u00edky. \u017divotnost t\u011bchto ubytoven byla stanovena na 15 let. Stav\u011bla jsem tyto ubytovny jako stavbyvedouc\u00ed na Vodn\u00edm d\u00edle Gab\u010d\u00edkovo, \u013dubore\u010d, Kr\u00e1lova na Slovensku a p\u0159i v\u00fdstavb\u011b \u010cern\u00e9ho mostu v na stavebn\u00edm dvo\u0159e v Praze\u00adKyj\u00edch, proto v\u00edm, o \u010dem p\u00ed\u0161i.<\/p>\n<p>V\u011bt\u0161inou byly konstrukce ucelen\u00fdch d\u0159ev\u011bn\u00fdch panel\u016f tlou\u0161\u0165ky 10 cm postaveny na plotni z cestn\u00edch panel\u016f. Po polo\u017een\u00ed izolace proti zemn\u00ed vlhkosti se na podlahu z\u0159\u00eddila betonov\u00e1 mazanina a na ni podlaha PVC. Jsou to t\u0159\u00edtaktov\u00e9 budovy, kde centr\u00e1ln\u00ed chodba rozd\u011bluje po obou stran\u00e1ch jednotliv\u00e9 m\u00edstnosti o plo\u0161e 10 \u2013 20 m2. Sou\u010d\u00e1st\u00ed ka\u017ed\u00e9 ubytovny byla spole\u010dn\u00e1 sprchov\u00e1 m\u00edstnost a WC. V dob\u011b v\u00fdstavby se pou\u017e\u00edvala d\u0159ev\u011bn\u00e1 okna bez t\u011bsn\u011bn\u00ed a b\u011b\u017en\u00e9 d\u0159ev\u011bn\u00e9 dve\u0159e. Tak\u017ee o komfortu bydlen\u00ed v t\u011bchto ubytovn\u00e1ch se neuva\u017eovalo.<\/p>\n<p>&nbsp;<\/p>\n<p><strong>Odk\u00e1z\u00e1ni na milost ubytovatele<\/strong><\/p>\n<p>Pan Mirga \u010dasem d\u00edky na\u0161emu \u0161t\u011bdr\u00e9mu soci\u00e1ln\u00edmu syst\u00e9mu sest\u011bhoval z r\u016fzn\u00fdch kout\u016f republiky posti\u017een\u00e9 lidi a invalidy do t\u00e9to ubytovny a inkasoval jejich soci\u00e1ln\u00ed d\u00e1vky s t\u00edm, \u017ee jim poskytuje ve\u0161kerou starostlivost jak zdravotn\u00ed, tak soci\u00e1ln\u00ed, a vzhledem k jejich mobilit\u011b i stravu. Jak to dopadlo, jsme se p\u0159esv\u011bd\u010dili p\u0159i kontrole v ubytovn\u011b, kdy bylo zji\u0161t\u011bno, \u017ee tito ubytovan\u00ed invalid\u00e9 jsou v zim\u011b bez zimn\u00edho oble\u010den\u00ed, bot, dost\u00e1vaj\u00ed jenom sporou stravu a vzhledem ke sv\u00e9 mobilit\u011b a tomu, \u017ee jsou absolutn\u011b bez pen\u011bz, jsou zcela odk\u00e1z\u00e1ni na milost ubytovatele.<\/p>\n<p>Proto lid\u00e9 z m\u011bsta a bl\u00edzk\u00e9ho okol\u00ed uspo\u0159\u00e1dali sb\u00edrku \u0161atstva, bot a jin\u00fdch pot\u0159ebn\u00fdch v\u011bc\u00ed pro tyto lidi. Jak skon\u010dily tyto v\u011bci, jsem nezjistila, ale sama jsem vloni odnesla dva pytle oble\u010den\u00ed do tohoto za\u0159\u00edzen\u00ed, ozna\u010den\u00e9 jako v\u011bci pro mu\u017ee a \u017eeny. Je\u0161t\u011b, ne\u017e jsem se s autem oto\u010dila, dv\u011b tzv. o\u0161et\u0159ovatelky odnesly pytel se \u017eensk\u00fdm oble\u010den\u00edm, a j\u00e1 v\u00edm p\u0159esn\u011b pro\u010d. Vyberou si, co se hod\u00ed jim a ostatn\u00ed rozd\u011bl\u00ed.<\/p>\n<p>Ubytovna se nach\u00e1z\u00ed za velk\u00fdm \u017eelezni\u010dn\u00edm nadjezdem, kde sklon komunikace je odhadem 30 procent, a to z obou stran. Komunikace NEM\u00c1 chodn\u00edky ani na jedn\u00e9 stran\u011b, proto\u017ee je tak \u00fazk\u00e1, \u017ee se na n\u00ed st\u011b\u017e\u00ed objedou dva kamiony, kter\u00e9 denn\u011b jezd\u00ed do are\u00e1lu chemi\u010dky, kter\u00e1 m\u00e1 vr\u00e1tnici proti ubytovn\u011b.<\/p>\n<p>Ubytovan\u00ed invalid\u00e9 nemaj\u00ed \u0161anci voz\u00edkem sami p\u0159ekonat nadjezd, aby se dostali do m\u011bsta. Na druhou stranu, na co by tam chodili, kdy\u017e jejich pen\u00edze m\u00e1 pan Mirga. Tedy jednak vzhledem ke sklonu nadjezdu nemaj\u00ed \u0161anci vid\u011bt za horizont, a co je d\u016fle\u017eit\u011bj\u0161\u00ed, ani proj\u00ed\u017ed\u011bj\u00edc\u00ed auta nemaj\u00ed \u0161anci v\u010das reagovat na voz\u00ed\u010dk\u00e1\u0159e nebo jen chodce na nadjezdu. Kdy\u017e tedy p\u0159ekonaj\u00ed tuto \u017eivotu nebezpe\u010dnou \u010d\u00e1st komunikace a dostanou se na k\u0159i\u017eovatku ulic Dluhonsk\u00e9 a Tr\u017en\u00ed, dostanou se do ne\u0159e\u0161iteln\u00e9 situace.<\/p>\n<p>&nbsp;<\/p>\n<p><strong>Ubytovna nespl\u0148uje podm\u00ednky kvalitn\u00edho bydlen\u00ed<\/strong><\/p>\n<p>Po \u0161\u0165astliv\u00e9m p\u0159e\u017eit\u00ed cesty nadjezdem z\u016fstanou st\u00e1t v k\u0159i\u017eovatce, proto\u017ee nalevo k Baumaxu je rozbit\u00fd betonov\u00fd chodn\u00edk z dla\u017edic bez n\u00e1jezdu pro voz\u00ed\u010dk\u00e1\u0159e. Tak\u017ee cesta k Baumaxu a d\u00e1le k Lidlu a Kauflandu je pro n\u011b uzav\u0159ena. Napravo nen\u00ed z jejich strany \u017e\u00e1dn\u00fd chodn\u00edk! Tento je vybudovan\u00fd jenom pro prodejnu Nissan. \u010c\u00e1st od k\u0159i\u017eovatky je sam\u00e9 bl\u00e1to (b\u00fdval\u00fd tr\u00e1vn\u00edk), kde m\u00e1 probl\u00e9m projet i cyklista. Projet t\u0159\u00edproudovou komunikaci do obytn\u00e9 \u010d\u00e1sti Dluhonsk\u00e9 nemaj\u00ed \u0161anci, proto\u017ee v k\u0159i\u017eovatce nen\u00ed p\u0159echod pro chodce.<\/p>\n<p>Vzhledem k enormn\u011b frekventovan\u00e9 komunikaci sm\u011brem na Olomouc maj\u00ed jedinou \u0161anci, a to vr\u00e1tit se zp\u011bt do ubytovny nebezpe\u010dn\u00fdm nadjezdem. A tak n\u00e1kup v bl\u00edzk\u00e9m Tescu, vzd\u00e1len\u011bj\u0161\u00edm obchod\u016fm na Velk\u00e9 Dl\u00e1\u017ece a d\u00e1le ve m\u011bst\u011b, je pro tyto lidi jenom chim\u00e9ra. P\u0159itom nejde jenom o n\u00e1kupy, lid\u00e9 jsou p\u0159ece komunikativn\u00ed bytosti, pot\u0159ebuj\u00ed kontakt s jin\u00fdmi lidmi, a ne b\u00fdt odk\u00e1z\u00e1ni jenom na \u010dty\u0159i hol\u00e9 st\u011bny a denn\u011b ty sam\u00e9tv\u00e1\u0159e.<\/p>\n<p>Ubytovna nebyla roky rekonstruov\u00e1na, nespl\u0148uje dne\u0161n\u00ed podm\u00ednky kvalitn\u00edho bydlen\u00ed. Je to o to pot\u0159ebn\u011bj\u0161\u00ed, \u017ee v n\u00ed \u017eij\u00ed v\u011bt\u0161inou lid\u00e9 na l\u016f\u017eku, voz\u00ed\u010dk\u00e1\u0159i, sta\u0159\u00ed lid\u00e9, kte\u0159\u00ed vzhledem ke sv\u00e9mu v\u011bku a zdravotn\u00edmu stavu pot\u0159ebuj\u00ed v zim\u011b teploty kolem 25\u00b0C v pokoj\u00edch. Tato podm\u00ednka za sou\u010dasn\u00e9ho stavebn\u00edho stavu ubytovny nen\u00ed splniteln\u00e1.<\/p>\n<p>Objekt nen\u00ed zateplen\u00fd, v podlah\u00e1ch nen\u00ed tepeln\u00e1 izolace a o izolaci strop\u016f n\u011bkolik des\u00edtek let po \u017eivotnosti siln\u011b pochybuji. Krom\u011b toho jeden trakt budovy je orientovan\u00fd na sever, kde celoro\u010dn\u011b nesv\u00edt\u00ed slunce, a tedy i v l\u00e9t\u011b v p\u0159\u00edpad\u011b nep\u0159\u00edzniv\u00e9ho po\u010das\u00ed je nutn\u00e9 zatopit. Siln\u011b pochybuji o tom, \u017ee by to ubytovatel pro tyto lidi d\u011blal.<\/p>\n<p>Nab\u00edz\u00ed se ot\u00e1zka, kdo za popsan\u00fdch okolnost\u00ed povolil u\u017e\u00edvat tento objekt na dlouhodob\u00e9 bydlen\u00ed nemocn\u00fdch lid\u00ed, kdy\u017e nen\u00ed vhodn\u00fd ani pro zdrav\u00e9? Dle u\u017eivatelsk\u00e9ho itiner\u00e1\u0159e a technick\u00e9 zpr\u00e1vy k v\u00fdstavb\u011b m\u011bl b\u00fdt objekt d\u00e1vno zlikvidovan\u00fd a v p\u0159\u00edpad\u011b jeho ponech\u00e1n\u00ed vyu\u017e\u00edvan\u00fd jen jako skladov\u00e9 prostory. V\u0161ichni nad\u00e1vaj\u00ed, \u017ee z P\u0159erova se st\u00e1v\u00e1 odkladi\u0161t\u011b soci\u00e1ln\u011b pot\u0159ebn\u00fdch a n\u011bkdy i nep\u0159izp\u016fsobiv\u00fdch ob\u010dan\u016f.<\/p>\n<p>Jenom\u017ee to nen\u00ed vinou \u0161t\u011bdr\u00e9ho soci\u00e1ln\u00edho syst\u00e9mu, kter\u00fd nezam\u011bstnan\u00fdm a dlouhodob\u011b pob\u00edraj\u00edc\u00edm d\u00e1v\u00e1 m\u011bs\u00ed\u010dn\u011b na jednotlivce skoro 8 tis\u00edc K\u010d. Je to vinou toho, kdo povoluje z\u0159\u00edzen\u00ed ubytoven ve stavebn\u011b nedostate\u010dn\u00fdch objektech.<\/p>\n<p>Co na tom, \u017ee kdysi byly objekty zkolaudov\u00e1ny jako ubytovny. Pokud jejich sou\u010dasn\u00fd stav tomuto \u00fa\u010delu nevyhovuje, nen\u00ed d\u016fvod, pro\u010d by m\u011bl m\u00edt nad\u00e1le tento status a umo\u017enit obohacov\u00e1n\u00ed jednotlivc\u016f na \u00fakor pot\u0159ebn\u00fdch. Podobn\u00e1 situace je i s ubytovnou b\u00fdval\u00e9ho \u010cSD naproti n\u00e1dra\u017e\u00ed. Objekt byl kdysi zkolaudov\u00e1n jako ubytovna, pak od povodn\u011b 1997 byl skoro 20 let nevyu\u017e\u00edvan\u00fd, a hle, znovu je tam ubytovna!<\/p>\n<p>Zji\u0161\u0165oval n\u011bkdo z kompetentn\u00edch, jestli je\u0161t\u011b po tolika letech spl\u0148uje bezpe\u010dnostn\u00ed, zdravotn\u00ed, hygienick\u00e9, po\u017e\u00e1rn\u00ed a jin\u00e9 p\u0159edpisy? Byl ten objekt znovu zkolaudov\u00e1n jako ubytovna? Byly tam vyhotoveny nov\u00e9 revizn\u00ed zpr\u00e1vy a ostatn\u00ed posudky jako u ka\u017ed\u00e9 stavby? Na z\u00e1klad\u011b \u010deho bylo vyd\u00e1no povolen\u00ed k op\u011btovn\u00e9mu u\u017e\u00edv\u00e1n\u00ed t\u00e9to budovy jako ubytovny, kdy\u017e z\u0159ejm\u011b p\u0159ed uveden\u00edm do op\u011btovn\u00e9ho provozu nebyly vykon\u00e1ny \u017e\u00e1dn\u00e9 stavebn\u00ed \u00fapravy?<\/p>\n<p>Tak pro\u010d se div\u00edme, \u017ee se do P\u0159erova st\u011bhuj\u00ed podobn\u00ed lid\u00e9, jak\u00e9 ubytov\u00e1v\u00e1 pan Mirga a ostatn\u00ed majitel\u00e9 ubytoven? V\u017edy\u0165 jim to \u00fa\u0159edn\u00edci Magistr\u00e1tu m\u011bsta P\u0159erova sami umo\u017e\u0148uj\u00ed svou benevolenc\u00ed. Ale dokdy?<\/p>\n<p>ilustra\u010dn\u00ed foto: Flickr.com<\/p>\n","protected":false},"excerpt":{"rendered":"<div class=\"mh-excerpt\"><p>P\u0159ed n\u011bkolika lety si z\u0159\u00eddil pan Mirga v P\u0159erov\u011b na Dluhonsk\u00e9 ulici za nadjezdem ubytovnu pro nezam\u011bstnan\u00e9, soci\u00e1ln\u011b pot\u0159ebn\u00e9 lidi. Ti jsou odk\u00e1z\u00e1ni na milost <a class=\"mh-excerpt-more\" href=\"https:\/\/www.invarena.cz\/?p=15443\" title=\"Pro\u010d jsou soci\u00e1ln\u011b vylou\u010den\u00ed invalid\u00e9 v P\u0159erov\u011b chud\u00e1ci?\">[&#8230;]<\/a><\/p>\n<\/div>","protected":false},"author":1,"featured_media":14203,"comment_status":"open","ping_status":"closed","sticky":false,"template":"","format":"standard","meta":{"footnotes":""},"categories":[7],"tags":[],"class_list":["post-15443","post","type-post","status-publish","format-standard","has-post-thumbnail","hentry","category-spolecnost"],"_links":{"self":[{"href":"https:\/\/www.invarena.cz\/index.php?rest_route=\/wp\/v2\/posts\/15443","targetHints":{"allow":["GET"]}}],"collection":[{"href":"https:\/\/www.invarena.cz\/index.php?rest_route=\/wp\/v2\/posts"}],"about":[{"href":"https:\/\/www.invarena.cz\/index.php?rest_route=\/wp\/v2\/types\/post"}],"author":[{"embeddable":true,"href":"https:\/\/www.invarena.cz\/index.php?rest_route=\/wp\/v2\/users\/1"}],"replies":[{"embeddable":true,"href":"https:\/\/www.invarena.cz\/index.php?rest_route=%2Fwp%2Fv2%2Fcomments&post=15443"}],"version-history":[{"count":0,"href":"https:\/\/www.invarena.cz\/index.php?rest_route=\/wp\/v2\/posts\/15443\/revisions"}],"wp:featuredmedia":[{"embeddable":true,"href":"https:\/\/www.invarena.cz\/index.php?rest_route=\/wp\/v2\/media\/14203"}],"wp:attachment":[{"href":"https:\/\/www.invarena.cz\/index.php?rest_route=%2Fwp%2Fv2%2Fmedia&parent=15443"}],"wp:term":[{"taxonomy":"category","embeddable":true,"href":"https:\/\/www.invarena.cz\/index.php?rest_route=%2Fwp%2Fv2%2Fcategories&post=15443"},{"taxonomy":"post_tag","embeddable":true,"href":"https:\/\/www.invarena.cz\/index.php?rest_route=%2Fwp%2Fv2%2Ftags&post=15443"}],"curies":[{"name":"wp","href":"https:\/\/api.w.org\/{rel}","templated":true}]}}