{"id":15453,"date":"2014-03-31T18:33:41","date_gmt":"2014-03-31T16:33:41","guid":{"rendered":"http:\/\/www.invarena.cz\/?p=15453"},"modified":"2014-03-31T18:33:41","modified_gmt":"2014-03-31T16:33:41","slug":"krasa-chceme-posilit-vyhody-spojene-se-zamestnavanim-zdravotne-znevyhodnenych","status":"publish","type":"post","link":"https:\/\/www.invarena.cz\/?p=15453","title":{"rendered":"Kr\u00e1sa: Chceme pos\u00edlit v\u00fdhody spojen\u00e9 se zam\u011bstn\u00e1v\u00e1n\u00edm zdravotn\u011b znev\u00fdhodn\u011bn\u00fdch"},"content":{"rendered":"<p><strong>Ji\u017e od n\u00e1s v\u00edte, \u017ee status OZZ byl ministrem Dr\u00e1bkem zru\u0161en a mnoh\u00fdm m\u00e9n\u011b posti\u017een\u00fdm lidem to p\u0159in\u00e1\u0161\u00ed nemal\u00e9 existen\u010dn\u00ed probl\u00e9my. MPSV v sou\u010dasn\u00e9 dob\u011b podporuje jeho znovuzaveden\u00ed. Vede se dialog o jeho nov\u00e9 podob\u011b.<\/strong><br \/>\n<!--more--><br \/>\n&#8222;Ministerstvo pr\u00e1ce a soci\u00e1ln\u00edch v\u011bc\u00ed (MPSV) v roce 2013 p\u0159ipravilo n\u00e1vrh novely z\u00e1kona o zam\u011bstnanosti, ve kter\u00e9m navrhuje op\u011btovn\u00e9 zaveden\u00ed kategorie osob zdravotn\u011b znev\u00fdhodn\u011bn\u00fdch (OZZ) jako jedn\u00e9 z podkategori\u00ed osob se zdravotn\u00edm posti\u017een\u00edm.<\/p>\n<p>&#8222;Posuzov\u00e1n\u00ed, zda se jedn\u00e1 nebo nejedn\u00e1 o OZZ, a rozhodov\u00e1n\u00ed o p\u0159izn\u00e1n\u00ed tohoto statusu bude v kompetenci \u010cesk\u00e9 spr\u00e1vy soci\u00e1ln\u00edho zabezpe\u010den\u00ed (\u010cSSZ), resp. p\u0159\u00edslu\u0161n\u00e9 okresn\u00ed spr\u00e1vy soci\u00e1ln\u00edho zabezpe\u010den\u00ed (OSSZ),&#8220; uvedl mluv\u010d\u00ed MPSV Petr Sulek.<\/p>\n<p>A dodal, \u017ee 14. 2. 2014 byla novela z\u00e1kona projedn\u00e1na Poslaneckou sn\u011bmovnou a byla p\u0159ed\u00e1na V\u00fdboru pro soci\u00e1ln\u00ed politiku. Podle n\u011bj v sou\u010dasn\u00e9 dob\u011b nelze ur\u010dit, kdy by mohla za\u010d\u00edt platit.<\/p>\n<p><em>NRZP \u010cR nab\u00edz\u00ed kompromis<\/em><\/p>\n<p>Samotn\u00fd pap\u00edr s vyj\u00e1d\u0159en\u00edm, \u017ee dan\u00e1 osoba je OZZ, je\u0161t\u011b nic neznamen\u00e1, pokud tento status nebude spojen\u00fd s v\u00fdhodami pro jeho nositele. D\u0159\u00edve toti\u017e zam\u011bstnavatel z\u00edsk\u00e1val na OZZ a\u017e 8000 korun jako p\u0159\u00edsp\u011bvek na zam\u011bstn\u00e1v\u00e1n\u00ed handicapovan\u00fdch. Potom, co ale \u010dlov\u011bk o status p\u0159i\u0161el, nemohl si u\u017e v\u011bt\u0161inou zam\u011bstnavatel posti\u017een\u00e9ho finan\u010dn\u011b dovolit zam\u011bstn\u00e1vat.<\/p>\n<p>MPSV v sou\u010dasn\u00e9 chv\u00edli navrhuje, \u017ee by zam\u011bstnavatel mohl z\u00edskat podporu na OZZ maxim\u00e1ln\u011b 4000 korun, tedy polovinu toho, co mohl zam\u011bstnavatel z\u00edskat d\u0159\u00edve a sou\u010dasn\u011b toho, co m\u016f\u017ee z\u00edskat na osoby invalidn\u00ed. \u010cty\u0159i tis\u00edce ale handicapovan\u00fdm nesta\u010d\u00ed.<\/p>\n<p>&#8222;NRZP \u010cR spole\u010dn\u011b s dal\u0161\u00edmi subjekty navrhuj\u00ed kompromisn\u00ed \u0159e\u0161en\u00ed, aby podpora OZZ na mzdov\u00e9 n\u00e1klady \u010dinila maxim\u00e1ln\u011b 6000,- K\u010d m\u011bs\u00ed\u010dn\u011b + 1000,- K\u010d na ostatn\u00ed n\u00e1klady, spojen\u00e9 se zam\u011bstn\u00e1v\u00e1n\u00edm t\u00e9to skupiny lid\u00ed. Panu n\u00e1m\u011bstkovi J. Markovi jsem p\u0159edal v\u00fdpo\u010dty, ze kter\u00fdch je z\u0159ejm\u00e9, \u017ee st\u00e1tn\u00ed rozpo\u010det nem\u016f\u017ee prod\u011blat, pokud poskytne dotaci zam\u011bstnavatel\u016fm ve v\u00fd\u0161e uveden\u00e9m rozsahu. Zam\u011bstnavatel za zam\u011bstnan\u00e9 OZZ odv\u00e1d\u00ed zdravotn\u00ed a soci\u00e1ln\u00ed poji\u0161t\u011bn\u00ed. Z\u00e1rove\u0148 samy OZZ ze sv\u00e9ho p\u0159\u00edjmu z pracovn\u00ed \u010dinnosti odv\u00e1d\u011bj\u00ed tak\u00e9 soci\u00e1ln\u00ed a zdravotn\u00ed poji\u0161t\u011bn\u00ed. Pokud nebudou tito lid\u00e9 zam\u011bstnan\u00ed, tak zpravidla nemaj\u00ed jin\u00e9 finan\u010dn\u00ed prost\u0159edky a budou \u017e\u00e1dat o d\u00e1vky hmotn\u00e9 nouze do \u017eivotn\u00edho minima a p\u0159\u00edsp\u011bvek na bydlen\u00ed. Jestli\u017ee se v\u0161echny tyto \u010d\u00e1stky se\u010dtou, tak je jednozna\u010dn\u00e9, \u017ee st\u00e1tn\u00ed rozpo\u010det nebude t\u00e9m\u011b\u0159 nic prod\u011bl\u00e1vat na zam\u011bstn\u00e1v\u00e1n\u00ed OZZ,&#8220; popisuje kompromis p\u0159edseda NRZP \u010cR V\u00e1clav Kr\u00e1sa.<\/p>\n<p><em>Handicapovan\u00ed se nebudou moci odvolat<\/em><\/p>\n<p>Kr\u00e1sa je\u0161t\u011b poukazuje na skute\u010dnost, \u017ee n\u00e1vrh MPSV dostate\u010dn\u011b neupravuje vymezen\u00ed OZZ. V praxi by to znamenalo, \u017ee by zcela z\u00e1le\u017eelo na dobr\u00e9m rozmaru posudkov\u00e9ho l\u00e9ka\u0159e, zda statut OZZ posuzovan\u00e9mu\u00a0 \u010dlov\u011bku d\u00e1 \u010di ne.<\/p>\n<p>&#8222;Domn\u00edv\u00e1me se, \u017ee je nezbytn\u00e9 stanovit procentn\u00ed ztr\u00e1tu pracovn\u00edch schopnost\u00ed tak, aby bylo z\u0159ejm\u00e9, kdy u\u017e se jedn\u00e1 o osobu zdravotn\u011b znev\u00fdhodn\u011bnou. Navrhujeme, aby statut OZZ byl p\u0159izn\u00e1v\u00e1n lidem, kte\u0159\u00ed maj\u00ed ztr\u00e1tu pracovn\u00edch schopnost\u00ed vy\u0161\u0161\u00ed ne\u017e 20 %. Je to d\u016fle\u017eit\u00e9 tak\u00e9 proto, aby ob\u010dan, kter\u00fd se bude domn\u00edvat, \u017ee byl \u0161patn\u011b posouzen posudkov\u00fdm l\u00e9ka\u0159em, m\u011bl mo\u017enost opravn\u00e9ho prost\u0159edku \u2013 mohl se proti rozhodnut\u00ed odvolat. Jestli\u017ee z\u00e1kon nestanov\u00ed \u017e\u00e1dn\u00e9 krit\u00e9rium statutu OZZ, nen\u00ed prakticky mo\u017en\u00e9 podat opravn\u00fd prost\u0159edek,&#8220; uvedl Kr\u00e1sa.<\/p>\n<p>Des\u00e1t\u00e9ho dubna bude o Novele o zam\u011bstnanosti jednat ji\u017e zmi\u0148ovan\u00fd V\u00fdbor pro soci\u00e1ln\u00ed politiku. V\u011b\u0159me, \u017ee se do\u010dk\u00e1me n\u011bjak\u00e9ho v\u00fdsledku a z\u00e1kon za\u010dne platit co nejd\u0159\u00edve.<\/p>\n<p>Ji\u0159\u00ed Marek<br \/>\ninvArena<\/p>\n","protected":false},"excerpt":{"rendered":"<div class=\"mh-excerpt\"><p>Ji\u017e od n\u00e1s v\u00edte, \u017ee status OZZ byl ministrem Dr\u00e1bkem zru\u0161en a mnoh\u00fdm m\u00e9n\u011b posti\u017een\u00fdm lidem to p\u0159in\u00e1\u0161\u00ed nemal\u00e9 existen\u010dn\u00ed probl\u00e9my. MPSV v sou\u010dasn\u00e9 dob\u011b <a class=\"mh-excerpt-more\" href=\"https:\/\/www.invarena.cz\/?p=15453\" title=\"Kr\u00e1sa: Chceme pos\u00edlit v\u00fdhody spojen\u00e9 se zam\u011bstn\u00e1v\u00e1n\u00edm zdravotn\u011b znev\u00fdhodn\u011bn\u00fdch\">[&#8230;]<\/a><\/p>\n<\/div>","protected":false},"author":3,"featured_media":670,"comment_status":"open","ping_status":"closed","sticky":false,"template":"","format":"standard","meta":{"footnotes":""},"categories":[6,9],"tags":[],"class_list":["post-15453","post","type-post","status-publish","format-standard","has-post-thumbnail","hentry","category-politika","category-zpravy"],"_links":{"self":[{"href":"https:\/\/www.invarena.cz\/index.php?rest_route=\/wp\/v2\/posts\/15453","targetHints":{"allow":["GET"]}}],"collection":[{"href":"https:\/\/www.invarena.cz\/index.php?rest_route=\/wp\/v2\/posts"}],"about":[{"href":"https:\/\/www.invarena.cz\/index.php?rest_route=\/wp\/v2\/types\/post"}],"author":[{"embeddable":true,"href":"https:\/\/www.invarena.cz\/index.php?rest_route=\/wp\/v2\/users\/3"}],"replies":[{"embeddable":true,"href":"https:\/\/www.invarena.cz\/index.php?rest_route=%2Fwp%2Fv2%2Fcomments&post=15453"}],"version-history":[{"count":0,"href":"https:\/\/www.invarena.cz\/index.php?rest_route=\/wp\/v2\/posts\/15453\/revisions"}],"wp:featuredmedia":[{"embeddable":true,"href":"https:\/\/www.invarena.cz\/index.php?rest_route=\/wp\/v2\/media\/670"}],"wp:attachment":[{"href":"https:\/\/www.invarena.cz\/index.php?rest_route=%2Fwp%2Fv2%2Fmedia&parent=15453"}],"wp:term":[{"taxonomy":"category","embeddable":true,"href":"https:\/\/www.invarena.cz\/index.php?rest_route=%2Fwp%2Fv2%2Fcategories&post=15453"},{"taxonomy":"post_tag","embeddable":true,"href":"https:\/\/www.invarena.cz\/index.php?rest_route=%2Fwp%2Fv2%2Ftags&post=15453"}],"curies":[{"name":"wp","href":"https:\/\/api.w.org\/{rel}","templated":true}]}}