{"id":15467,"date":"2014-04-01T13:53:58","date_gmt":"2014-04-01T11:53:58","guid":{"rendered":"http:\/\/www.invarena.cz\/?p=15467"},"modified":"2014-10-20T20:01:28","modified_gmt":"2014-10-20T18:01:28","slug":"na-dno-macochy-se-ted-podivaji-i-vozickari","status":"publish","type":"post","link":"https:\/\/www.invarena.cz\/?p=15467","title":{"rendered":"Na dno Macochy se te\u010f pod\u00edvaj\u00ed i voz\u00ed\u010dk\u00e1\u0159i"},"content":{"rendered":"<p><strong>Otev\u0159en\u00ed nov\u00e9 cesty na\u010dasovali jesky\u0148\u00e1\u0159i ke st\u00e9mu v\u00fdro\u010d\u00ed zp\u0159\u00edstupn\u011bn\u00ed dna propasti Macochy. Dosud se dostali lid\u00e9 na voz\u00edku nejd\u00e1l k P\u0159edn\u00edmu d\u00f3mu. Nov\u00e9 \u00fapravy ocen\u00ed i rodi\u010de s ko\u010d\u00e1rky.<\/strong><!--more--><\/p>\n<p>Kdy\u017e se cht\u011bla voz\u00ed\u010dk\u00e1\u0159ka Leona H\u00e1jkov\u00e1 z Boskovic v minulosti pod\u00edvat do Punkevn\u00edch jeskyn\u00ed a na dno propasti Macochy v Moravsk\u00e9m krasu, m\u011bla prost\u011b sm\u016flu. Turistick\u00e9 l\u00e1kadlo bylo voz\u00ed\u010dk\u00e1\u0159\u016fm a zdravotn\u011b posti\u017een\u00fdm zapov\u011bzen\u00e9. Od pond\u011bl\u00ed to u\u017e ale neplat\u00ed.<\/p>\n<p>&#8222;Je to jenom dob\u0159e. S chut\u00ed se zajedu do Moravsk\u00e9ho krasu pod\u00edvat. Byla jsem u\u017e ve Sloupsko-\u0161o\u0161\u016fvsk\u00fdch jeskyn\u00edch, kam se voz\u00ed\u010dk\u00e1\u0159i s doprovodem dostanou. Jsem r\u00e1da, \u017ee se n\u00e1m tato mo\u017enost otev\u00edr\u00e1 i na dal\u0161\u00edm m\u00edst\u011b,&#8220; poznamenala Leona H\u00e1jkov\u00e1, kter\u00e1 r\u00e1da nav\u0161t\u011bvuje turisticky zaj\u00edmav\u00e1 m\u00edsta.<\/p>\n<p>&#8222;Rad\u011bji si ale v\u017edy zavol\u00e1m p\u0159edem, jak na tom jsou s bezbari\u00e9rovost\u00ed, abych nev\u00e1\u017eila zbyte\u010dnou cestu,&#8220; doplnila voz\u00ed\u010dk\u00e1\u0159ka. Jedni z prvn\u00edch, kte\u0159\u00ed si novou trasu na dno propasti Macocha vyzkou\u0161ely, byly d\u011bti ze Z\u00e1kladn\u00ed \u0161koly speci\u00e1ln\u00ed v Blansku. &#8222;Bylo to p\u0159\u00edjemn\u00e9. D\u011bti jsou lehk\u00e9, nebyl probl\u00e9m. Cesta se d\u00e1 s invalidn\u00edm voz\u00edkem bez probl\u00e9m\u016f zvl\u00e1dnout,&#8220; sv\u011b\u0159ila se Hana Strakov\u00e1, kter\u00e1 d\u011btem d\u011blala doprovod.<\/p>\n<p>Otev\u0159en\u00ed nov\u00e9 cesty jesky\u0148\u00e1\u0159i na\u010dasovali ke st\u00e9mu v\u00fdro\u010d\u00ed zp\u0159\u00edstupn\u011bn\u00ed dna propasti Macochy.<br \/>\n&#8222;I kdy\u017e si ji v historii prohl\u00e9dly u\u017e miliony n\u00e1v\u0161t\u011bvn\u00edk\u016f, voz\u00ed\u010dk\u00e1\u0159i se zat\u00edm dostali jen do P\u0159edn\u00edho d\u00f3mu Punkevn\u00edch jeskyn\u00ed,&#8220; podotkl vedouc\u00ed Spr\u00e1vy jeskyn\u00ed Moravsk\u00e9ho krasu Ji\u0159\u00ed Hebelka.<\/p>\n<p>V p\u0159\u00edstupu na dno propasti jim toti\u017e br\u00e1nily schody. &#8222;V roce 2012 proto vznikl z\u00e1m\u011br \u00fapravy turistick\u00e9 trasy, kter\u00e1 by umo\u017enila handicapovan\u00fdm projet suchou \u010d\u00e1st\u00ed Punkevn\u00edch jeskyn\u00ed a\u017e na dno propasti Macocha,&#8220; doplnil Hebelka.<br \/>\nD\u011bln\u00edci proto od lo\u0148sk\u00e9ho podzimu vyt\u011b\u017eili a odvezli p\u0159es 200 metr\u016f krychlov\u00fdch materi\u00e1lu.<\/p>\n<p>&#8222;V\u011bt\u0161inu \u010dinnost\u00ed jsme d\u011blali v odpoledn\u00edch a no\u010dn\u00edch hodin\u00e1ch tak, aby nebyl omezen celoro\u010dn\u00ed provoz Punkevn\u00edch jeskyn\u00ed,&#8220; uvedl vedouc\u00ed spr\u00e1vy jeskyn\u00ed. Proveden\u00e1 \u00faprava n\u00e1v\u0161t\u011bvn\u00ed trasy sice nespl\u0148uje p\u0159\u00edsn\u00e9 parametry bezbari\u00e9rov\u00e9ho p\u0159\u00edstupu, ale s doprovodem a s pomoc\u00ed pracovn\u00edk\u016f Punkevn\u00edch jeskyn\u00ed se voz\u00ed\u010dk\u00e1\u0159i na dno propasti bez probl\u00e9m\u016f dostanou. D\u0159\u00edve se na zdravotn\u011b znev\u00fdhodn\u011bn\u00e9 prost\u011b nemyslelo.<\/p>\n<p>V Punkevn\u00edch jeskyn\u00edch vznikla u\u017e druh\u00e1 bezbari\u00e9rov\u00e1 cesta v Moravsk\u00e9m krasu. Prvn\u00ed je ve Sloupsko-\u0161o\u0161\u016fvsk\u00fdch jeskyn\u00edch.<br \/>\n&#8222;V minulosti se na voz\u00ed\u010dk\u00e1\u0159e a zdravotn\u011b posti\u017een\u00e9 v\u016fbec nemyslelo. Doch\u00e1zelo t\u00edm k jejich diskriminaci a vy\u0159azen\u00ed z b\u011b\u017en\u00e9ho \u017eivota.<\/p>\n<p>V dne\u0161n\u00ed dob\u011b je bezbari\u00e9rovost stanovena stavebn\u00edm z\u00e1konem a p\u0159edev\u0161\u00edm vyhl\u00e1\u0161kou. V \u0159e\u0161en\u00ed a vybudov\u00e1n\u00ed bezbari\u00e9rov\u00fdch za\u0159\u00edzen\u00ed doch\u00e1z\u00ed k ur\u010dit\u00fdm chyb\u00e1m, je st\u00e1le co napravovat, ale ka\u017edou men\u0161\u00ed \u00fapravu v\u00edt\u00e1me,&#8220; poznamenal odborn\u00fd konzultant a \u010dlen Okresn\u00ed organizace Svazu t\u011blesn\u011b posti\u017een\u00fdch Blansko Ji\u0159\u00ed \u0160t\u011bp.<br \/>\n\u00dapravy podle n\u011bj toti\u017e neslou\u017e\u00ed jen zdravotn\u011b posti\u017een\u00fdm a voz\u00ed\u010dk\u00e1\u0159\u016fm, ale i do\u010dasn\u00fdm invalid\u016fm a tak\u00e9 rodi\u010d\u016fm mal\u00fdch d\u011bt\u00ed.<br \/>\n&#8222;Za ka\u017ed\u00fd takov\u00fd po\u010din jsem velice r\u00e1d. V\u011b\u0159\u00edm, \u017ee cesta bude hojn\u011b vyu\u017e\u00edvan\u00e1 a p\u0159isp\u011bje ke zkvalitn\u011bn\u00ed \u017eivota voz\u00ed\u010dk\u00e1\u0159\u016f,&#8220; dodal \u0160t\u011bp.<\/p>\n<p>Pavel \u0160merda<br \/>\n<a href=\"http:\/\/www.idnes.cz\">Mlad\u00e1 fronta DNES \u00a0http:\/\/www.idnes.cz<\/a><\/p>\n","protected":false},"excerpt":{"rendered":"<div class=\"mh-excerpt\"><p>Otev\u0159en\u00ed nov\u00e9 cesty na\u010dasovali jesky\u0148\u00e1\u0159i ke st\u00e9mu v\u00fdro\u010d\u00ed zp\u0159\u00edstupn\u011bn\u00ed dna propasti Macochy. Dosud se dostali lid\u00e9 na voz\u00edku nejd\u00e1l k P\u0159edn\u00edmu d\u00f3mu. Nov\u00e9 \u00fapravy ocen\u00ed <a class=\"mh-excerpt-more\" href=\"https:\/\/www.invarena.cz\/?p=15467\" title=\"Na dno Macochy se te\u010f pod\u00edvaj\u00ed i voz\u00ed\u010dk\u00e1\u0159i\">[&#8230;]<\/a><\/p>\n<\/div>","protected":false},"author":1,"featured_media":4975,"comment_status":"open","ping_status":"closed","sticky":false,"template":"","format":"standard","meta":{"footnotes":""},"categories":[7],"tags":[],"class_list":["post-15467","post","type-post","status-publish","format-standard","has-post-thumbnail","hentry","category-spolecnost"],"_links":{"self":[{"href":"https:\/\/www.invarena.cz\/index.php?rest_route=\/wp\/v2\/posts\/15467","targetHints":{"allow":["GET"]}}],"collection":[{"href":"https:\/\/www.invarena.cz\/index.php?rest_route=\/wp\/v2\/posts"}],"about":[{"href":"https:\/\/www.invarena.cz\/index.php?rest_route=\/wp\/v2\/types\/post"}],"author":[{"embeddable":true,"href":"https:\/\/www.invarena.cz\/index.php?rest_route=\/wp\/v2\/users\/1"}],"replies":[{"embeddable":true,"href":"https:\/\/www.invarena.cz\/index.php?rest_route=%2Fwp%2Fv2%2Fcomments&post=15467"}],"version-history":[{"count":0,"href":"https:\/\/www.invarena.cz\/index.php?rest_route=\/wp\/v2\/posts\/15467\/revisions"}],"wp:featuredmedia":[{"embeddable":true,"href":"https:\/\/www.invarena.cz\/index.php?rest_route=\/wp\/v2\/media\/4975"}],"wp:attachment":[{"href":"https:\/\/www.invarena.cz\/index.php?rest_route=%2Fwp%2Fv2%2Fmedia&parent=15467"}],"wp:term":[{"taxonomy":"category","embeddable":true,"href":"https:\/\/www.invarena.cz\/index.php?rest_route=%2Fwp%2Fv2%2Fcategories&post=15467"},{"taxonomy":"post_tag","embeddable":true,"href":"https:\/\/www.invarena.cz\/index.php?rest_route=%2Fwp%2Fv2%2Ftags&post=15467"}],"curies":[{"name":"wp","href":"https:\/\/api.w.org\/{rel}","templated":true}]}}