{"id":15506,"date":"2014-04-06T08:26:00","date_gmt":"2014-04-06T06:26:00","guid":{"rendered":"http:\/\/www.invarena.cz\/?p=15506"},"modified":"2014-10-20T20:01:28","modified_gmt":"2014-10-20T18:01:28","slug":"okradli-invalidniho-hosta","status":"publish","type":"post","link":"https:\/\/www.invarena.cz\/?p=15506","title":{"rendered":"Okradli invalidn\u00edho hosta"},"content":{"rendered":"<p><strong>Hosta na invalidn\u00edm voz\u00edku okradl zam\u011bstnanec jedn\u00e9 z karlovarsk\u00fdch restaurac\u00ed. Zlod\u011bj vyu\u017eil v sobotu ve\u010der chv\u00edle, kdy kamar\u00e1d vezl jednat\u0159icetilet\u00e9ho cizince na invalidn\u00edm voz\u00edku ven z restaurace.<!--more--><\/strong><\/p>\n<p>Na kl\u00edn\u011b mu p\u0159itom sed\u011bla jeho dcerka a v ruce dr\u017eela otcovu pen\u011b\u017eenku.<\/p>\n<p>&#8222;Mu\u017e v n\u00ed m\u011bl t\u00e9m\u011b\u0159 patn\u00e1ct tis\u00edc korun a n\u011bkolik platebn\u00edch karet,&#8220; up\u0159esnila policejn\u00ed mluv\u010d\u00ed Zuzana T\u00fd\u0159ov\u00e1. Ve chv\u00edli, kdy d\u00edt\u011bti pen\u011b\u017eenka vypadla z ruky, vyc\u00edtil jednadvacetilet\u00fd mlad\u00edk \u0161anci.<\/p>\n<p>Po\u010dkal, a\u017e host\u00e9 z restaurace odejdou, a pen\u011b\u017eenku ukradl.<\/p>\n<p>&#8222;Schoval si ji potom na toalety pro zam\u011bstnance. Tam ji ale na\u0161la majitelka provozovny a vr\u00e1tila ji zp\u011bt majiteli,&#8220; up\u0159esnila T\u00fd\u0159ov\u00e1.<\/p>\n<p>Karlovar\u0161t\u00ed policist\u00e9 obvinili mlad\u00e9ho zam\u011bstnance restaurace z kr\u00e1de\u017ee a neopr\u00e1vn\u011bn\u00e9ho opat\u0159en\u00ed, pad\u011bl\u00e1n\u00ed a pozm\u011bn\u011bn\u00ed platebn\u00edho prost\u0159edku, hroz\u00ed mu a\u017e dva roky v\u011bzen\u00ed.<\/p>\n<p>Za dva trestn\u00e9 \u010diny, a to kr\u00e1de\u017ee a neopr\u00e1vn\u011bn\u00e9ho opat\u0159en\u00ed, pad\u011bl\u00e1n\u00ed a pozm\u011bn\u011bn\u00ed platebn\u00edho prost\u0159edku, si m\u016f\u017ee mlad\u00edk v p\u0159\u00edpad\u011b prok\u00e1z\u00e1n\u00ed viny odsed\u011bt a\u017e dva roky ve v\u011bzen\u00ed.<\/p>\n<p><a href=\"http:\/\/www.idnes.cz\">Mlad\u00e1 fronta DNES<\/a><\/p>\n","protected":false},"excerpt":{"rendered":"<div class=\"mh-excerpt\"><p>Hosta na invalidn\u00edm voz\u00edku okradl zam\u011bstnanec jedn\u00e9 z karlovarsk\u00fdch restaurac\u00ed. Zlod\u011bj vyu\u017eil v sobotu ve\u010der chv\u00edle, kdy kamar\u00e1d vezl jednat\u0159icetilet\u00e9ho cizince na invalidn\u00edm voz\u00edku ven <a class=\"mh-excerpt-more\" href=\"https:\/\/www.invarena.cz\/?p=15506\" title=\"Okradli invalidn\u00edho hosta\">[&#8230;]<\/a><\/p>\n<\/div>","protected":false},"author":1,"featured_media":0,"comment_status":"open","ping_status":"closed","sticky":false,"template":"","format":"standard","meta":{"footnotes":""},"categories":[9],"tags":[],"class_list":["post-15506","post","type-post","status-publish","format-standard","hentry","category-zpravy"],"_links":{"self":[{"href":"https:\/\/www.invarena.cz\/index.php?rest_route=\/wp\/v2\/posts\/15506","targetHints":{"allow":["GET"]}}],"collection":[{"href":"https:\/\/www.invarena.cz\/index.php?rest_route=\/wp\/v2\/posts"}],"about":[{"href":"https:\/\/www.invarena.cz\/index.php?rest_route=\/wp\/v2\/types\/post"}],"author":[{"embeddable":true,"href":"https:\/\/www.invarena.cz\/index.php?rest_route=\/wp\/v2\/users\/1"}],"replies":[{"embeddable":true,"href":"https:\/\/www.invarena.cz\/index.php?rest_route=%2Fwp%2Fv2%2Fcomments&post=15506"}],"version-history":[{"count":0,"href":"https:\/\/www.invarena.cz\/index.php?rest_route=\/wp\/v2\/posts\/15506\/revisions"}],"wp:attachment":[{"href":"https:\/\/www.invarena.cz\/index.php?rest_route=%2Fwp%2Fv2%2Fmedia&parent=15506"}],"wp:term":[{"taxonomy":"category","embeddable":true,"href":"https:\/\/www.invarena.cz\/index.php?rest_route=%2Fwp%2Fv2%2Fcategories&post=15506"},{"taxonomy":"post_tag","embeddable":true,"href":"https:\/\/www.invarena.cz\/index.php?rest_route=%2Fwp%2Fv2%2Ftags&post=15506"}],"curies":[{"name":"wp","href":"https:\/\/api.w.org\/{rel}","templated":true}]}}