{"id":15518,"date":"2014-04-04T09:40:00","date_gmt":"2014-04-04T07:40:00","guid":{"rendered":"http:\/\/www.invarena.cz\/?p=15518"},"modified":"2014-04-04T09:40:18","modified_gmt":"2014-04-04T07:40:18","slug":"boj-za-zachovani-specialnich-skol-pro-mentalne-postizene-deti","status":"publish","type":"post","link":"https:\/\/www.invarena.cz\/?p=15518","title":{"rendered":"Boj za zachov\u00e1n\u00ed speci\u00e1ln\u00edch \u0161kol pro ment\u00e1ln\u011b posti\u017een\u00e9 d\u011bti"},"content":{"rendered":"<p><strong>Neru\u0161te speci\u00e1ln\u00ed \u0161koly. D\u011bti, kter\u00e9 pot\u0159ebuj\u00ed zvl\u00e1\u0161tn\u00ed p\u00e9\u010di, se budou na t\u011bch b\u011b\u017en\u00fdch tr\u00e1pit a kvalita v\u00fduky klesne. S touto v\u00fdzvou se obracej\u00ed na ministra \u0161kolstv\u00ed starostov\u00e9 n\u011bkter\u00fdch obc\u00ed. Polemika o budoucnosti speci\u00e1ln\u00edch \u0161kol s\u00edl\u00ed.<!--more--><\/strong><br \/>\nD\u011bt\u00ed m\u00edrn\u011b \u010di v\u00edce ment\u00e1ln\u011b zaostal\u00e9 poslali rodi\u010de nebo psychologov\u00e9 do speci\u00e1ln\u00ed \u0161koly v Hradci Kr\u00e1lov\u00e9. Ve t\u0159\u00edd\u00e1ch jich jsou t\u00e9m\u011b\u0159 t\u0159i stovky.<\/p>\n<p>Pavel SVOBODA, \u0159editel speci\u00e1ln\u00ed \u0161koly, Hradec Kr\u00e1lov\u00e9:<br \/>\nTy d\u011bti maj\u00ed skute\u010dn\u00e9 a objektivn\u00ed limity.<\/p>\n<p><strong>P\u0159esto vl\u00e1dn\u00ed agentura pro soci\u00e1ln\u00ed za\u010dle\u0148ov\u00e1n\u00ed doporu\u010duje, aby v\u011bt\u0161ina z nich p\u0159e\u0161la do z\u00e1kladn\u00edch \u0161kol b\u011b\u017en\u00fdch.<\/strong><\/p>\n<p>Martin \u0160IM\u00c1\u010cEK, Agentura pro soci\u00e1ln\u00ed za\u010dle\u0148ov\u00e1n\u00ed:<br \/>\nPokud jsou d\u011bti hned od prvn\u00edch let sv\u00e9 z\u00e1kladn\u00ed povinn\u00e9 \u0161koln\u00ed doch\u00e1zky segregov\u00e1ny, jsou stranou ostatn\u00edch d\u011bt\u00ed, tak \u010dasto nenabydou ty z\u00e1kladn\u00ed d\u016fle\u017eit\u00e9 kompetence, nepoc\u00edt\u00ed konkurenci, ale tak\u00e9 spolupr\u00e1ci mezi ostatn\u00edmi d\u011btmi v tom vrstevnick\u00e9m kolektivu.<\/p>\n<p>Pavel SVOBODA,<br \/>\nD\u00edt\u011b s ment\u00e1ln\u00edm posti\u017een\u00edm bude v takov\u00e9m prost\u0159ed\u00ed, ve kter\u00e9m mu nebude a\u017e tak rozum\u011bt. Logicky to d\u00edt\u011b, kdy\u017e nebude v\u011bd\u011bt, o \u010dem je kolem \u0159e\u010d, tak nem\u016f\u017ee b\u00fdt \u0161\u0165astn\u00e9.<\/p>\n<p><strong>Starostov\u00e9 te\u010f podepisuj\u00ed otev\u0159en\u00fd dopis ministrovi \u0161kolstv\u00ed. Podle nich p\u0159\u00edchod d\u011bt\u00ed, kter\u00e9 se u\u010d\u00ed h\u016f\u0159, kvalitu v\u00fduky na b\u011b\u017en\u00fdch \u0161kol\u00e1ch sn\u00ed\u017e\u00ed.<\/strong><\/p>\n<p>Miroslav UCHYTIL, starosta, Chlumec n. Cidlinou \/KDU-\u010cSL\/:<br \/>\nP\u0159ich\u00e1z\u00ed \u017e\u00e1ci, kte\u0159\u00ed se tam budou tr\u00e1pit, a celkov\u011b ten u\u010ditel nem\u00e1 \u0161anci zvl\u00e1dnout tu hodinu tak, jak by ji zvl\u00e1dal doposud.<\/p>\n<p>T\u00e1\u0148a \u0160ORMOV\u00c1, radn\u00ed pro \u0161kolstv\u00ed, Kr\u00e1lov\u00e9hradeck\u00fd kraj \/KS\u010cM\/:<br \/>\nPokud dojde k bezhlav\u00e9 integraci, klesne \u00farove\u0148 vzd\u011bl\u00e1v\u00e1n\u00ed na b\u011b\u017en\u00fdch z\u00e1kladn\u00edch \u0161kol\u00e1ch.<\/p>\n<p><strong>S inkluz\u00ed, za\u010dlen\u011bn\u00edm posti\u017een\u00fdch d\u011bt\u00ed do b\u011b\u017en\u00fdch \u0161kol, postupujme opatrn\u011b, <\/strong><strong>nab\u00e1d\u00e1 ministerstvo.<\/strong><\/p>\n<p>Marcel CHL\u00c1DEK, ministr \u0161kolstv\u00ed \/\u010cSSD\/:<br \/>\nNejsem p\u0159\u00edznivcem \u0159e\u0161en\u00ed rychl\u00e9ho \u0159ezu. V tomto p\u0159\u00edpad\u011b p\u0159edpokl\u00e1d\u00e1m, \u017ee minim\u00e1ln\u011b n\u011bkolik let bude prob\u00edhat postupn\u00e1 inkluze.<\/p>\n<p>Proces bude st\u00e1t a\u017e n\u011bkolik miliard korun.<\/p>\n<p><em>report\u00e1\u017e \u010cesk\u00e1 televize.<\/em><\/p>\n<p><strong>Sch\u00e1z\u00ed supervize<\/strong><\/p>\n<p>Podle slov \u0159editelky Z\u0160 speci\u00e1ln\u00ed v Jihlav\u011b Zuzany \u0160imkov\u00e9 s sebou pr\u00e1ce s t\u011b\u017ece posti\u017een\u00fdmi d\u011btmi na druh\u00e9 stran\u011b nese velkou z\u00e1t\u011b\u017e pro u\u010ditele: &#8222;Co n\u00e1m n\u011bkdy chyb\u00ed, to je podp\u016frn\u00e1 slu\u017eba \u2013 \u0161koln\u00ed psycholog, tedy supervize, kterou m\u00edvaj\u00ed pracovn\u00edci v soci\u00e1ln\u00edch slu\u017eb\u00e1ch.&#8220;<\/p>\n<p>Sami u\u010ditel\u00e9 toti\u017e maj\u00ed minim\u00e1ln\u00ed mo\u017enost si od problematiky pr\u00e1ce s t\u011b\u017ece posti\u017een\u00fdmi odpo\u010dinout, co\u017e vytv\u00e1\u0159\u00ed tlak a nebezpe\u010d\u00ed vyho\u0159en\u00ed. &#8222;Supervize by m\u011bla fungovat tak, \u017ee nap\u0159\u00edklad externista p\u0159ijde do \u0161koly a \u0159e\u0161\u00ed s pracovn\u00edky jejich probl\u00e9my, a\u0165 u\u017e t\u0159eba vztahov\u011bpracovn\u00ed, anebo i osobn\u00ed,&#8220; vysv\u011btluje \u0160imkov\u00e1.<\/p>\n","protected":false},"excerpt":{"rendered":"<div class=\"mh-excerpt\"><p>Neru\u0161te speci\u00e1ln\u00ed \u0161koly. D\u011bti, kter\u00e9 pot\u0159ebuj\u00ed zvl\u00e1\u0161tn\u00ed p\u00e9\u010di, se budou na t\u011bch b\u011b\u017en\u00fdch tr\u00e1pit a kvalita v\u00fduky klesne. S touto v\u00fdzvou se obracej\u00ed na ministra <a class=\"mh-excerpt-more\" href=\"https:\/\/www.invarena.cz\/?p=15518\" title=\"Boj za zachov\u00e1n\u00ed speci\u00e1ln\u00edch \u0161kol pro ment\u00e1ln\u011b posti\u017een\u00e9 d\u011bti\">[&#8230;]<\/a><\/p>\n<\/div>","protected":false},"author":1,"featured_media":1827,"comment_status":"open","ping_status":"closed","sticky":false,"template":"","format":"standard","meta":{"footnotes":""},"categories":[7],"tags":[],"class_list":["post-15518","post","type-post","status-publish","format-standard","has-post-thumbnail","hentry","category-spolecnost"],"_links":{"self":[{"href":"https:\/\/www.invarena.cz\/index.php?rest_route=\/wp\/v2\/posts\/15518","targetHints":{"allow":["GET"]}}],"collection":[{"href":"https:\/\/www.invarena.cz\/index.php?rest_route=\/wp\/v2\/posts"}],"about":[{"href":"https:\/\/www.invarena.cz\/index.php?rest_route=\/wp\/v2\/types\/post"}],"author":[{"embeddable":true,"href":"https:\/\/www.invarena.cz\/index.php?rest_route=\/wp\/v2\/users\/1"}],"replies":[{"embeddable":true,"href":"https:\/\/www.invarena.cz\/index.php?rest_route=%2Fwp%2Fv2%2Fcomments&post=15518"}],"version-history":[{"count":0,"href":"https:\/\/www.invarena.cz\/index.php?rest_route=\/wp\/v2\/posts\/15518\/revisions"}],"wp:featuredmedia":[{"embeddable":true,"href":"https:\/\/www.invarena.cz\/index.php?rest_route=\/wp\/v2\/media\/1827"}],"wp:attachment":[{"href":"https:\/\/www.invarena.cz\/index.php?rest_route=%2Fwp%2Fv2%2Fmedia&parent=15518"}],"wp:term":[{"taxonomy":"category","embeddable":true,"href":"https:\/\/www.invarena.cz\/index.php?rest_route=%2Fwp%2Fv2%2Fcategories&post=15518"},{"taxonomy":"post_tag","embeddable":true,"href":"https:\/\/www.invarena.cz\/index.php?rest_route=%2Fwp%2Fv2%2Ftags&post=15518"}],"curies":[{"name":"wp","href":"https:\/\/api.w.org\/{rel}","templated":true}]}}