{"id":15529,"date":"2014-04-03T11:39:13","date_gmt":"2014-04-03T09:39:13","guid":{"rendered":"http:\/\/www.invarena.cz\/?p=15529"},"modified":"2014-10-20T20:01:28","modified_gmt":"2014-10-20T18:01:28","slug":"slavny-onkolog-vorlicek-konci-uz-jsem-zazil-vse","status":"publish","type":"post","link":"https:\/\/www.invarena.cz\/?p=15529","title":{"rendered":"Slavn\u00fd onkolog Vorl\u00ed\u010dek kon\u010d\u00ed: &#8222;U\u017e jsem za\u017eil v\u0161e&#8220;"},"content":{"rendered":"<p><strong>Z \u010dela Masarykova onkologick\u00e9ho \u00fastavu v Brn\u011b po \u0161esti letech odch\u00e1z\u00ed Ji\u0159\u00ed Vorl\u00ed\u010dek. Rozhodl se rezignovat kv\u016fli sv\u00e9mu v\u011bku. Letos oslav\u00ed sedmdes\u00e1tku. &#8222;\u010cesk\u00e1 onkologie je na \u0161pi\u010dce,&#8220; \u0159\u00edk\u00e1.<\/strong><br \/>\n<!--more--><\/p>\n<p>Jeden\u00e1ct let\u00a0byl p\u0159edsedou\u00a0\u010cesk\u00e9 onkologick\u00e9 spole\u010dnosti a \u0161est let \u0159\u00eddil nejv\u011bt\u0161\u00ed \u010deskou nemocnici, kter\u00e1 se specializuje na l\u00e9\u010dbu pacient\u016f s n\u00e1dory. V\u010dera v\u0161ak onkolog Ji\u0159\u00ed Vorl\u00ed\u010dek p\u0159ekvapiv\u011b rezignoval na funkci v \u010dele Masarykova onkologick\u00e9ho \u00fastavu.<\/p>\n<p>Od\u016fvodnil to vysok\u00fdm v\u011bkem. &#8222;Pl\u00e1noval jsem skon\u010dit letos na konci roku, ale rozhodl jsem se sv\u016fj odchod usp\u00ed\u0161it,&#8220; \u0159ekl MF DNES.<br \/>\nNepolo\u017eil v\u0161ak v\u0161echny funkce. D\u00e1l bude p\u0159edsedat \u010cesk\u00e9 onkologick\u00e9 spole\u010dnosti. Ta je velmi vlivn\u00e1 a p\u0159i ka\u017edoro\u010dn\u00edch jedn\u00e1n\u00edch o pen\u011bz\u00edch pro specializovan\u00e1 centra na l\u00e9\u010dbu rakoviny je silnou soupe\u0159kou pro zdravotn\u00ed poji\u0161\u0165ovny.<\/p>\n<p>O \u00famyslu odej\u00edt z funkce informoval Vorl\u00ed\u010dek dopisem ministra zdravotnictv\u00ed Svatopluka N\u011bme\u010dka (\u010cSSD) a z\u00e1rove\u0148 jej po\u017e\u00e1dal, aby vypsal v\u00fdb\u011brov\u00e9 \u0159\u00edzen\u00ed na nov\u00e9ho \u0159editele \u00fastavu. Ministrovi tak\u00e9 v dopise nab\u00eddl, \u017ee se vzd\u00e1 funkce den p\u0159ed n\u00e1stupem nov\u00e9ho \u0161\u00e9fa.<\/p>\n<p>Masaryk\u016fv onkologick\u00fd \u00fastav je nejv\u011bt\u0161\u00ed onkologick\u00e9 centrum na Morav\u011b. Ro\u010dn\u011b hospitalizuje na deset tis\u00edc pacient\u016f a v ambulanc\u00edch o\u0161et\u0159\u00ed 200 tis\u00edc lid\u00ed. Pravideln\u011b vyhr\u00e1v\u00e1 ankety pacient\u016f o nejp\u0159\u00edv\u011btiv\u011bj\u0161\u00ed nemocnici.<\/p>\n<p><em>&#8222;Jsem spokojen\u00fd, jdu na golf&#8220;<\/em><\/p>\n<p>Vorl\u00ed\u010dk\u016fv odchod je p\u0159esto pon\u011bkud p\u0159ekvapiv\u00fd a n\u00e1hl\u00fd. On s\u00e1m to v\u0161ak v\u00edc rozv\u00e1d\u011bt odm\u00edt\u00e1.<br \/>\n&#8222;Jsem te\u010f skute\u010dn\u011b spokojen\u00fd. T\u011b\u0161\u00edm se toti\u017e, \u017ee budu m\u00edt v\u00edc \u010dasu na to, abych si zlep\u0161oval sv\u016fj golfov\u00fd handicap,&#8220; \u0159\u00edk\u00e1.<\/p>\n<p>Jako o l\u00e9ka\u0159e o n\u011bj v\u0161ak pacienti \u00fapln\u011b nep\u0159ijdou, na intern\u00ed hematoonkologick\u00e9 klinice v Brn\u011b si podr\u017e\u00ed mal\u00fd \u00favazek.<br \/>\n&#8222;Ale skute\u010dn\u011b jen mal\u00fd. Za t\u011bch p\u011bta\u010dty\u0159icet let kari\u00e9ry jsem si v onkologii za\u017eil v\u0161echno, co se dalo,&#8220; \u0159\u00edk\u00e1. A hodnot\u00ed, \u017ee \u010desk\u00e1 onkologie je podle n\u011bj na \u0161pi\u010dce v Evrop\u011b co do v\u00fdsledk\u016f l\u00e9\u010dby.<\/p>\n<p>&#8222;Pacient\u016fm jsou k dispozici metody l\u00e9\u010dby, o jak\u00fdch se mi tehdy, kdy\u017e jsem nastupoval do praxe jako mlad\u00fd l\u00e9ka\u0159, ani nesnilo. Medic\u00edna v onkologii ud\u011blala obrovsk\u00fd skok dop\u0159edu, tato diagn\u00f3za u\u017e nen\u00ed rozsudkem smrti.&#8220;<\/p>\n<p>Co \u010desk\u00fdm onkolog\u016fm kolegov\u00e9 z ciziny z\u00e1vid\u00ed nejv\u00edc, je des\u00edtky let trvaj\u00edc\u00ed historie registru onkologick\u00fdch pacient\u016f, d\u00edky n\u011bmu\u017e l\u00e9ka\u0159i dok\u00e1\u017eou p\u0159edem odhadnout, kolik pacient\u016f a s jak\u00fdmi druhy n\u00e1dor\u016f v nov\u00e9m roce p\u0159ijde a bude pot\u0159ebovat l\u00e9\u010dbu.<\/p>\n<p>Ji\u0159\u00ed Vorl\u00ed\u010dek krom\u011b samotn\u00e9 l\u00e9ka\u0159sk\u00e9 praxe p\u016fsobil jako vysoko\u0161kolsk\u00fd pedagog. &#8222;Byl jsem tak\u00e9 \u0161est let d\u011bkanem L\u00e9ka\u0159sk\u00e9 fakulty Masarykovy univerzity, tak\u017ee v \u017eivot\u011b jsem si u\u017eil skute\u010dn\u011b v\u0161echny str\u00e1nky medic\u00edny,&#8220; \u0159\u00edk\u00e1.<br \/>\nV roce 2007 jej prezident republiky V\u00e1clav Klaus ocenil medail\u00ed Za z\u00e1sluhy o st\u00e1t v oblasti v\u011bdy.<br \/>\nNe\u00fasp\u011bchem skon\u010dila Vorl\u00ed\u010dkova snaha prorazit v politice. Ve volb\u00e1ch v roce 2010 kandidoval do Sen\u00e1tu v Brn\u011b jako nestran\u00edk za TOP 09, ale skon\u010dil t\u0159et\u00ed.<\/p>\n<p>Lenka Petr\u00e1\u0161ov\u00e1<br \/>\n<a href=\"http:\/\/www.idnes.cz\">Mlad\u00e1 fronta DNES<\/a><\/p>\n","protected":false},"excerpt":{"rendered":"<div class=\"mh-excerpt\"><p>Z \u010dela Masarykova onkologick\u00e9ho \u00fastavu v Brn\u011b po \u0161esti letech odch\u00e1z\u00ed Ji\u0159\u00ed Vorl\u00ed\u010dek. Rozhodl se rezignovat kv\u016fli sv\u00e9mu v\u011bku. Letos oslav\u00ed sedmdes\u00e1tku. &#8222;\u010cesk\u00e1 onkologie je <a class=\"mh-excerpt-more\" href=\"https:\/\/www.invarena.cz\/?p=15529\" title=\"Slavn\u00fd onkolog Vorl\u00ed\u010dek kon\u010d\u00ed: &#8222;U\u017e jsem za\u017eil v\u0161e&#8220;\">[&#8230;]<\/a><\/p>\n<\/div>","protected":false},"author":1,"featured_media":0,"comment_status":"open","ping_status":"closed","sticky":false,"template":"","format":"standard","meta":{"footnotes":""},"categories":[9],"tags":[],"class_list":["post-15529","post","type-post","status-publish","format-standard","hentry","category-zpravy"],"_links":{"self":[{"href":"https:\/\/www.invarena.cz\/index.php?rest_route=\/wp\/v2\/posts\/15529","targetHints":{"allow":["GET"]}}],"collection":[{"href":"https:\/\/www.invarena.cz\/index.php?rest_route=\/wp\/v2\/posts"}],"about":[{"href":"https:\/\/www.invarena.cz\/index.php?rest_route=\/wp\/v2\/types\/post"}],"author":[{"embeddable":true,"href":"https:\/\/www.invarena.cz\/index.php?rest_route=\/wp\/v2\/users\/1"}],"replies":[{"embeddable":true,"href":"https:\/\/www.invarena.cz\/index.php?rest_route=%2Fwp%2Fv2%2Fcomments&post=15529"}],"version-history":[{"count":0,"href":"https:\/\/www.invarena.cz\/index.php?rest_route=\/wp\/v2\/posts\/15529\/revisions"}],"wp:attachment":[{"href":"https:\/\/www.invarena.cz\/index.php?rest_route=%2Fwp%2Fv2%2Fmedia&parent=15529"}],"wp:term":[{"taxonomy":"category","embeddable":true,"href":"https:\/\/www.invarena.cz\/index.php?rest_route=%2Fwp%2Fv2%2Fcategories&post=15529"},{"taxonomy":"post_tag","embeddable":true,"href":"https:\/\/www.invarena.cz\/index.php?rest_route=%2Fwp%2Fv2%2Ftags&post=15529"}],"curies":[{"name":"wp","href":"https:\/\/api.w.org\/{rel}","templated":true}]}}