{"id":15539,"date":"2014-04-03T18:09:49","date_gmt":"2014-04-03T16:09:49","guid":{"rendered":"http:\/\/www.invarena.cz\/?p=15539"},"modified":"2014-04-03T18:09:49","modified_gmt":"2014-04-03T16:09:49","slug":"brnenska-nemocnice-chce-zlepsit-zivot-deti-po-nadorove-nemoci","status":"publish","type":"post","link":"https:\/\/www.invarena.cz\/?p=15539","title":{"rendered":"Brn\u011bnsk\u00e1 nemocnice chce zlep\u0161it \u017eivot d\u011bt\u00ed po n\u00e1dorov\u00e9 nemoci"},"content":{"rendered":"<p><strong>Fakultn\u00ed nemocnice Brno chce zlep\u0161it \u0161ance na kvalitn\u00ed \u017eivot d\u011bt\u00ed a dosp\u011bl\u00fdch po prod\u011blan\u00e9m n\u00e1dorov\u00e9m onemocn\u011bn\u00ed v d\u011btstv\u00ed. Proto se zapojila do mezin\u00e1rodn\u00ed akce PanCareLIFE, je\u017e se zam\u011b\u0159uje na n\u00e1sledky l\u00e9\u010dby, a to po\u0161kozen\u00ed sluchu a <strong>poruchu plodnosti<\/strong>.<!--more--><\/strong><\/p>\n<p>&nbsp;<\/p>\n<p>V\u00fdzkumn\u00e1 zdravotnick\u00e1 pracovi\u0161t\u011b z osmi zem\u00ed Evropy budou zkoumat rizikov\u00e9 faktory vzniku t\u011bchto poruch tak, aby se jim dalo p\u0159edej\u00edt, informovala novin\u00e1\u0159e mluv\u010d\u00ed Fakultn\u00ed nemocnice Brno Anna Mr\u00e1zov\u00e1.<\/p>\n<p>Podle n\u00ed je \u00fa\u010delem akce zlep\u0161it kvalitu \u017eivota d\u011bt\u00ed nebo dosp\u011bl\u00fdch, kte\u0159\u00ed v d\u011btstv\u00ed prod\u011blali n\u00e1dorov\u00e9 onemocn\u011bn\u00ed. &#8222;V posledn\u00edch desetilet\u00edch dos\u00e1hla medic\u00edna v oblasti l\u00e9\u010dby d\u011btsk\u00fdch pacient\u016f s n\u00e1dorov\u00fdmi onemocn\u011bn\u00edmi velk\u00fdch \u00fasp\u011bch\u016f. V\u00edce ne\u017e 80 procent d\u011bt\u00ed s n\u00e1dory dok\u00e1\u017eou dnes l\u00e9ka\u0159i vyl\u00e9\u010dit, zat\u00edmco p\u0159ed 30 lety to byla jen polovina,&#8220; uvedla Mr\u00e1zov\u00e1.<\/p>\n<p>Podle n\u00ed ale hroz\u00ed u vyl\u00e9\u010den\u00fdch ne\u017e\u00e1douc\u00ed \u00fa\u010dinky l\u00e9\u010dby. &#8222;Mohou m\u00edt poruchy funkce org\u00e1n\u016f, smyslov\u00fdch funkc\u00ed, r\u016fstov\u00e9 probl\u00e9my, poruchy intelektu a jin\u00e9 handicapy, kter\u00e9 mohou v\u00e9st ke sn\u00ed\u017een\u00ed kvality jejich \u017eivota,&#8220; vysv\u011btlila mluv\u010d\u00ed. Projekt, do kter\u00e9ho se zapojila pracovi\u0161t\u011b z osmi evropsk\u00fdch zem\u00ed, se zam\u011b\u0159uje na poruchy plodnosti a po\u0161kozen\u00ed sluchu. &#8222;Vybudujeme rozs\u00e1hlou celoevropskou datab\u00e1zi vyl\u00e9\u010den\u00fdch d\u011btsk\u00fdch onkologick\u00fdch pacient\u016f a na vzorku 12.000 osob budeme zkoumat genetick\u00e9 i negenetick\u00e9 rizikov\u00e9 faktory vzniku t\u011bchto dvou z\u00e1va\u017en\u00fdch pozdn\u00edch n\u00e1sledk\u016f protin\u00e1dorov\u00e9 l\u00e9\u010dby,&#8220; \u0159ekla Mr\u00e1zov\u00e1. Smyslem je tedy porozum\u011bt mechanismu vzniku pozdn\u00edch n\u00e1sledk\u016f tak, aby jim bylo mo\u017en\u00e9 \u00fa\u010dinn\u011bji p\u0159edch\u00e1zet.<\/p>\n<p>Na PanCareLIFE se bude a\u017e do roku 2018 pod\u00edlet 13 l\u00e9ka\u0159\u016f, sester a dal\u0161\u00edch pracovn\u00edk\u016f Kliniky d\u011btsk\u00e9 onkologie FNB a Psychologick\u00e9ho \u00fastavu Akademie v\u011bd \u010cR. Brn\u011bnsk\u00e1 klinika ro\u010dn\u011b l\u00e9\u010d\u00ed 130 a\u017e 140 nov\u00fdch d\u011bt\u00ed a mladistv\u00fdch s leukemi\u00ed a solidn\u00edmi n\u00e1dory. V datab\u00e1zi kliniky, zalo\u017een\u00e9 v roce 1998, je u\u017e t\u00e9m\u011b\u0159 1600 vyl\u00e9\u010den\u00fdch d\u011bt\u00ed, z nich\u017e je dnes u\u017e p\u0159es 700 dosp\u011bl\u00fdch.<\/p>\n<p>P\u011btilet\u00fd projekt \u0159\u00edd\u00ed D\u011btsk\u00fd onkologick\u00fd registr p\u0159i Institutu l\u00e9ka\u0159sk\u00e9 biostatistiky, epidemiologie a informatiky Univerzity v Mohu\u010di. Pod\u00edl\u00ed se na n\u011bm i Klinika d\u011btsk\u00e9 onkologie FNB. Evropsk\u00e1 unie financuje projekt \u0161esti miliony eur (zhruba 165 milion\u016f K\u010d), \u010desk\u00e9 ministerstvo \u0161kolstv\u00ed poskytlo 1,6 milionu korun, uvedla Mr\u00e1zov\u00e1.<\/p>\n<p>ilustra\u010dn\u00ed foto: krystle-MorgueFile<\/p>\n","protected":false},"excerpt":{"rendered":"<div class=\"mh-excerpt\"><p>Fakultn\u00ed nemocnice Brno chce zlep\u0161it \u0161ance na kvalitn\u00ed \u017eivot d\u011bt\u00ed a dosp\u011bl\u00fdch po prod\u011blan\u00e9m n\u00e1dorov\u00e9m onemocn\u011bn\u00ed v d\u011btstv\u00ed. Proto se zapojila do mezin\u00e1rodn\u00ed akce PanCareLIFE, <a class=\"mh-excerpt-more\" href=\"https:\/\/www.invarena.cz\/?p=15539\" title=\"Brn\u011bnsk\u00e1 nemocnice chce zlep\u0161it \u017eivot d\u011bt\u00ed po n\u00e1dorov\u00e9 nemoci\">[&#8230;]<\/a><\/p>\n<\/div>","protected":false},"author":1,"featured_media":14560,"comment_status":"open","ping_status":"closed","sticky":false,"template":"","format":"standard","meta":{"footnotes":""},"categories":[11],"tags":[],"class_list":["post-15539","post","type-post","status-publish","format-standard","has-post-thumbnail","hentry","category-zdravi"],"_links":{"self":[{"href":"https:\/\/www.invarena.cz\/index.php?rest_route=\/wp\/v2\/posts\/15539","targetHints":{"allow":["GET"]}}],"collection":[{"href":"https:\/\/www.invarena.cz\/index.php?rest_route=\/wp\/v2\/posts"}],"about":[{"href":"https:\/\/www.invarena.cz\/index.php?rest_route=\/wp\/v2\/types\/post"}],"author":[{"embeddable":true,"href":"https:\/\/www.invarena.cz\/index.php?rest_route=\/wp\/v2\/users\/1"}],"replies":[{"embeddable":true,"href":"https:\/\/www.invarena.cz\/index.php?rest_route=%2Fwp%2Fv2%2Fcomments&post=15539"}],"version-history":[{"count":0,"href":"https:\/\/www.invarena.cz\/index.php?rest_route=\/wp\/v2\/posts\/15539\/revisions"}],"wp:featuredmedia":[{"embeddable":true,"href":"https:\/\/www.invarena.cz\/index.php?rest_route=\/wp\/v2\/media\/14560"}],"wp:attachment":[{"href":"https:\/\/www.invarena.cz\/index.php?rest_route=%2Fwp%2Fv2%2Fmedia&parent=15539"}],"wp:term":[{"taxonomy":"category","embeddable":true,"href":"https:\/\/www.invarena.cz\/index.php?rest_route=%2Fwp%2Fv2%2Fcategories&post=15539"},{"taxonomy":"post_tag","embeddable":true,"href":"https:\/\/www.invarena.cz\/index.php?rest_route=%2Fwp%2Fv2%2Ftags&post=15539"}],"curies":[{"name":"wp","href":"https:\/\/api.w.org\/{rel}","templated":true}]}}