{"id":15597,"date":"2014-04-07T15:40:31","date_gmt":"2014-04-07T13:40:31","guid":{"rendered":"http:\/\/www.invarena.cz\/?p=15597"},"modified":"2014-04-07T17:51:00","modified_gmt":"2014-04-07T15:51:00","slug":"minimalni-mzdy-nejdrive-zvysime-o-500-kc","status":"publish","type":"post","link":"https:\/\/www.invarena.cz\/?p=15597","title":{"rendered":"Minim\u00e1ln\u00ed mzdy nejd\u0159\u00edve zv\u00fd\u0161\u00edme o 500 korun"},"content":{"rendered":"<p><strong>P\u0159ib\u00fdv\u00e1 lid\u00ed v nouzi? P\u0159ib\u00fdv\u00e1 lid\u00ed, kte\u0159\u00ed se p\u0159i\u017eivuj\u00ed na soci\u00e1ln\u00edch d\u00e1vk\u00e1ch? D\u00e1 se v\u016fbec syst\u00e9m kontrolovat?To jsou ot\u00e1zky, je\u017e v ned\u011bln\u00edm po\u0159adu \u010cesk\u00e9 televize kladl moder\u00e1tor V\u00e1clav Moravec ministryni pr\u00e1ce Michaele Marksov\u00e9.<\/strong> <!--more--><\/p>\n<p>&nbsp;<\/p>\n<p>D\u00e1vky v hmotn\u00e9 nouzi st\u00e1ly loni deset a p\u016fl miliardy korun. Jen na doplatek na bydlen\u00ed \u0161ly ze st\u00e1tn\u00ed pokladny dv\u011b miliardy a 800 milion\u016f korun. To je 168% objemu d\u00e1vek vyplacen\u00fdch v roce 2012. V resortu pr\u00e1ce a soci\u00e1ln\u00edch v\u011bc\u00ed je t\u0159eba \u0159e\u0161it jak z\u00e1kon o soci\u00e1ln\u00edm bydlen\u00ed, tak v\u00fd\u0161i d\u016fchod\u016f anebo t\u0159eba nezam\u011bstnanost. Jak na to?<\/p>\n<p>ministryn\u011b Michaela Marksov\u00e1 z \u010cSSD a Lenka Kohoutov\u00e1 z ODS&#8230;.<\/p>\n<p>Lenka KOHOUTOV\u00c1, expertka na soci\u00e1ln\u00ed problematiku \/ODS\/:<br \/>\nAbychom sni\u017eovali cenu pr\u00e1ce, to pova\u017euji za d\u016fle\u017eit\u00e9, ale pokud se bav\u00edme o aktivn\u00ed politice zam\u011bstnanosti, tak j\u00ed skute\u010dn\u011b mus\u00edme rozd\u011blit na dv\u011b \u010d\u00e1sti, jedna z nich jsou ty jednotliv\u00e9 n\u00e1stroje, kter\u00e9 jsou ve\u0159ejn\u011b prosp\u011b\u0161n\u00e9 pr\u00e1ce, spole\u010densky \u00fa\u010deln\u00e1 pracovn\u00ed m\u00edsta, podpora dal\u0161\u00edch aktivit, kter\u00e9 se t\u00fdkaj\u00ed nap\u0159\u00edklad rekvalifikac\u00ed a tak d\u00e1le, a pak je ta druh\u00e1 a to je<strong> zam\u011bstn\u00e1v\u00e1n\u00ed osob se zdravotn\u00edm posti\u017een\u00edm<\/strong>, tady mus\u00edm \u0159\u00edci, \u017ee m\u011b t\u011b\u0161\u00ed, abych po\u0159\u00e1d nebyla kritick\u00e1, \u017ee tato vl\u00e1da te\u010f m\u011bn\u00ed z\u00e1kon o zam\u011bstnanosti, co\u017e je je\u0161t\u011b z na\u0161\u00ed d\u00edlny z Ne\u010dasovy vl\u00e1dy a<strong> vrac\u00ed statut osoby zdravotn\u011b znev\u00fdhodn\u011bn\u00e9<\/strong>, proto\u017ee to je velk\u00e1 pomoc, to jsou lid\u00e9, kte\u0159\u00ed maj\u00ed takzvan\u00fd nutn\u00fd stupe\u0148 invalidity, neberou invalidn\u00ed d\u016fchod, ale z\u016fst\u00e1vaj\u00ed v dlouhodob\u00e9 nezam\u011bstnanosti. To mus\u00edm \u0159\u00edci, \u017ee toto je spr\u00e1vn\u011b a pak je tady ta v\u011bc, kter\u00e1 se t\u00fdk\u00e1 zam\u011bstn\u00e1v\u00e1n\u00ed lid\u00ed se zdravotn\u00edm posti\u017een\u00edm a tam jsou dv\u011b v\u011btve probl\u00e9m\u016f. Jedna je to pomoc v aktivn\u00ed politice zam\u011bstnanosti nejr\u016fzn\u011bj\u0161\u00edmi p\u0159\u00edsp\u011bvky pro zam\u011bstnavatele a ta druh\u00e1 v\u011btev je zm\u011bna v posuzov\u00e1n\u00ed lid\u00ed se zdravotn\u00edm posti\u017een\u00edm, proto\u017ee mnohdy posudkov\u00ed l\u00e9ka\u0159i je trestaj\u00ed odeb\u00edr\u00e1n\u00edm invalidn\u00edch d\u016fchod\u016f a tam se prost\u011b mus\u00ed zm\u011bnit syst\u00e9m. Stejn\u011b tak, pokud se v\u016fbec bav\u00edme o napl\u0148ov\u00e1n\u00ed, pane Morav\u010de, tak pak je to o tom, \u017ee mus\u00edme zm\u011bnit tro\u0161ku fungov\u00e1n\u00ed \u00fa\u0159ad\u016f pr\u00e1ce a tady mus\u00edm \u0159\u00edci, \u017ee opravdu d\u00edky v\u00fdborn\u00e9mu chov\u00e1n\u00ed a v\u00fdborn\u00e9 pr\u00e1ci \u00fa\u0159edn\u00edk\u016f \u00fa\u0159ady pr\u00e1ce funguj\u00ed, proto\u017ee to, co ud\u011blalo Dr\u00e1bkovo veden\u00ed s \u00fa\u0159ady pr\u00e1ce na po\u010d\u00e1tku, byl velk\u00fd probl\u00e9m, a my se z n\u011bj budeme vzpamatov\u00e1vat je\u0161t\u011b mnoho let.<\/p>\n<p><strong>A za p\u0159ihl\u00ed\u017een\u00ed, j\u00e1 se jen omlouv\u00e1m, pan\u00ed exposlankyn\u011b.<\/strong><\/p>\n<p>Michaela MARKSOV\u00c1, ministryn\u011b pr\u00e1ce a soci\u00e1ln\u00edch v\u011bc\u00ed \/\u010cSSD\/:<br \/>\nTo tedy j\u00e1 souhlas\u00edm, \u017ee se z toho budeme vzpamatov\u00e1vat je\u0161t\u011b mnoho let, a byla to va\u0161e vl\u00e1da.<\/p>\n<p><strong>Ale za p\u0159ihl\u00ed\u017een\u00ed va\u0161eho premi\u00e9ra, va\u0161eho p\u0159edsedy politick\u00e9 strany.<\/strong><\/p>\n<p>Lenka KOHOUTOV\u00c1,<br \/>\nv\u00edte, \u017ee j\u00e1 jsem dlouhodob\u011b tento probl\u00e9m kritizovala a byla jsem v koalici opozi\u010dn\u00edk, proto\u017ee to jsou v\u011bci, se kter\u00fdmi j\u00e1 jsem se v\u016fbec nemohla sm\u00ed\u0159it jako \u010dlov\u011bk, kter\u00fd mnoho let pracoval s lidmi ohro\u017een\u00fdch soci\u00e1ln\u00edm vylou\u010den\u00edm, stejn\u011b tak jako s lidmi se zdravotn\u00edm posti\u017een\u00edm.<\/p>\n<p><strong>\u0160koda, \u017ee na v\u00e1s pan premi\u00e9r Ne\u010das tehdy nedal a nechal Jarom\u00edra Dr\u00e1bka na ministerstvu pr\u00e1ce a soci\u00e1ln\u00edch v\u011bc\u00ed v\u010detn\u011b t\u00e9 reformy \u00fa\u0159ad\u016f pr\u00e1ce, kdy\u017e jsme u \u00fa\u0159ad\u016f pr\u00e1ce tak u\u017e Rusnokova p\u0159eklenovac\u00ed vl\u00e1da v\u00fdznamn\u011b pos\u00edlila \u00fa\u0159ady pr\u00e1ce a to pr\u00e1v\u011b o sedm stovek lid\u00ed a to person\u00e1ln\u00ed pos\u00edlen\u00ed se m\u011blo projevit pr\u00e1v\u011b v lep\u0161\u00edm uplat\u0148ov\u00e1n\u00ed politiky, aktivn\u00ed politiky zam\u011bstnanosti, o kter\u00e9 jsme se bavili a o \u010d\u00e1stk\u00e1ch. A podle gener\u00e1ln\u00ed \u0159editelky \u00da\u0159adu pr\u00e1ce Marie B\u00edlkov\u00e9 se u\u017e pos\u00edlen\u00ed \u00fa\u0159ad\u016f pr\u00e1ce projevuje, i kdy\u017e je nezam\u011bstnanost v \u010cesk\u00e9 republice vysok\u00e1.<\/strong><\/p>\n<p>Michaela MARKSOV\u00c1,<br \/>\nPro m\u011b z\u00e1sadn\u00ed v\u011bc, kter\u00e1 tak\u00e9 souvis\u00ed se zam\u011bstnanost\u00ed, je pr\u00e1ce s lidmi, s t\u011bmi lidmi, kte\u0159\u00ed jsou n\u011bjak\u00fdm zp\u016fsobem ohro\u017eeni i na trhu pr\u00e1ce&#8230;..ale naprosto n\u00e1m chyb\u00ed lid\u00e9 na ter\u00e9nn\u00ed soci\u00e1ln\u00ed pr\u00e1ci a to s sebou nese dal\u0161\u00ed obrovsk\u00e9 n\u00e1sledky, proto\u017ee, kdy\u017e m\u00e1te ty velice deprivovan\u00e9 regiony, m\u00e1te dlouhodob\u011b nezam\u011bstnan\u00e9, tak je z\u00e1sadn\u00ed s t\u011bmito lidmi pracovat, aby neztratili pracovn\u00ed n\u00e1vyky, aby je znovu nabyli, aby d\u011bti vid\u011bli vzory, \u017ee rodi\u010de chod\u00ed do pr\u00e1ce. To pova\u017euji tak\u00e9 za ned\u00edlnou sou\u010d\u00e1st t\u00e9to strategie, nap\u0159\u00edklad.<\/p>\n<p><strong>&#8230;\u017ee mi \u0159eknete po\u010det lid\u00ed, kte\u0159\u00ed se na tom soci\u00e1ln\u00edm \u0161et\u0159en\u00ed, pr\u00e1ci v ter\u00e9nu budou pod\u00edlet.<\/strong><\/p>\n<p>Michaela MARKSOV\u00c1,<br \/>\nAno, to je t\u011bch 1200 lid\u00ed, o kter\u00fdch hovo\u0159\u00ed pan\u00ed gener\u00e1ln\u00ed \u0159editelka B\u00edlkov\u00e1, kte\u0159\u00ed n\u00e1m te\u010fka chyb\u00ed na \u00fa\u0159adech pr\u00e1ce tak, aby se to soci\u00e1ln\u00ed \u0161et\u0159en\u00ed a ta pr\u00e1ce s lidmi mohla efektivn\u011b d\u011blat, to je \u00fapln\u00fd z\u00e1klad. Pak je je\u0161t\u011b jin\u00e9 \u010d\u00edslo, kter\u00e9 hovo\u0159\u00ed o pos\u00edlen\u00ed soci\u00e1ln\u00ed pr\u00e1ce na obc\u00edch nap\u0159\u00edklad. Dal\u0161\u00ed konkr\u00e9tn\u00ed v\u011bc, kter\u00e1 v takov\u00e9 strategii mus\u00ed b\u00fdt, je nastaven\u00ed spolupr\u00e1ce mezi z\u0159izovateli \u0161kol, zejm\u00e9na st\u0159edn\u00edch \u0161kol, proto\u017ee n\u00e1m chyb\u00ed technick\u00e9 obory a nem\u016f\u017eeme odd\u011blit tuto z\u00e1le\u017eitost od n\u011bjak\u00fdch opat\u0159en\u00ed na trhu pr\u00e1ce. Mus\u00ed v tom kter\u00e9m kraji b\u00fdt \u00fazk\u00e1 spolupr\u00e1ce \u0161kol a \u00fa\u0159ad\u016f pr\u00e1ce a zam\u011bstnavatel\u016f samoz\u0159ejm\u011b v neposledn\u00ed \u0159ad\u011b, kte\u0159\u00ed si \u0159eknou, co pot\u0159ebuj\u00ed, to je dal\u0161\u00ed bod.<\/p>\n<p><strong>Co to je podpora soci\u00e1ln\u00edho podnik\u00e1n\u00ed jako\u017eto specifick\u00e9ho typu ekonomick\u00e9 \u010dinnosti?<\/strong><\/p>\n<p>Michaela MARKSOV\u00c1,:<br \/>\nTo je to, \u017ee budeme podporovat vznik, m\u00e1m vysv\u011btlovat tady, co to je soci\u00e1ln\u00ed podnik? To jsou vlastn\u011b firmy, jejich\u017e \u00fa\u010delem nen\u00ed zisk, ale jejich\u017e \u00fa\u010delem je zam\u011bstnat r\u016fzn\u011b znev\u00fdhodn\u011bn\u00e9 skupiny obyvatel, a\u0165 u\u017e to jsou osoby se zdravotn\u00edm posti\u017een\u00edm nebo zase jsme u lid\u00ed, kte\u0159\u00ed jsou t\u0159eba dlouhodob\u011b nezam\u011bstnan\u00ed a kte\u0159\u00ed maj\u00ed n\u011bjak\u00e9 lep\u0161\u00ed podm\u00ednky ne\u017e klasick\u00e9 firmy, aby mohli tuto pr\u00e1ci d\u011blat.<\/p>\n<p><strong>Vy mi ale ne\u0159eknete jak. Vy mi \u0159\u00edk\u00e1te a rozv\u00edj\u00edte obecn\u00e9 fr\u00e1ze, co je soci\u00e1ln\u00ed podnik, ale ne\u0159\u00edk\u00e1te mi, promi\u0148te.<\/strong><\/p>\n<p>Michaela MARKSOV\u00c1:<br \/>\nMy m\u016f\u017eeme sn\u00ed\u017eit odvody na soci\u00e1ln\u00edm poji\u0161t\u011bn\u00ed. M\u016f\u017eeme je n\u011bjak zv\u00fdhodnit da\u0148ov\u011b a tak d\u00e1le.<\/p>\n<p><strong>Jak?<\/strong><\/p>\n<p>Michaela MARKSOV\u00c1:<br \/>\nJak, jak?<\/p>\n<p><strong>Pt\u00e1m se jak da\u0148ov\u011b zv\u00fdhodn\u00edte.<\/strong><\/p>\n<p>Michaela MARKSOV\u00c1:<br \/>\nNa to j\u00e1 \u010dek\u00e1m, a\u017e my spo\u010d\u00edtaj\u00ed lid\u00e9, jak\u00e9 jsou mo\u017enosti, jak to m\u016f\u017ee vypadat, co si je\u0161t\u011b ten st\u00e1tn\u00ed rozpo\u010det m\u016f\u017ee dovolit a co ne. Nezapome\u0148te, \u017ee my jsme na \u00fapln\u00e9m za\u010d\u00e1tku na\u0161\u00ed vl\u00e1dy a j\u00e1 v\u00e1m tady nebudu \u0159\u00edkat \u010d\u00edsla, o kter\u00fdch si nejsem jist\u00e1, \u017ee je opravdu m\u00e1me spo\u010d\u00edtan\u00e9.<\/p>\n<p><strong>Tomu bych rozum\u011bl, ale z\u00e1rove\u0148 o\u010dek\u00e1v\u00e1m, \u017ee kdy\u017e n\u011bkdo chce p\u0159edv\u00e9st kompetentn\u011bj\u0161\u00ed vl\u00e1dnut\u00ed oproti tomu, co p\u0159edv\u00e1d\u011bly vl\u00e1dy p\u0159edchoz\u00ed, tak\u017ee m\u00e1 n\u011bjakou koncepci a propracovanost, proto\u017ee u\u017e existuj\u00ed dokumenty a materi\u00e1ly, ale vy zat\u00edm mi toto neprokazujete.<\/strong><\/p>\n<p>Michaela MARKSOV\u00c1,<br \/>\nTo se v\u00e1m opravdu stra\u0161n\u011b omlouv\u00e1m, ale j\u00e1 se v sou\u010dasn\u00e9 dob\u011b zab\u00fdv\u00e1m t\u00edm, co je te\u010f na \u0159ad\u011b, co te\u010f \u0159e\u0161\u00edme. \u0158e\u0161\u00edme zvy\u0161ov\u00e1n\u00ed d\u016fchod\u016f, \u0159e\u0161\u00edme porodn\u00e9 na druh\u00e9 d\u00edt\u011b. To jsou ty z\u00e1kony bezprost\u0159edn\u011b, kter\u00fdmi se zab\u00fdv\u00e1m, tak\u017ee j\u00e1 v sou\u010dasn\u00e9 dob\u011b v\u00e1m ne\u0159eknu t\u0159eba o kolik, jakou \u010d\u00e1stku budeme zv\u00fdhod\u0148ovat podniky soci\u00e1ln\u00ed. To v\u00e1m ne\u0159eknu, to se omlouv\u00e1m.<\/p>\n<p><strong>To bych o\u010dek\u00e1val, kdy\u017e je tady rekordn\u00ed nezam\u011bstnanost v t\u00e9to zemi, kterou jste zd\u011bdili. Promi\u0148te, pan\u00ed exposlankyn\u011b, u v\u00e1s vy tady kritizujete vl\u00e1dy soci\u00e1ln\u00ed demokracie i vl\u00e1dy Ji\u0159\u00edho Rusnoka.<\/strong><\/p>\n<p>Michaela MARKSOV\u00c1<br \/>\nNo, ale to u\u017e bylo hodn\u011b d\u00e1vno.<\/p>\n<div id=\"divDocMain\">\n<p><strong>Te\u010f mysl\u00edm ale kroky, kter\u00e9 vl\u00e1da veden\u00e1 soci\u00e1ln\u00edmi demokraty se chyst\u00e1 u\u010dinit, jako je zvy\u0161ov\u00e1n\u00ed minim\u00e1ln\u00ed mzdy. Vy tvrd\u00edte, \u017ee zv\u00fd\u0161en\u00ed minim\u00e1ln\u00ed mzdy povede k v\u011bt\u0161\u00ed nezam\u011bstnanosti v t\u00e9to zemi. Pod\u00edvejme se na aktu\u00e1ln\u00ed data, jsou z bleskov\u00e9ho v\u00fdzkumu pro dne\u0161n\u00ed ot\u00e1zky, jsou to data ze sociologick\u00e9ho \u0161et\u0159en\u00ed TNS AISA v dlouhodob\u00e9m projektu Trendy \u010ceska. Obyvatel\u00e9 \u010ceska jsou p\u0159ej\u00edc\u00ed, co se t\u00fd\u010de navy\u0161ov\u00e1n\u00ed minim\u00e1ln\u00ed mzdy, tedy podporuj\u00ed krok vl\u00e1dy premi\u00e9ra Bohuslava Sobotky, celkem 82 % lid\u00ed by bylo pro zv\u00fd\u0161en\u00ed minim\u00e1ln\u00ed mzdy, z toho cel\u00fdch 50 % je rozhodn\u011b pro. Jak bylo \u0159e\u010deno, za p\u00e1r okam\u017eiku uvid\u00edme snad ta data z exkluzivn\u00edho pr\u016fzkumu spole\u010dnosti TNS AISA pro \u010ceskou televizi, kter\u00fd se uskute\u010dnil od 24. dubna do 30. b\u0159ezna na reprezentativn\u00edm vzorku 1200 lid\u00ed. Sociolo\u017eka, spoluautorka v\u00fdzkumu Trendy \u010ceska Eva Kr\u00e1lov\u00e1 komentuje v\u00fdsledky v\u00fdzkumu v rozhovoru pro dne\u0161n\u00ed Ot\u00e1zky t\u011bmito slovy.<\/strong><\/p>\n<p>Eva KR\u00c1LOV\u00c1, sociolo\u017eka, TNS AISA:<br \/>\nPro zv\u00fd\u0161en\u00ed minim\u00e1ln\u00ed mzdy jsou jednozna\u010dn\u011b lid\u00e9, kter\u00fdch se to nejv\u00edce m\u016f\u017ee osobn\u011b t\u00fdkat, tedy ti, kte\u0159\u00ed maj\u00ed sp\u00ed\u0161e z\u00e1kladn\u00ed vzd\u011bl\u00e1n\u00ed nebo st\u0159edn\u00ed bez maturity, tak tam t\u00e9m\u011b\u0159 90 % se vyslovilo, \u017ee by cht\u011blo zv\u00fd\u0161it minim\u00e1ln\u00ed mzdu. 50 % je pak o tom naprosto rozhodnut\u00fdch.<\/p>\n<p><strong>Interpretuje nejnov\u011bj\u0161\u00ed data sociolo\u017eka, spoluautorka v\u00fdzkumu Trendy \u010ceska 2014 Eva Kr\u00e1lov\u00e1. Na ot\u00e1zku voli\u010di kter\u00fdch politick\u00fdch stran jsou vst\u0159\u00edcn\u011bj\u0161\u00ed ke zvy\u0161ov\u00e1n\u00ed minim\u00e1ln\u00ed mzdy a kte\u0159\u00ed se naopak k tomuto kroku stav\u00ed rezervovan\u011b, odpov\u00edd\u00e1 Eva Kr\u00e1lov\u00e1 i t\u011bmito slovy.<\/strong><\/p>\n<p>Eva KR\u00c1LOV\u00c1<br \/>\nMezi zast\u00e1nce minim\u00e1ln\u00ed mzdy jednozna\u010dn\u011b nejv\u00edce pat\u0159\u00ed voli\u010di levicov\u00fdch stran, v prvn\u00ed \u0159ad\u011b pak KS\u010cM, kdy 70 % je naprosto p\u0159esv\u011bd\u010den\u00e1 o tom, \u017ee je to spr\u00e1vn\u00fd krok. Na opa\u010dn\u00e9 stran\u011b jsou voli\u010di pravicov\u00fdch stran, zejm\u00e9na pak TOP 09, kde pouze 18 % voli\u010d\u016f je p\u0159esv\u011bd\u010deno o tom, \u017ee zv\u00fd\u0161en\u00ed minim\u00e1ln\u00ed mzdy je spr\u00e1vn\u00e9 rozhodnut\u00ed.<\/p>\n<p><strong>Dod\u00e1v\u00e1 v rozhovoru pro dne\u0161n\u00ed ot\u00e1zky sociolo\u017eka a spoluautorka v\u00fdzkumu Trendy \u010ceska 2014 Eva Kr\u00e1lov\u00e1 ze spole\u010dnosti TNS AISA. Kdy\u017e kritizujete, to zv\u00fd\u0161en\u00ed minim\u00e1ln\u00ed mzdy, \u0159\u00edk\u00e1te, \u017ee trh pr\u00e1ce p\u0159ijde o pracovn\u00ed m\u00edsta, jestli\u017ee se zvy\u0161uje minim\u00e1ln\u00ed mzda o kolik pracovn\u00edch m\u00edst p\u0159i\u0161el trh pr\u00e1ce, kdy\u017e loni do\u0161lo ke zv\u00fd\u0161en\u00ed minim\u00e1ln\u00ed mzdy o 500 korun?<\/strong><\/p>\n<p>Lenka KOHOUTOV\u00c1:<br \/>\nTy statistiky \u00fapln\u011b nezn\u00e1m, proto\u017ee takov\u00e9 statistiky se nap\u0159\u00edklad u zam\u011bstn\u00e1v\u00e1n\u00ed t\u0159eba lid\u00ed se zdravotn\u00edm posti\u017een\u00edm, kte\u0159\u00ed nejv\u00edce pracuj\u00ed za minim\u00e1ln\u00ed mzdu tam, kde jsou v chr\u00e1n\u011bn\u00e9m pracovn\u00edm prost\u0159ed\u00ed, tak to \u00fapln\u011b \u0159\u00edci nemohu.<\/p>\n<p><strong>No proto\u017ee, promi\u0148te, pan\u00ed exposlankyn\u011b, ty statistiky toti\u017e nejsou.<\/strong><\/p>\n<p>Lenka KOHOUTOV\u00c1,<br \/>\nNo, j\u00e1 jsem v\u00e1m to te\u010f \u0159ekla, \u017ee ty statistiky se nevedou.<\/p>\n<p>Ano, a proto se pt\u00e1m, pro\u010d \u0159\u00edk\u00e1te, \u017ee zvy\u0161ov\u00e1n\u00ed minim\u00e1ln\u00ed mzdy p\u0159ipravuje trh pr\u00e1ce o pracovn\u00ed m\u00edsta, kdy\u017e nejsou statistiky?<\/p>\n<p>Lenka KOHOUTOV\u00c1,<br \/>\nSoci\u00e1ln\u00ed bal\u00edk podpor ve\u0161ker\u00fdch je jen jeden, pane Morav\u010de, a jestli\u017ee se n\u00e1m na jednom vstupu n\u011bco zv\u00fd\u0161\u00ed, co\u017e my tady t\u00edm zv\u00fd\u0161en\u00edm minim\u00e1ln\u00ed mzdy \u0159\u00edk\u00e1me zam\u011bstnavatel\u016fm, kte\u0159\u00ed zam\u011bstn\u00e1vaj\u00ed &#8230;..v podstat\u011b za minim\u00e1ln\u00ed mzdu pracuje minimum lid\u00ed, ale ti jsou z t\u011bch nejslab\u0161\u00edch skupin vzd\u011blanostn\u00edch&#8230;. pak je to tak, \u017ee zam\u011bstnavatel m\u00edsto t\u0159ech zam\u011bstn\u00e1 jen dva anebo jenom jednoho.<\/p>\n<p><strong>Po\u010dkejte, ale to je va\u0161e domn\u011bnka. Nejsou tvrd\u00e1 data, kter\u00e1 by&#8230;.<\/strong><\/p>\n<p>Lenka KOHOUTOV\u00c1<br \/>\nVy pracujete tak\u00e9 s mnoha domn\u011bnkami, kdy\u017e d\u011bl\u00e1te tento rozhovor.<\/p>\n<p><strong>Ne, j\u00e1 jen se pt\u00e1m, kde berete podklady pro va\u0161e tvrzen\u00ed, \u017ee zvy\u0161ov\u00e1n\u00ed minim\u00e1ln\u00ed mzdy.<\/strong><\/p>\n<p>Lenka KOHOUTOV\u00c1,<br \/>\nNap\u0159\u00edklad p\u0159i diskusi se zam\u011bstnavateli z \u0159ad zdravotn\u011b posti\u017een\u00fdch, kdy tak\u00e9 vloni, byla sice zv\u00fd\u0161ena mzda na osm tis\u00edc, ale kdy\u017e byla mzda zv\u00fd\u0161ena na 8,5 tis\u00edce, tak u lid\u00ed se zdravotn\u00edm posti\u017een\u00edm nebyla zv\u00fd\u0161ena. To nev\u00edm, jestli v\u00edte a te\u010f nen\u00ed \u0159e\u010deno, \u017ee nap\u0159\u00edklad u t\u011bchto lid\u00ed nebude minim\u00e1ln\u00ed mzda zv\u00fd\u0161en\u00e1, a to skute\u010dn\u011b m\u016f\u017ee b\u00fdt probl\u00e9m, proto\u017ee na chr\u00e1n\u011bn\u00e9m pracovn\u00edm trhu se m\u016f\u017ee st\u00e1t a opravdu se to m\u016f\u017ee st\u00e1t, \u017ee tito lid\u00e9 budou bez pr\u00e1ce. To je jedna v\u011bc. Pokud si \u0159\u00edk\u00e1me, jestli to zat\u00ed\u017e\u00ed nebo nezat\u00ed\u017e\u00ed a m\u016f\u017eeme p\u0159edpokl\u00e1dat, \u017ee toto by mohlo zat\u00ed\u017eit st\u00e1tn\u00ed rozpo\u010det, tak se t\u00edm mus\u00edme zab\u00fdvat. Proto\u017ee to jsou jednozna\u010dn\u011b lid\u00e9, kte\u0159\u00ed jsou ohro\u017eeni soci\u00e1ln\u00edm vylou\u010den\u00edm. Soci\u00e1ln\u00edm vylou\u010den\u00edm je posti\u017een ten, kdo m\u016f\u017ee p\u0159ij\u00edt o pr\u00e1ci. O pr\u00e1ci m\u016f\u017ee p\u0159ij\u00edt anebo se k n\u00ed v\u016fbec nedostat, to jsou, jak to tady pan\u00ed ministryn\u011b \u0159\u00edkala, nap\u0159\u00edklad absolventi do 25 let, lid\u00e9 ur\u010dit\u00e9 v\u011bkov\u00e9 kategorie, ale to jsou t\u0159eba tak\u00e9 navr\u00e1tilci z l\u00e9\u010deben, pro kter\u00e9 mo\u017en\u00e1 by bylo dobr\u00e9 to soci\u00e1ln\u00ed podnik\u00e1n\u00ed, i kdy\u017e tady nesouhlas\u00edm, \u017ee soci\u00e1ln\u00ed podnik\u00e1n\u00ed nen\u00ed za \u00fa\u010delem zisku. Ziskov\u00e9 i neziskov\u00e9, akor\u00e1t tam je to v\u017edycky za \u00fa\u010delem zisku a je tam jenom jin\u00e1 forma p\u0159erozd\u011blov\u00e1n\u00ed, ale tady v tomto sm\u011bru jsou to t\u0159eba lid\u00e9, kte\u0159\u00ed se vrac\u00ed z v\u011bzen\u00ed, jsou to d\u011bti z d\u011btsk\u00fdch domov\u016f, pro kter\u00e9 my nem\u00e1me p\u0159ipraveno pracovn\u00ed uplatn\u011bn\u00ed a tady mohou pomoci v\u0161echny n\u00e1stroje aktivn\u00ed politiky zam\u011bstnanosti,&#8230;<\/p>\n<p><strong>J\u00e1 se v\u00e1m omlouv\u00e1m, ale vy jste mi odb\u011bhla od minim\u00e1ln\u00ed mzdy.<\/strong><\/p>\n<p>Lenka KOHOUTOV\u00c1,:<br \/>\nNe, ne, j\u00e1 se v\u00e1m k tomu vrac\u00edm te\u010f. V p\u0159\u00edpad\u011b, \u017ee ale my budeme kl\u00e1st p\u0159ek\u00e1\u017eky a minim\u00e1ln\u00ed mzda je jedna z t\u011bch p\u0159ek\u00e1\u017eek pro zam\u011bstnavatele, tak se n\u00e1m bude st\u00e1vat \u010d\u00edm d\u00e1l t\u00edm \u010dast\u011bji, \u017ee budeme m\u00edt probl\u00e9m se zam\u011bstn\u00e1v\u00e1n\u00edm lid\u00ed, kte\u0159\u00ed jsou z t\u00e9 kategorie, kter\u00e1 je h\u016f\u0159e zam\u011bstnavateln\u00e1, jsou tady n\u011bjak\u00e9 probl\u00e9my, a j\u00e1 jsem n\u00e1zoru, \u017ee t\u011bch p\u0159ek\u00e1\u017eek m\u00e1 b\u00fdt co nejm\u00e9n\u011b. J\u00e1 dokonce bych za\u010dala v\u00e9st diskusi na t\u00e9ma, jestli v\u016fbec pot\u0159ebujeme minim\u00e1ln\u00ed mzdu, proto\u017ee pak to tady tvo\u0159\u00ed takov\u00e9 ne\u0161vary, jako\u017ee n\u011bkdo dostane minim\u00e1ln\u00ed mzdu a na ruku dostane dal\u0161\u00ed pen\u00edze, proto\u017ee zam\u011bstnavatel ji kr\u00e1t\u00ed, proto\u017ee m\u00e1 vysok\u00e9 odvody a je tady p\u0159edpoklad k tvo\u0159en\u00ed \u0161ed\u00e9 ekonomiky.<\/p>\n<p><strong>Tak\u017ee i v N\u011bmecku vl\u00e1da Angely Merkelov\u00e9, kter\u00e1 m\u00e1 minim\u00e1ln\u00ed mzdu?<\/strong><\/p>\n<p>Lenka KOHOUTOV\u00c1,<br \/>\nNap\u0159\u00edklad \u0160v\u00e9dov\u00e9 ji nemaj\u00ed. Nemaj\u00ed v\u0161echny st\u00e1ty. Ano.<\/p>\n<p><strong>Ale tam pak tak\u00e9 z\u00e1le\u017e\u00ed na soci\u00e1ln\u00edm syst\u00e9mu. J\u00e1 se v\u00e1s pt\u00e1m, jestli Angela Merkelov\u00e1 \u0161patn\u011b d\u011bl\u00e1 svoji politiku, kdy\u017e m\u00e1 minim\u00e1ln\u00ed mzdu?<\/strong><\/p>\n<p>Michaela MARKSOV\u00c1<br \/>\nOna ji teprve bude zav\u00e1d\u011bt te\u010f tato vl\u00e1da.<\/p>\n<p>Lenka KOHOUTOV\u00c1,<br \/>\nAno, p\u0159esn\u011b tak.<\/p>\n<p><strong>Ale do\u0161lo k tomu schv\u00e1len\u00ed, proto se ale pt\u00e1m, je to strana, kter\u00e1 je ODS bl\u00edzk\u00e1.<\/strong><\/p>\n<p>Lenka KOHOUTOV\u00c1,<br \/>\nProto \u0159\u00edk\u00e1m, \u017ee srovn\u00e1v\u00e1te nesrovnateln\u00e9, proto\u017ee Angela Merkelov\u00e1, kdyby do toho nebyla nucena, tak v \u017eivot\u011b minim\u00e1ln\u00ed mzdu nezavede. Ona pod jistou t\u00edhou tlaku.<\/p>\n<p><strong>Ale z\u00e1rove\u0148 p\u0159edpokl\u00e1d\u00e1m, \u017ee jestli\u017ee Angela Merkelov\u00e1 je kompetentn\u00ed politik, \u017ee pokud by to byl nekompetentn\u00ed krok, kter\u00fd v\u00fdrazn\u011b po\u0161kod\u00ed n\u011bmeck\u00fd trh pr\u00e1ce, tak by ho asi nezav\u00e1d\u011bla.<\/strong><\/p>\n<p>Michaela MARKSOV\u00c1<br \/>\nTady je mo\u017en\u00e1 pot\u0159eba dodat, \u017ee u\u017e do t\u00e9 doby v N\u011bmecku byla minim\u00e1ln\u00ed mzda v \u0159ad\u011b t\u011bch kolektivn\u00edch smluv, tak\u017ee ono to \u00fapln\u011b nen\u00ed, \u017ee ta zem\u011b stanovuje&#8230;.<\/p>\n<p>Lenka KOHOUTOV\u00c1,<br \/>\nToto obecn\u011b jde \u0159e\u0161it kolektivn\u00edmi smlouvami.<\/p>\n<p><strong>Pan\u00ed ministryn\u011b, kdy\u017e jste se t\u00edm p\u0159ihl\u00e1sila o slovo, tak vy m\u00e1te p\u0159edstavu, kdy\u017e tedy nem\u00e1me v \u010cesku anal\u00fdzy, jak se projevuje zv\u00fd\u0161en\u00ed minim\u00e1ln\u00ed mzdy, nech\u00e1te si ty anal\u00fdzy aprop\u00f3 ud\u011blat, co ud\u011blalo zv\u00fd\u0161en\u00ed minim\u00e1ln\u00ed mzdy o p\u011btistovku?<\/strong><\/p>\n<p>Michaela MARKSOV\u00c1,<br \/>\nTak vzhledem k tomu, \u017ee m\u00e1me v programu jej\u00ed zv\u00fd\u0161en\u00ed, tak mus\u00edme v\u011bd\u011bt, co to ud\u011blalo v tuhle chv\u00edli. Ale j\u00e1 bych cht\u011bla \u0159\u00edct jeden zaj\u00edmav\u00fd \u00fadaj, za prv\u00e9 my jsme zkoumali r\u016fzn\u00e9 mezin\u00e1rodn\u00ed anal\u00fdzy v\u010detn\u011b nap\u0159\u00edklad n\u011bjak\u00e9 studie univerzity ve Vermontu, kter\u00e1 se zab\u00fdvala t\u011bmi nejh\u016f\u0159e placen\u00fdmi zam\u011bstn\u00e1n\u00edmi ve Spojen\u00fdch st\u00e1tech a kolegov\u00e9 nena\u0161li nic, co by \u0159\u00edkalo, \u017ee zv\u00fd\u0161en\u00ed minim\u00e1ln\u00ed mzdy zvy\u0161uje nezam\u011bstnanost.<\/p>\n<p><strong>M\u00e1te tedy tak\u00e9 p\u0159edstavu, kdy\u017e v programov\u00e9m prohl\u00e1\u0161en\u00ed vl\u00e1dy m\u00e1te tu v\u011btu, \u017ee minim\u00e1ln\u00ed mzda bude zvy\u0161ov\u00e1na tak, abyste postupn\u011b p\u0159ibl\u00ed\u017eila 40% pr\u016fm\u011brn\u00e9 mzdy v zemi. Tak kdy dojde k dal\u0161\u00edmu zv\u00fd\u0161en\u00ed minim\u00e1ln\u00ed mzdy a o jakou \u010d\u00e1stku?<\/strong><\/p>\n<p>Michaela MARKSOV\u00c1<br \/>\nMy v sou\u010dasn\u00e9 dob\u011b za\u010d\u00edn\u00e1me hovo\u0159it se zam\u011bstnavateli a za\u010d\u00edn\u00e1me hovo\u0159it o \u010d\u00e1stce 500 korun, ale jak \u0159\u00edk\u00e1te, je to samoz\u0159ejm\u011b dlouh\u00e1 cesta. Ale j\u00e1 bych cht\u011bla je\u0161t\u011b \u0159\u00edci jedno \u010d\u00edslo, \u017ee tedy minim\u00e1ln\u00ed mzda je 8500, ale hranice chudoby je tady asi 9600, co\u017e znamen\u00e1, \u017ee bohu\u017eel dnes ti lid\u00e9, kte\u0159\u00ed tady poctiv\u011b pracuj\u00ed osm hodin denn\u011b, tak se vlastn\u011b dost\u00e1vaj\u00ed do takzvan\u00e9 p\u0159\u00edjmov\u00e9 chudoby. A \u0159\u00edkat, \u017ee se nem\u00e1 minim\u00e1ln\u00ed mzda zv\u00fd\u0161it, to podle m\u011b skute\u010dn\u011b nejde.<\/p>\n<p><strong>A vy tedy chcete ruku v ruce, aby ta minim\u00e1ln\u00ed mzda se zvy\u0161ovala v\u017edy k za\u010d\u00e1tku roku a va\u0161e p\u0159edstava je o 500 korun k 1. lednu p\u0159\u00ed\u0161t\u00edho roku?<\/strong><\/p>\n<p>Michaela MARKSOV\u00c1,<br \/>\nTo jsem zat\u00edm takhle konkr\u00e9tn\u011b ne\u0159ekla, proto\u017ee jak \u0159\u00edk\u00e1te, n\u00e1m chyb\u00ed ty studie, ale jakoby ten prvn\u00ed n\u00e1st\u0159el je 500 korun, a to jak se na to d\u00edvaj\u00ed zam\u011bstnavatel\u00e9, jak\u00e1 \u010d\u00edsla n\u00e1m vyjdou, to mus\u00edme teprve diskutovat, my samoz\u0159ejm\u011b p\u0159edev\u0161\u00edm chceme, jestli\u017ee se tohle stane, aby na tom byla shoda. My jsme za\u010dali&#8230;, jak p\u0159i\u0161la nov\u00e1 vl\u00e1da, tak skute\u010dn\u011b za\u010dala ka\u017ed\u00fd m\u011bs\u00edc se sch\u00e1zet tripartita a chceme shodu i na stran\u011b zam\u011bstnavatel\u016f.<\/p>\n<p><strong>Tak\u017ee n\u00e1vrh je zat\u00edm o 500 korun na 9 tis\u00edc.<\/strong><\/p>\n<p>Michaela MARKSOV\u00c1<br \/>\nAle to je, \u0159\u00edk\u00e1m, \u00fapln\u00fd za\u010d\u00e1tek k debat\u011b.<\/p>\n<\/div>\n<div id=\"divDocFoot\"><\/div>\n<div id=\"updPanDown\">\n<h2>V\u00fdplaty soci\u00e1ln\u00edch d\u00e1vek<\/h2>\n<p>\u0158e\u010d byla o soci\u00e1ln\u00edch d\u00e1vk\u00e1ch. Jak u\u017e zazn\u011blo v samotn\u00e9m \u00favodu tohoto po\u0159adu, na d\u00e1vk\u00e1ch v hmotn\u00e9 nouzi se vloni vyplatilo \u017eadatel\u016fm celkem v\u00edc ne\u017e 10,5 miliardy korun. Pod\u00edvejme se na data mezi ro\u010dn\u011b rostly v\u0161echny polo\u017eky, p\u0159\u00edsp\u011bvky na \u017eivobyt\u00ed z necel\u00fdch 6 miliard na lo\u0148sk\u00fdch 7,5 miliardy u doplatku na bydlen\u00ed je n\u00e1r\u016fst je\u0161t\u011b strm\u011bj\u0161\u00ed. Zat\u00edmco v roce 2012 \u0161lo o miliardu a 670 milion\u016f korun, vloni u\u017e o 2 miliardy a 800 milion\u016f.<\/p>\n<p>Lenka KOHOUTOV\u00c1, expertka na soci\u00e1ln\u00ed problematiku \/ODS\/:<br \/>\nJ\u00e1 bych s pan\u00ed ministryn\u00ed diskutovala o tom, \u017ee bych odtrhla posuzov\u00e1n\u00ed d\u00e1vek pro osoby se zdravotn\u00edm posti\u017een\u00edm z \u00fa\u0159adu pr\u00e1ce a toto bych i se soci\u00e1ln\u00edmi pracovn\u00edky p\u0159esunula tam, kde by se ud\u011blaly pracovn\u00ed t\u00fdmy &#8211; na \u010cesk\u00e9 spr\u00e1v\u011b soci\u00e1ln\u00edho zabezpe\u010den\u00ed. Tak by ty po\u010dty nemusely b\u00fdt tak vysok\u00e9, to je jedna v\u011bc. Tak\u017ee to posuzov\u00e1n\u00ed podle z\u00e1kona o soci\u00e1ln\u00edch slu\u017eb\u00e1ch a d\u00e1vk\u00e1ch pro osoby se zdravotn\u00edm posti\u017een\u00edm bych p\u0159esunula na \u00fapln\u011b jin\u00fd odbor a stejn\u011b tak bych za\u010dala v\u00e9st diskusi nad t\u00edm, jak\u00fdm zp\u016fsobem bychom znovu za\u010dali spolupracovat s obcemi na soci\u00e1ln\u00ed pr\u00e1ci, proto\u017ee se ukazuje \u010dasem a je prokazateln\u00e9, \u017ee jsem byla ten, kdo \u0159\u00edkal, \u017ee toto nic dobr\u00e9ho nep\u0159inese, odtr\u017een\u00ed soci\u00e1ln\u00ed pr\u00e1ce od obc\u00ed&#8230;.<\/p>\n<p>Michaela MARKSOV\u00c1,<br \/>\n&#8230;zase jsme u toho n\u00e1r\u016fstu hmotn\u00e9 nouze a t\u011bch d\u00e1vek a \u017ee \u010d\u00e1st toho n\u00e1r\u016fstu je nepochybn\u011b zp\u016fsobena t\u00edm, \u017ee tam neprob\u00edh\u00e1 soci\u00e1ln\u00ed \u0161et\u0159en\u00ed. To znamen\u00e1, \u017ee tam je n\u011bjak\u00e9 zneu\u017e\u00edv\u00e1n\u00ed.<\/p>\n<\/div>\n","protected":false},"excerpt":{"rendered":"<div class=\"mh-excerpt\"><p>P\u0159ib\u00fdv\u00e1 lid\u00ed v nouzi? P\u0159ib\u00fdv\u00e1 lid\u00ed, kte\u0159\u00ed se p\u0159i\u017eivuj\u00ed na soci\u00e1ln\u00edch d\u00e1vk\u00e1ch? D\u00e1 se v\u016fbec syst\u00e9m kontrolovat?To jsou ot\u00e1zky, je\u017e v ned\u011bln\u00edm po\u0159adu \u010cesk\u00e9 televize <a class=\"mh-excerpt-more\" href=\"https:\/\/www.invarena.cz\/?p=15597\" title=\"Minim\u00e1ln\u00ed mzdy nejd\u0159\u00edve zv\u00fd\u0161\u00edme o 500 korun\">[&#8230;]<\/a><\/p>\n<\/div>","protected":false},"author":1,"featured_media":15598,"comment_status":"open","ping_status":"closed","sticky":false,"template":"","format":"standard","meta":{"footnotes":""},"categories":[12],"tags":[],"class_list":["post-15597","post","type-post","status-publish","format-standard","has-post-thumbnail","hentry","category-rozhovory"],"_links":{"self":[{"href":"https:\/\/www.invarena.cz\/index.php?rest_route=\/wp\/v2\/posts\/15597","targetHints":{"allow":["GET"]}}],"collection":[{"href":"https:\/\/www.invarena.cz\/index.php?rest_route=\/wp\/v2\/posts"}],"about":[{"href":"https:\/\/www.invarena.cz\/index.php?rest_route=\/wp\/v2\/types\/post"}],"author":[{"embeddable":true,"href":"https:\/\/www.invarena.cz\/index.php?rest_route=\/wp\/v2\/users\/1"}],"replies":[{"embeddable":true,"href":"https:\/\/www.invarena.cz\/index.php?rest_route=%2Fwp%2Fv2%2Fcomments&post=15597"}],"version-history":[{"count":0,"href":"https:\/\/www.invarena.cz\/index.php?rest_route=\/wp\/v2\/posts\/15597\/revisions"}],"wp:featuredmedia":[{"embeddable":true,"href":"https:\/\/www.invarena.cz\/index.php?rest_route=\/wp\/v2\/media\/15598"}],"wp:attachment":[{"href":"https:\/\/www.invarena.cz\/index.php?rest_route=%2Fwp%2Fv2%2Fmedia&parent=15597"}],"wp:term":[{"taxonomy":"category","embeddable":true,"href":"https:\/\/www.invarena.cz\/index.php?rest_route=%2Fwp%2Fv2%2Fcategories&post=15597"},{"taxonomy":"post_tag","embeddable":true,"href":"https:\/\/www.invarena.cz\/index.php?rest_route=%2Fwp%2Fv2%2Ftags&post=15597"}],"curies":[{"name":"wp","href":"https:\/\/api.w.org\/{rel}","templated":true}]}}