{"id":15604,"date":"2014-04-07T17:46:55","date_gmt":"2014-04-07T15:46:55","guid":{"rendered":"http:\/\/www.invarena.cz\/?p=15604"},"modified":"2014-04-07T17:50:17","modified_gmt":"2014-04-07T15:50:17","slug":"dve-stovky-navic-pro-kazdeho-duchodce-navrhuje-ministryne","status":"publish","type":"post","link":"https:\/\/www.invarena.cz\/?p=15604","title":{"rendered":"Dv\u011b stovky nav\u00edc pro ka\u017ed\u00e9ho d\u016fchodce, navrhuje ministryn\u011b"},"content":{"rendered":"<p><strong>D\u016fchody by m\u011bly p\u0159\u00ed\u0161t\u00ed rok vzr\u016fst v pr\u016fm\u011bru o 200 korun m\u011bs\u00ed\u010dn\u011b. N\u00e1vrh MPSV je o 50 korun \u0161t\u011bd\u0159ej\u0161\u00ed, ne\u017e vl\u00e1da p\u016fvodn\u011b slibovala, a st\u00e1tn\u00ed kasu tak bude st\u00e1t o 5 miliard v\u00edc, ne\u017e se p\u016fvodn\u011b \u010dekalo, a o sedm miliard v\u00edc ne\u017e letos.<!--more--><\/strong><\/p>\n<p>&nbsp;<\/p>\n<p>ct24.cz, 29. 3. 2014<br \/>\n<b>Podle ministryn\u011b pr\u00e1ce Marksov\u00e9 na to pen\u00edze jsou. \u0160\u00e9f financ\u00ed Babi\u0161 se zv\u00fd\u0161en\u00edm d\u016fchod\u016f souhlas\u00ed, pokud to neohroz\u00ed v\u00fd\u0161i pl\u00e1novan\u00e9ho rozpo\u010dtov\u00e9ho schodku.<\/b><\/p>\n<p>Ani n\u00e1r\u016fst o\u00a0200 korun nen\u00ed pro ministerstva pr\u00e1ce a financ\u00ed jednoduch\u00fd, ve v\u00fdpo\u010dtu se toti\u017e projevila t\u00e9m\u011b\u0159 nulov\u00e1 inflace, a tak by podle z\u00e1kona m\u011bly d\u016fchody r\u016fst jen o\u00a0zhruba 150\u00a0K\u010d. Ministryn\u011b proto ve st\u0159edu vl\u00e1d\u011b p\u0159edlo\u017e\u00ed \u00fapravu v\u00fdpo\u010dtu tak, aby penze mohly r\u016fst v\u00edc.<\/p>\n<blockquote><p><i>&#8222;Suma, kter\u00e1 po\u010d\u00edtala s\u00a0nav\u00fd\u0161en\u00edm o\u00a0200 korun, je v\u00a0rozpo\u010dtu rezervovan\u00e1,&#8220;<\/i> uvedla ministryn\u011b pr\u00e1ce Michaela Marksov\u00e1-Tominov\u00e1.<\/p><\/blockquote>\n<p>Komplikace p\u0159i schvalov\u00e1n\u00ed ministerstvo neo\u010dek\u00e1v\u00e1, a to i\u00a0p\u0159esto, \u017ee lidovci by se kv\u016fli chyb\u011bj\u00edc\u00edm pen\u011bz\u016fm v\u00a0rozpo\u010dtu klonili k\u00a0r\u016fstu jen o\u00a0150 korun.<\/p>\n<blockquote><p><i>&#8222;Chyb\u00ed n\u00e1m pen\u00edze pro rodiny, \u0161koly, \u0161kolky, zdravotnictv\u00ed,&#8220;<\/i> upozornil na dal\u0161\u00ed priority ministr zem\u011bd\u011blstv\u00ed Marian Jure\u010dka (KDU-\u010cSL).<\/p><\/blockquote>\n<p>A\u00a0s\u00a0podporou n\u00e1vrhu nem\u00e1 probl\u00e9m ani ministr financ\u00ed Andrej Babi\u0161 (ANO), trv\u00e1 ale na tom, \u017ee se kv\u016fli n\u011bmu nebude zvy\u0161ovat schodek st\u00e1tn\u00edho rozpo\u010dtu.<\/p>\n<p>Ministryn\u011b m\u016f\u017ee ale narazit s\u00a0jin\u00fdm pl\u00e1nem. Novela chce do praxe vr\u00e1tit pravidlo, \u017ee pokud vl\u00e1da u\u0161et\u0159\u00ed, m\u016f\u017ee d\u016fchody valorizovat kdykoliv.<\/p>\n<blockquote><p><i>&#8222;Tento n\u00e1vrh se ministersk\u00fdm \u00fa\u0159edn\u00edk\u016fm z\u00a0financ\u00ed nel\u00edbil, pobav\u00edme se o\u00a0tom na vl\u00e1d\u011b,&#8220;<\/i> uvedla Marksov\u00e1-Tominov\u00e1.<\/p><\/blockquote>\n<h4>Ve h\u0159e jsou i\u00a0p\u0159ed\u010dasn\u00e9 d\u016fchody pro horn\u00edky<\/h4>\n<p>Na ministerstvu pr\u00e1ce a soci\u00e1ln\u00edch v\u011bc\u00ed p\u0159ipravuj\u00ed je\u0161t\u011b jeden n\u00e1vrh t\u00fdkaj\u00edc\u00ed se d\u016fchod\u016f. Kv\u016fli situaci na Ostravsku a hrozb\u011b uzav\u0159en\u00ed dol\u016f cht\u011bj\u00ed do p\u0159ed\u010dasn\u00e9ho d\u016fchodu poslat v\u00edce horn\u00edk\u016f. \u010c\u00e1st z\u00a0nich m\u00e1 na d\u0159\u00edv\u011bj\u0161\u00ed d\u016fchod n\u00e1rok u\u017e podle sou\u010dasn\u00fdch pravidel, d\u00edky novele by ho pak mohlo z\u00edskat dal\u0161\u00edch 3\u00a0500 horn\u00edk\u016f.<\/p>\n<p>Pravicov\u00e9 opozi\u010dn\u00ed strany pl\u00e1n na zv\u00fd\u0161en\u00ed penz\u00ed kritizuj\u00ed. Podle nich na v\u00fdrazn\u011b vy\u0161\u0161\u00ed d\u016fchody nejsou v\u00a0rozpo\u010dtu pen\u00edze.<\/p>\n<blockquote><p><i>&#8222;Pokud ministr financ\u00ed dok\u00e1\u017ee u\u0161et\u0159it des\u00edtky miliard, jak sliboval, tak tam ten prostor bude. Pokud ne, tak tam nebude,&#8220;<\/i> uvedl b\u00fdval\u00fd ministr financ\u00ed Miroslav Kalousek (TOP 09).<\/p><\/blockquote>\n<h4>Ne\u010dasova vl\u00e1da valorizace penz\u00ed zpomalila<\/h4>\n<p>Pokud by ministryn\u011b pr\u00e1ce sv\u016fj n\u00e1vrh prosadila, vzrostly by d\u016fchody nejv\u00edc od roku 2011. V\u00a0minul\u00fdch dvou letech toti\u017e kv\u016fli \u00faspor\u00e1m r\u016fst d\u016fchod\u016f podstatn\u011b p\u0159ibrzdil. A\u017e do roku 2013 byly d\u016fchody valorizov\u00e1ny o\u00a0celou v\u00fd\u0161i inflace a o\u00a0t\u0159etinu r\u016fstu re\u00e1ln\u00fdch mezd. Ne\u010dasova vl\u00e1da pak ale prosadila ni\u017e\u0161\u00ed valorizaci: d\u016fchody se nezvy\u0161ovaly o\u00a0celou inflaci, ale jen o\u00a0t\u0159etinu. \u0160lo o\u00a0sou\u010d\u00e1st \u00fasporn\u00fdch opat\u0159en\u00ed \u2013 kabinet po\u010d\u00edtal do roku 2015\u00a0s\u00a0\u00fasporami ve v\u00fd\u0161i skoro 48\u00a0miliard.<\/p>\n<p><em>Zdroj: ct24.cz<\/em><\/p>\n","protected":false},"excerpt":{"rendered":"<div class=\"mh-excerpt\"><p>D\u016fchody by m\u011bly p\u0159\u00ed\u0161t\u00ed rok vzr\u016fst v pr\u016fm\u011bru o 200 korun m\u011bs\u00ed\u010dn\u011b. N\u00e1vrh MPSV je o 50 korun \u0161t\u011bd\u0159ej\u0161\u00ed, ne\u017e vl\u00e1da p\u016fvodn\u011b slibovala, a st\u00e1tn\u00ed <a class=\"mh-excerpt-more\" href=\"https:\/\/www.invarena.cz\/?p=15604\" title=\"Dv\u011b stovky nav\u00edc pro ka\u017ed\u00e9ho d\u016fchodce, navrhuje ministryn\u011b\">[&#8230;]<\/a><\/p>\n<\/div>","protected":false},"author":1,"featured_media":0,"comment_status":"open","ping_status":"closed","sticky":false,"template":"","format":"standard","meta":{"footnotes":""},"categories":[1],"tags":[],"class_list":["post-15604","post","type-post","status-publish","format-standard","hentry","category-nezarazene"],"_links":{"self":[{"href":"https:\/\/www.invarena.cz\/index.php?rest_route=\/wp\/v2\/posts\/15604","targetHints":{"allow":["GET"]}}],"collection":[{"href":"https:\/\/www.invarena.cz\/index.php?rest_route=\/wp\/v2\/posts"}],"about":[{"href":"https:\/\/www.invarena.cz\/index.php?rest_route=\/wp\/v2\/types\/post"}],"author":[{"embeddable":true,"href":"https:\/\/www.invarena.cz\/index.php?rest_route=\/wp\/v2\/users\/1"}],"replies":[{"embeddable":true,"href":"https:\/\/www.invarena.cz\/index.php?rest_route=%2Fwp%2Fv2%2Fcomments&post=15604"}],"version-history":[{"count":0,"href":"https:\/\/www.invarena.cz\/index.php?rest_route=\/wp\/v2\/posts\/15604\/revisions"}],"wp:attachment":[{"href":"https:\/\/www.invarena.cz\/index.php?rest_route=%2Fwp%2Fv2%2Fmedia&parent=15604"}],"wp:term":[{"taxonomy":"category","embeddable":true,"href":"https:\/\/www.invarena.cz\/index.php?rest_route=%2Fwp%2Fv2%2Fcategories&post=15604"},{"taxonomy":"post_tag","embeddable":true,"href":"https:\/\/www.invarena.cz\/index.php?rest_route=%2Fwp%2Fv2%2Ftags&post=15604"}],"curies":[{"name":"wp","href":"https:\/\/api.w.org\/{rel}","templated":true}]}}