{"id":15634,"date":"2014-04-20T09:39:46","date_gmt":"2014-04-20T07:39:46","guid":{"rendered":"http:\/\/www.invarena.cz\/?p=15634"},"modified":"2014-04-20T09:40:30","modified_gmt":"2014-04-20T07:40:30","slug":"pozor-na-noseni-miminka-v-satku-muze-se-udusit","status":"publish","type":"post","link":"https:\/\/www.invarena.cz\/?p=15634","title":{"rendered":"Pozor na no\u0161en\u00ed miminka v \u0161\u00e1tku &#8211; m\u016f\u017ee se udusit"},"content":{"rendered":"<p><strong>Nos\u00edte sv\u00e9 miminko v \u0161\u00e1tku? Pak v\u00e1s asi n\u00e1sleduj\u00edc\u00ed zpr\u00e1va trochu vystra\u0161\u00ed. Brit\u00e1nie toti\u017e \u0159e\u0161\u00ed p\u0159\u00edpad, kdy se v \u0161\u00e1tku na no\u0161en\u00ed d\u011bt\u00ed udusil 5 t\u00fddn\u016f star\u00fd chlape\u010dek.<!--more--><\/strong><\/p>\n<p><em><strong>report\u00e1\u017e Prima FTV<\/strong><\/em><\/p>\n<p>Podle koronera, kter\u00fd zji\u0161\u0165oval p\u0159\u00ed\u010dinu \u00famrt\u00ed, je d\u016fle\u017eit\u00e9 zv\u00e1\u017eit, jestli nejsou \u0161\u00e1tky p\u0159ece jen p\u0159\u00edli\u0161 nebezpe\u010dn\u00e9. V dob\u011b, kdy se tento zp\u016fsob no\u0161en\u00ed kojenc\u016f t\u011b\u0161\u00ed celosv\u011btov\u00e9 oblib\u011b, je to jist\u011b t\u00e9ma k zamy\u0161len\u00ed.<br \/>\nJsou \u010d\u00edm d\u00e1l t\u00edm obl\u00edben\u011bj\u0161\u00ed. Existuj\u00ed knihy, videa nebo kurzy, jak v nich d\u00edt\u011b nosit. Asi m\u00e1lokoho by napadlo, \u017ee \u0161\u00e1tky m\u016f\u017eou b\u00fdt i smrtonosn\u00e9. V Brit\u00e1nii cht\u011bli na \u0160t\u011bdr\u00fd den rodi\u010de Marianne a Robert pr\u00e1v\u011b ch\u016fz\u00ed v \u0161\u00e1tku uklidnit sv\u00e9ho chlape\u010dka. Po 10 minut\u00e1ch jim ale zem\u0159el.<\/p>\n<p>redaktor \/citace &#8211; Richard BRITTAIN; koroner, Zdroj: TheGuardian.com\/:<br \/>\n&#8222;Erik Matthews zem\u0159el na n\u00e1sledky srde\u010dn\u00ed z\u00e1stavy pot\u00e9, co m\u011bl nedostatek kysl\u00edku. Zem\u0159el, proto\u017ee se v \u0161\u00e1tku udusil. Nic nenasv\u011bd\u010duje tomu, \u017ee by jakoukoliv chybu ud\u011blali rodi\u010de.&#8220;<\/p>\n<p>nejde o prvn\u00ed p\u0159\u00edpad, v Brit\u00e1nii zem\u0159elo v \u0161\u00e1tc\u00edch udu\u0161en\u00edm 6 d\u011bt\u00ed a v Kanad\u011b a Spojen\u00fdch st\u00e1tech 16, proto vyslovil koroner nad \u0161\u00e1tky znepokojen\u00ed a vyzval odborn\u00edky k dal\u0161\u00ed diskusi. I v \u010cesku se \u0161\u00e1tky \u0159e\u0161ily.<\/p>\n<p>Lud\u011bk RYBA, l\u00e9ka\u0159, \u010cesk\u00e1 pediatrick\u00e1 spole\u010dnost:<br \/>\nMus\u00edme doporu\u010dit, aby ka\u017ed\u00fd, kdo tu metodu pou\u017e\u00edv\u00e1, si osvojil spr\u00e1vnou techniku. Proto taky pediatrick\u00e1 spole\u010dnost zpracovala odborn\u00e9 stanovisko, kter\u00e9 je mo\u017en\u00e9 naj\u00edt na str\u00e1nk\u00e1ch \u010cesk\u00e9 pediatrick\u00e9 spole\u010dnosti, kde jsou uveden\u00e1 n\u011bkter\u00e1 rizika.<\/p>\n<p>Maminka zesnul\u00e9ho chlape\u010dka ale o rizic\u00edch v\u011bd\u011bla. Polohu, ve kter\u00e9 d\u00edt\u011b nesla, znala z instrukt\u00e1\u017en\u00ed knihy. Pr\u00e1v\u011b proto \u00famrt\u00ed vyvolalo takov\u00e9 znepokojen\u00ed.<\/p>\n<p>Milena JE\u0158\u00c1BKOV\u00c1, poradkyn\u011b ve v\u00fdvoji novoroze\u0148at:<br \/>\nMiminko m\u011blo n\u011bjak\u00fdm zp\u016fsobem blokovan\u00e9 d\u00fdchac\u00ed cesty, co\u017e se m\u016f\u017ee st\u00e1t velmi \u010dasto nap\u0159\u00edklad t\u00edm, \u017ee to miminko moc sed\u00ed a pad\u00e1 mu hlavi\u010dka dop\u0159edu.<\/p>\n<p>D\u00edt\u011b se m\u016f\u017ee taky udusit l\u00e1tkou \u0161\u00e1tku nebo kdy\u017e je obli\u010dejem a\u017e p\u0159\u00edli\u0161 nam\u00e1\u010dkl\u00e9 na t\u011blo matky.<\/p>\n<p>\u0160t\u011bp\u00e1nka \u010cECHOV\u00c1, mluv\u010d\u00ed ministerstva zdravotnictv\u00ed:<br \/>\nMinisterstvo zdravotnictv\u00ed dosud \u017e\u00e1dn\u00e9 doporu\u010den\u00ed ohledn\u011b no\u0161en\u00ed d\u011bt\u00ed v \u0161\u00e1tku nevyd\u00e1valo, ale bereme to jako zaj\u00edmav\u00fd podn\u011bt.<\/p>\n<p>Doporu\u010den\u00ed pediatrick\u00e9 spole\u010dnosti m\u00e1 sv\u00e1 pro i proti. Podle mu\u017ee, kter\u00fd ohledal t\u011bl\u00ed\u010dko udu\u0161en\u00e9ho chlapce, je d\u016fle\u017eit\u00e9, aby rodi\u010de hlavn\u011b o rizic\u00edch v\u011bd\u011bli.<\/p>\n<p>&nbsp;<\/p>\n","protected":false},"excerpt":{"rendered":"<div class=\"mh-excerpt\"><p>Nos\u00edte sv\u00e9 miminko v \u0161\u00e1tku? Pak v\u00e1s asi n\u00e1sleduj\u00edc\u00ed zpr\u00e1va trochu vystra\u0161\u00ed. Brit\u00e1nie toti\u017e \u0159e\u0161\u00ed p\u0159\u00edpad, kdy se v \u0161\u00e1tku na no\u0161en\u00ed d\u011bt\u00ed udusil 5 <a class=\"mh-excerpt-more\" href=\"https:\/\/www.invarena.cz\/?p=15634\" title=\"Pozor na no\u0161en\u00ed miminka v \u0161\u00e1tku &#8211; m\u016f\u017ee se udusit\">[&#8230;]<\/a><\/p>\n<\/div>","protected":false},"author":1,"featured_media":15785,"comment_status":"open","ping_status":"closed","sticky":false,"template":"","format":"standard","meta":{"footnotes":""},"categories":[11],"tags":[],"class_list":["post-15634","post","type-post","status-publish","format-standard","has-post-thumbnail","hentry","category-zdravi"],"_links":{"self":[{"href":"https:\/\/www.invarena.cz\/index.php?rest_route=\/wp\/v2\/posts\/15634","targetHints":{"allow":["GET"]}}],"collection":[{"href":"https:\/\/www.invarena.cz\/index.php?rest_route=\/wp\/v2\/posts"}],"about":[{"href":"https:\/\/www.invarena.cz\/index.php?rest_route=\/wp\/v2\/types\/post"}],"author":[{"embeddable":true,"href":"https:\/\/www.invarena.cz\/index.php?rest_route=\/wp\/v2\/users\/1"}],"replies":[{"embeddable":true,"href":"https:\/\/www.invarena.cz\/index.php?rest_route=%2Fwp%2Fv2%2Fcomments&post=15634"}],"version-history":[{"count":0,"href":"https:\/\/www.invarena.cz\/index.php?rest_route=\/wp\/v2\/posts\/15634\/revisions"}],"wp:featuredmedia":[{"embeddable":true,"href":"https:\/\/www.invarena.cz\/index.php?rest_route=\/wp\/v2\/media\/15785"}],"wp:attachment":[{"href":"https:\/\/www.invarena.cz\/index.php?rest_route=%2Fwp%2Fv2%2Fmedia&parent=15634"}],"wp:term":[{"taxonomy":"category","embeddable":true,"href":"https:\/\/www.invarena.cz\/index.php?rest_route=%2Fwp%2Fv2%2Fcategories&post=15634"},{"taxonomy":"post_tag","embeddable":true,"href":"https:\/\/www.invarena.cz\/index.php?rest_route=%2Fwp%2Fv2%2Ftags&post=15634"}],"curies":[{"name":"wp","href":"https:\/\/api.w.org\/{rel}","templated":true}]}}