{"id":15671,"date":"2014-04-11T10:01:50","date_gmt":"2014-04-11T08:01:50","guid":{"rendered":"http:\/\/www.invarena.cz\/?p=15671"},"modified":"2014-04-11T10:01:50","modified_gmt":"2014-04-11T08:01:50","slug":"jourova-da-pul-milionu-mentalne-postizenym","status":"publish","type":"post","link":"https:\/\/www.invarena.cz\/?p=15671","title":{"rendered":"Jourov\u00e1 d\u00e1 p\u016fl milionu ment\u00e1ln\u011b posti\u017een\u00fdm"},"content":{"rendered":"<p>Obvodn\u00ed soud pro Prahu 2 p\u0159isoudil 2 miliony a 700 tis\u00edc korun sou\u010dasn\u00e9 ministryni pro m\u00edstn\u00ed rozvoj V\u011b\u0159e Jourov\u00e9. A to jako n\u00e1hradu za u\u0161l\u00fd p\u0159\u00edjem a nez\u00e1konnou vazbu. Jourov\u00e1 po\u017eadovala od\u0161kodn\u00e9 od ministerstva spravedlnosti.<!--more--><\/p>\n<p>report\u00e1\u017e TV Nova:<\/p>\n<p>Ministryn\u011b Jourov\u00e1 prozradila, co s pen\u011bzi bude d\u011blat. \u010c\u00e1stku chce d\u00e1t sv\u00fdm d\u011btem a \u010d\u00e1st p\u016fjde tak\u00e9 na humanit\u00e1rn\u00ed \u00fa\u010dely, a to konkr\u00e9tn\u011b na v\u00fdstavbu byt\u016f pro ment\u00e1ln\u011b posti\u017een\u00e9 lidi v T\u0159eb\u00ed\u010di.<\/p>\n<p>Soud u\u017e rozhodl, \u017ee Jourov\u00e1 dostane n\u00e1hradu \u0161kody za u\u0161l\u00fd zisk, a to kv\u016fli nez\u00e1konn\u00e9 vazb\u011b, kdy p\u0159i\u0161la o nasmlouvanou pr\u00e1ci v zahrani\u010d\u00ed. Jako expertka pro z\u00edsk\u00e1v\u00e1n\u00ed pen\u011bz z Evropsk\u00e9 unie m\u011bla dost\u00e1vat nejm\u00e9n\u011b rok 450 euro denn\u011b. Kv\u016fli 30 dn\u00ed dlouh\u00e9 vazby v\u0161ak ze smlouvy se\u0161lo.<\/p>\n<p>Soud u\u017e jednou v t\u00e9to v\u011bci rozhodoval. P\u016fvodn\u011b m\u011bla Jourov\u00e1 dostat o milion korun v\u00edc, ale \u010d\u00e1stka byla sn\u00ed\u017eena s ohledem na zm\u011bnu kurzu eura.<\/p>\n<p>Jourov\u00e1 dostane pen\u00edze od ministerstva spravedlnosti, kter\u00e9 vede ministryn\u011b V\u00e1lkov\u00e1 zvolen\u00e1 za hnut\u00ed ANO, kde je Jourov\u00e1 m\u00edstop\u0159edsedkyn\u00ed. Rozsudek je\u0161t\u011b nen\u00ed pravomocn\u00fd a ob\u011b strany se proti n\u011bmu mohou odvolat.<\/p>\n","protected":false},"excerpt":{"rendered":"<div class=\"mh-excerpt\"><p>Obvodn\u00ed soud pro Prahu 2 p\u0159isoudil 2 miliony a 700 tis\u00edc korun sou\u010dasn\u00e9 ministryni pro m\u00edstn\u00ed rozvoj V\u011b\u0159e Jourov\u00e9. A to jako n\u00e1hradu za u\u0161l\u00fd <a class=\"mh-excerpt-more\" href=\"https:\/\/www.invarena.cz\/?p=15671\" title=\"Jourov\u00e1 d\u00e1 p\u016fl milionu ment\u00e1ln\u011b posti\u017een\u00fdm\">[&#8230;]<\/a><\/p>\n<\/div>","protected":false},"author":1,"featured_media":0,"comment_status":"open","ping_status":"closed","sticky":false,"template":"","format":"standard","meta":{"footnotes":""},"categories":[9],"tags":[],"class_list":["post-15671","post","type-post","status-publish","format-standard","hentry","category-zpravy"],"_links":{"self":[{"href":"https:\/\/www.invarena.cz\/index.php?rest_route=\/wp\/v2\/posts\/15671","targetHints":{"allow":["GET"]}}],"collection":[{"href":"https:\/\/www.invarena.cz\/index.php?rest_route=\/wp\/v2\/posts"}],"about":[{"href":"https:\/\/www.invarena.cz\/index.php?rest_route=\/wp\/v2\/types\/post"}],"author":[{"embeddable":true,"href":"https:\/\/www.invarena.cz\/index.php?rest_route=\/wp\/v2\/users\/1"}],"replies":[{"embeddable":true,"href":"https:\/\/www.invarena.cz\/index.php?rest_route=%2Fwp%2Fv2%2Fcomments&post=15671"}],"version-history":[{"count":0,"href":"https:\/\/www.invarena.cz\/index.php?rest_route=\/wp\/v2\/posts\/15671\/revisions"}],"wp:attachment":[{"href":"https:\/\/www.invarena.cz\/index.php?rest_route=%2Fwp%2Fv2%2Fmedia&parent=15671"}],"wp:term":[{"taxonomy":"category","embeddable":true,"href":"https:\/\/www.invarena.cz\/index.php?rest_route=%2Fwp%2Fv2%2Fcategories&post=15671"},{"taxonomy":"post_tag","embeddable":true,"href":"https:\/\/www.invarena.cz\/index.php?rest_route=%2Fwp%2Fv2%2Ftags&post=15671"}],"curies":[{"name":"wp","href":"https:\/\/api.w.org\/{rel}","templated":true}]}}