{"id":15676,"date":"2014-04-14T07:38:42","date_gmt":"2014-04-14T05:38:42","guid":{"rendered":"http:\/\/www.invarena.cz\/?p=15676"},"modified":"2014-04-14T10:49:41","modified_gmt":"2014-04-14T08:49:41","slug":"preji-ministryni-aby-resila-nesmyslne-drabkovstiny","status":"publish","type":"post","link":"https:\/\/www.invarena.cz\/?p=15676","title":{"rendered":"P\u0159eji ministryni, aby \u0159e\u0161ila nesmysln\u00e9 dr\u00e1bkov\u0161tiny"},"content":{"rendered":"<p><strong>B\u00fdval\u00e1 \u0159editelka chrlick\u00e9ho \u00fastavu pro zrakov\u011b posti\u017een\u00e9, Danu\u0161e K\u0159iv\u00e1kov\u00e1 (foto),\u00a0 o v\u00fdvoji kauzy \u00fastavu, jen\u017e cht\u011bli za exministra Dr\u00e1bka zcela zru\u0161it. Petice pr\u00fd nepomohla&#8230;<!--more--><\/strong><\/p>\n<p>&nbsp;<\/p>\n<p>Mgr. <strong>Danu\u0161e K\u0159iv\u00e1kov\u00e1<\/strong> byla za ministra pr\u00e1ce a soci\u00e1ln\u00edch v\u011bc\u00ed Dr\u00e1bka odvol\u00e1na z pozice tohoto jedine\u010dn\u00e9ho za\u0159\u00edzen\u00ed v cel\u00e9 \u010cesk\u00e9 republice.<\/p>\n<p>A to proto, \u017ee se otev\u0159en\u011b postavila proti necitliv\u00e9mu prov\u00e1d\u011bn\u00ed projektu transformace soci\u00e1ln\u00edch slu\u017eeb, kter\u00fd spo\u010d\u00edv\u00e1 ve vym\u00edst\u011bn\u00ed klient\u016f \u00fastav\u016f do domk\u016f samostatn\u00e9ho bydlen\u00ed.<\/p>\n<p>Za svoji \u0159editelku se tehdy postavili klienti \u00fastavu, zn\u00e1m\u00ed i p\u0159\u00e1tel\u00e9, podepsali petici, na kter\u00e9 se shrom\u00e1\u017edilo p\u0159es \u0161est tis\u00edc podpis\u016f.<\/p>\n<p><strong>To v\u0161ak stejn\u011b nepomohlo<\/strong><\/p>\n<p>&#8222;K osudu petice? Usnula, bez ohledu na mno\u017estv\u00ed podpis\u016f, p\u0159edpokl\u00e1d\u00e1m, \u017ee si to o\u0161et\u0159il pan Dr\u00e1bek a jeho nohsledi,&#8220; \u0159\u00edk\u00e1 dnes K\u0159iv\u00e1kov\u00e1, kterou tehdej\u0161\u00ed ministr Jarom\u00edr Dr\u00e1bek brzy na to odvolal z funkce.<\/p>\n<p>&#8222;Nastal tlak na zam\u011bstnance ze strany MPSV a nastal i tlak na klienty. V d\u016fsledku toho se klienti ze strachu p\u0159ed vyhazovem st\u00e1hli a zam\u011bstnanci p\u0159ijali transforma\u010dn\u00ed kroky bez v\u00fdhrad&#8230;,&#8220; popisuje tehdej\u0161\u00ed atmosf\u00e9ru strachu v \u00fastavu b\u00fdval\u00e1 \u0159editelka.<\/p>\n<p>Pokra\u010duje d\u00e1le: &#8222;D\u00edky odvol\u00e1n\u00ed a st\u00edh\u00e1n\u00ed n\u00e1m\u011bstka \u0160i\u0161ky, kter\u00fd si za\u0159\u00edzen\u00ed vytipoval pro jin\u00e9 \u00fa\u010dely, d\u00edky tomu, \u017ee Dr\u00e1bek skon\u010dil v ministersk\u00e9 funkci, d\u00edky nedostatku pen\u011bz na dal\u0161\u00ed kroky transformace, a mo\u017en\u00e1 i proto, \u017ee jsme na probl\u00e9m v\u010das upozornili, se proces zpomalil. Nyn\u00ed za\u0159\u00edzen\u00ed p\u0159ij\u00edm\u00e1 seniory (v r\u00e1mci transforma\u010dn\u00edch krok\u016f) s nejvy\u0161\u0161\u00edmi p\u0159\u00edsp\u011bvky na p\u00e9\u010di, pronaj\u00edm\u00e1 prostory, v\u0161e z ekonomick\u00fdch d\u016fvod\u016f.&#8220;<\/p>\n<p>Z\u0159ejm\u011b se tak\u00e9 zm\u011bnil charakter tehdej\u0161\u00edho \u00fastavu pro zrakov\u011b posti\u017een\u00e9 v souladu s idejemi transformace.<\/p>\n<p>&#8222;Z \u00a0n\u00e1hradn\u00edho p\u0159\u00edv\u011btiv\u00e9ho domova se za\u0159\u00edzen\u00ed transformovalo na za\u0159\u00edzen\u00ed \u00fapln\u011b jin\u00e9, bez citov\u00fdch vazeb a tzv. p\u0159epe\u010dov\u00e1v\u00e1n\u00ed klient\u016f,&#8220; hodnot\u00ed dnes dopad transforma\u010dn\u00edch krok\u016f ministerstva K\u0159iv\u00e1kov\u00e1.<\/p>\n<p><a href=\"https:\/\/www.invarena.cz\/wp-content\/uploads\/k\u0159iv\u00e1kov\u00e11.jpg\"><img loading=\"lazy\" decoding=\"async\" class=\"alignleft size-full wp-image-15680\" alt=\"k\u0159iv\u00e1kov\u00e1\" src=\"https:\/\/www.invarena.cz\/wp-content\/uploads\/k\u0159iv\u00e1kov\u00e11.jpg\" width=\"222\" height=\"311\" srcset=\"https:\/\/www.invarena.cz\/wp-content\/uploads\/k\u0159iv\u00e1kov\u00e11.jpg 222w, https:\/\/www.invarena.cz\/wp-content\/uploads\/k\u0159iv\u00e1kov\u00e11-130x183.jpg 130w, https:\/\/www.invarena.cz\/wp-content\/uploads\/k\u0159iv\u00e1kov\u00e11-185x260.jpg 185w\" sizes=\"auto, (max-width: 222px) 100vw, 222px\" \/><\/a>&#8222;S mnoh\u00fdmi klienty jsem ve styku a p\u0159eji jim i sob\u011b, aby pan\u00ed ministryn\u011b \u0159e\u0161ila nesmysln\u00e9 transforma\u010dn\u00ed dr\u00e1bkov\u0161tiny, aby nebylo v\u0161e p\u0159ij\u00edm\u00e1no bez v\u00fdhrad, bez p\u0159em\u00fd\u0161len\u00ed, bez ohledu na pot\u0159eby klient\u016f, na tradice, na\u0161e zvyklosti a hlavn\u011b v souladu s rozumem a citem. Aby pan\u00ed ministryn\u011b naslouchala i lidem z praxe, dala prostor i jin\u00fdm n\u00e1zor\u016fm ne\u017e ministersk\u00fdm nad\u0161en\u00fdm transform\u00e1tor\u016fm. Aby jin\u00fd n\u00e1zor nebrala jako nep\u0159\u00e1telsk\u00fd a dok\u00e1zala vyloupnout z oboj\u00edho to dobr\u00e9,&#8220; p\u0159eje K\u0159iv\u00e1kov\u00e1 nov\u00e9 ministryni Michaele Marksov\u00e9 k jej\u00ed pr\u00e1ci v \u010dele resortu.<\/p>\n<p><strong>Nech\u00e1pu verdikt soudu, v\u017edy\u0165 se z\u0159ejm\u011b poru\u0161il z\u00e1kon o ochran\u011b osobn\u00edch \u00fadaj\u016f<\/strong><\/p>\n<p>Tento t\u00fdden konstatoval Nejvy\u0161\u0161\u00ed soud, \u017ee ministerstvo nepochybilo p\u0159i nakl\u00e1d\u00e1n\u00ed s \u00fadaji zdravotn\u011b posti\u017een\u00fdch klient\u016f \u017eij\u00edc\u00edch v za\u0159\u00edzen\u00edch.<\/p>\n<p>K\u0159iv\u00e1kov\u00e1 ale tento verdikt nech\u00e1pe, proto\u017ee \u00fadaje v transforma\u010dn\u00edch dotazn\u00edc\u00edch jsou osobn\u00ed, d\u016fv\u011brn\u00e9, intimn\u00ed a p\u0159itom s nimi v transforma\u010dn\u00edm procesu pracuje \u0159ada \u00fapln\u011b ciz\u00edch lid\u00ed.<\/p>\n<p>&#8222;Klienti v mnoha p\u0159\u00edpadech v\u016fbec nech\u00e1pou, co a komu sd\u011bluj\u00ed. O zdrav\u00fdch se nic takov\u00e9ho neshroma\u017e\u010fuje,&#8220; upozor\u0148uje K\u0159iv\u00e1kov\u00e1 na mo\u017en\u00e9 poru\u0161en\u00ed legislativy pro ochrany osobn\u00edch dat a soukrom\u00ed.<\/p>\n<p>&#8222;Toto v \u017e\u00e1dn\u00e9m p\u0159\u00edpad\u011b nen\u00ed kritika za\u0159\u00edzen\u00ed, ani sou\u010dasn\u00e9ho veden\u00ed, ale je to kritika syst\u00e9mu,&#8220; up\u0159es\u0148uje K\u0159iv\u00e1kov\u00e1 s t\u00edm, \u017ee na klienty vzpom\u00edn\u00e1 v dobr\u00e9m, m\u00e1 je r\u00e1da a v\u00e1\u017e\u00ed si jich za odvahu, kterou na p\u0159elomu let 2011 a 2012 projevili.<\/p>\n<p>K d\u011bn\u00ed v \u00fastavu za jeho nov\u00e9ho veden\u00ed v\u0161ak K\u0159iv\u00e1kov\u00e1 poznamenala: &#8222;Nov\u00e9 veden\u00ed p\u0159ipustilo u\u010debnicovou uk\u00e1zku mobingu a s\u00e1m \u0159editel odstartoval bossing vedouc\u00ed k ukon\u010den\u00ed pracovn\u00edho pom\u011bru zam\u011bstnankyn\u011b za\u0159\u00edzen\u00ed. Druh\u00e1 p\u0159i prvn\u00edch n\u00e1znac\u00edch ne\u010dekala a ode\u0161la sama. Ob\u011b byly vysoko\u0161kolsky vzd\u011blan\u00e9 odbornice, kreativn\u00ed, pracovit\u00e9 a u klient\u016f velmi obl\u00edben\u00e9. Jedna z nich se anga\u017eovala p\u0159i petic\u00edch.&#8220;<\/p>\n<p>Dnes je z \u00daSP Chrlice\u00a0Centrum soci\u00e1ln\u00edch slu\u017eeb pro osoby se zrakov\u00fdm posti\u017een\u00edm, v jeho\u017e \u010dele stoj\u00ed \u0159editel Ing. Milo\u0161 Pale\u010dek.<\/p>\n<p>invArena<\/p>\n<p>&nbsp;<\/p>\n","protected":false},"excerpt":{"rendered":"<div class=\"mh-excerpt\"><p>B\u00fdval\u00e1 \u0159editelka chrlick\u00e9ho \u00fastavu pro zrakov\u011b posti\u017een\u00e9, Danu\u0161e K\u0159iv\u00e1kov\u00e1 (foto),\u00a0 o v\u00fdvoji kauzy \u00fastavu, jen\u017e cht\u011bli za exministra Dr\u00e1bka zcela zru\u0161it. Petice pr\u00fd nepomohla&#8230;<\/p>\n<\/div>","protected":false},"author":1,"featured_media":15677,"comment_status":"open","ping_status":"closed","sticky":false,"template":"","format":"standard","meta":{"footnotes":""},"categories":[7],"tags":[],"class_list":["post-15676","post","type-post","status-publish","format-standard","has-post-thumbnail","hentry","category-spolecnost"],"_links":{"self":[{"href":"https:\/\/www.invarena.cz\/index.php?rest_route=\/wp\/v2\/posts\/15676","targetHints":{"allow":["GET"]}}],"collection":[{"href":"https:\/\/www.invarena.cz\/index.php?rest_route=\/wp\/v2\/posts"}],"about":[{"href":"https:\/\/www.invarena.cz\/index.php?rest_route=\/wp\/v2\/types\/post"}],"author":[{"embeddable":true,"href":"https:\/\/www.invarena.cz\/index.php?rest_route=\/wp\/v2\/users\/1"}],"replies":[{"embeddable":true,"href":"https:\/\/www.invarena.cz\/index.php?rest_route=%2Fwp%2Fv2%2Fcomments&post=15676"}],"version-history":[{"count":0,"href":"https:\/\/www.invarena.cz\/index.php?rest_route=\/wp\/v2\/posts\/15676\/revisions"}],"wp:featuredmedia":[{"embeddable":true,"href":"https:\/\/www.invarena.cz\/index.php?rest_route=\/wp\/v2\/media\/15677"}],"wp:attachment":[{"href":"https:\/\/www.invarena.cz\/index.php?rest_route=%2Fwp%2Fv2%2Fmedia&parent=15676"}],"wp:term":[{"taxonomy":"category","embeddable":true,"href":"https:\/\/www.invarena.cz\/index.php?rest_route=%2Fwp%2Fv2%2Fcategories&post=15676"},{"taxonomy":"post_tag","embeddable":true,"href":"https:\/\/www.invarena.cz\/index.php?rest_route=%2Fwp%2Fv2%2Ftags&post=15676"}],"curies":[{"name":"wp","href":"https:\/\/api.w.org\/{rel}","templated":true}]}}