{"id":15717,"date":"2014-04-16T11:26:53","date_gmt":"2014-04-16T09:26:53","guid":{"rendered":"http:\/\/www.invarena.cz\/?p=15717"},"modified":"2014-04-16T12:43:26","modified_gmt":"2014-04-16T10:43:26","slug":"ministryne-marksova-snizime-administrativni-zatez-handicapovanych-a-senioru","status":"publish","type":"post","link":"https:\/\/www.invarena.cz\/?p=15717","title":{"rendered":"Marksov\u00e1: Sn\u00ed\u017e\u00edme administrativn\u00ed z\u00e1t\u011b\u017e handicapovan\u00fdch a senior\u016f"},"content":{"rendered":"<p><strong>Zhruba \u010dty\u0159i sta pades\u00e1t tis\u00edc dr\u017eitel\u016f pr\u016fkaz\u016f mimo\u0159\u00e1dn\u00fdch v\u00fdhod a pr\u016fkaz\u016f osoby se zdravotn\u00edm posti\u017een\u00edm nemus\u00ed v nejbli\u017e\u0161\u00ed dob\u011b absolvovat nov\u00e9 posouzen\u00ed zdravotn\u00edho stavu, kter\u00e9 by m\u011bl podle platn\u00e9 legislativy absolvovat ka\u017ed\u00fd \u017eadatel do konce roku 2015.<\/strong><br \/>\n<!--more--><br \/>\n<strong> Dohodla se na tom ministryn\u011b pr\u00e1ce a soci\u00e1ln\u00edch v\u011bc\u00ed Michaela Marksov\u00e1 se z\u00e1stupci organizac\u00ed a svaz\u016f zdravotn\u011b posti\u017een\u00fdch a poskytovatel\u016f soci\u00e1ln\u00edch slu\u017eeb.<\/strong><\/p>\n<p>Jedn\u00e1n\u00ed bylo zam\u011b\u0159eno na oblast pr\u016fkaz\u016f TP, ZTP a ZTP\/P a p\u0159\u00edsp\u011bvku na p\u00e9\u010di. Podle sou\u010dasn\u00fdch pravidel plat\u00ed pr\u016fkazy mimo\u0159\u00e1dn\u00fdch v\u00fdhod po dobu, kter\u00e1 je na nich vyzna\u010dena, nejd\u00e9le v\u0161ak do konce roku 2015. V roce 2012 byly zavedeny pr\u016fkazy osoby se zdravotn\u00edm posti\u017een\u00edm, kter\u00e9 postupn\u011b nahrazuj\u00ed pr\u016fkazy mimo\u0159\u00e1dn\u00fdch v\u00fdhod, a podm\u00ednky n\u00e1roku na pr\u016fkaz se v uplynul\u00fdch dvou letech m\u011bnily. Jin\u00e1 pravidla p\u0159itom platila v letech 2012 a 2013 a jin\u00e1 plat\u00ed od leto\u0161n\u00edho roku.<\/p>\n<p>\u201eTento chaos, do kter\u00e9ho syst\u00e9m p\u0159id\u011blov\u00e1n\u00ed pr\u016fkaz\u016f uvedl exministr Dr\u00e1bek, pova\u017euji za ne\u00fanosn\u00fd a pro spoluob\u010dany se zdravotn\u00edm handicapem poni\u017euj\u00edc\u00ed. Dohodli jsme se proto na automatick\u00e9m p\u0159eveden\u00ed n\u00e1roku z pr\u016fkaz\u016f mimo\u0159\u00e1dn\u00fdch v\u00fdhod na pr\u016fkaz osoby se zdravotn\u00edm posti\u017een\u00edm. Ministerstvo p\u0159iprav\u00ed zm\u011bnu z\u00e1kona o poskytov\u00e1n\u00ed d\u00e1vek osob\u00e1m se zdravotn\u00edm posti\u017een\u00edm, kter\u00e1 tento postup umo\u017en\u00ed, ani\u017e by je zat\u011b\u017eovala nov\u00fdm posuzov\u00e1n\u00edm,\u201c uvedla ministryn\u011b Michaela Marksov\u00e1. Po\u010d\u00e1tkem roku 2016 se tak podle jej\u00edch slov podoba pr\u016fkaz\u016f sjednot\u00ed, bude existovat pouze jeden pr\u016fkaz osoby se zdravotn\u00edm posti\u017een\u00edm. Z\u00e1rove\u0148 tento postup u\u0161et\u0159\u00ed obrovskou z\u00e1t\u011b\u017e posudkov\u00fdm l\u00e9ka\u0159\u016fm.<\/p>\n<p>Z\u00e1kon o poskytov\u00e1n\u00ed d\u00e1vek osob\u00e1m se zdravotn\u00edm posti\u017een\u00edm ukl\u00e1d\u00e1 krajsk\u00fdm pobo\u010dk\u00e1m \u00da\u0159adu pr\u00e1ce \u010cesk\u00e9 republiky zahajovat \u0159\u00edzen\u00ed o p\u0159izn\u00e1n\u00ed pr\u016fkazu osoby se zdravotn\u00edm posti\u017een\u00edm podle pravidel, kter\u00e1 plat\u00ed od roku 2014, p\u0159ed uplynut\u00edm doby platnosti pr\u016fkazu mimo\u0159\u00e1dn\u00fdch v\u00fdhod u po\u017eivatel\u016f p\u0159\u00edsp\u011bvku na mobilitu.<\/p>\n<p>\u201eJde o to, aby cel\u00fd syst\u00e9m p\u0159echodu byl plynul\u00fd a p\u0159in\u00e1\u0161el co nejm\u00e9n\u011b nesn\u00e1z\u00ed osob\u00e1m se zdravotn\u00edm posti\u017een\u00edm i krajsk\u00fdm pobo\u010dk\u00e1m,\u201c zd\u016fraznila n\u00e1m\u011bstkyn\u011b ministryn\u011b pro soci\u00e1ln\u00ed a rodinnou politiku Zuzana Jentschke St\u0151cklov\u00e1.<\/p>\n<p>Dr\u017eitel\u00e9 pr\u016fkazu mimo\u0159\u00e1dn\u00fdch v\u00fdhod budou m\u00edt na z\u00e1klad\u011b novely z\u00e1kona n\u00e1rok na pr\u016fkaz osoby se zdravotn\u00edm posti\u017een\u00edm podle pravidel platn\u00fdch od po\u010d\u00e1tku leto\u0161n\u00edho roku. N\u00e1rok p\u0159ejde automaticky, tzv. na stejn\u00e9 \u00farovni. Ka\u017ed\u00fd, kdo m\u011bl n\u00e1rok na pr\u016fkaz mimo\u0159\u00e1dn\u00fdch v\u00fdhod ZTP, bude m\u00edt n\u00e1rok na pr\u016fkaz osoby se zdravotn\u00edm posti\u017een\u00edm ZTP. Stejn\u00fd postup bude aplikov\u00e1n na dr\u017eitele pr\u016fkazu osoby se zdravotn\u00edm posti\u017een\u00edm podle pravidel let 2012 a 2013. I t\u011bmto osob\u00e1m vznikne n\u00e1rok na pr\u016fkaz osoby se zdravotn\u00edm posti\u017een\u00edm podle pravidel od roku 2014 ze z\u00e1kona.<\/p>\n<p>Petr Hab\u00e1\u0148<br \/>\ntiskov\u00fd mluv\u010d\u00ed MPSV<\/p>\n","protected":false},"excerpt":{"rendered":"<div class=\"mh-excerpt\"><p>Zhruba \u010dty\u0159i sta pades\u00e1t tis\u00edc dr\u017eitel\u016f pr\u016fkaz\u016f mimo\u0159\u00e1dn\u00fdch v\u00fdhod a pr\u016fkaz\u016f osoby se zdravotn\u00edm posti\u017een\u00edm nemus\u00ed v nejbli\u017e\u0161\u00ed dob\u011b absolvovat nov\u00e9 posouzen\u00ed zdravotn\u00edho stavu, kter\u00e9 <a class=\"mh-excerpt-more\" href=\"https:\/\/www.invarena.cz\/?p=15717\" title=\"Marksov\u00e1: Sn\u00ed\u017e\u00edme administrativn\u00ed z\u00e1t\u011b\u017e handicapovan\u00fdch a senior\u016f\">[&#8230;]<\/a><\/p>\n<\/div>","protected":false},"author":1,"featured_media":14447,"comment_status":"open","ping_status":"closed","sticky":false,"template":"","format":"standard","meta":{"footnotes":""},"categories":[6,9],"tags":[],"class_list":["post-15717","post","type-post","status-publish","format-standard","has-post-thumbnail","hentry","category-politika","category-zpravy"],"_links":{"self":[{"href":"https:\/\/www.invarena.cz\/index.php?rest_route=\/wp\/v2\/posts\/15717","targetHints":{"allow":["GET"]}}],"collection":[{"href":"https:\/\/www.invarena.cz\/index.php?rest_route=\/wp\/v2\/posts"}],"about":[{"href":"https:\/\/www.invarena.cz\/index.php?rest_route=\/wp\/v2\/types\/post"}],"author":[{"embeddable":true,"href":"https:\/\/www.invarena.cz\/index.php?rest_route=\/wp\/v2\/users\/1"}],"replies":[{"embeddable":true,"href":"https:\/\/www.invarena.cz\/index.php?rest_route=%2Fwp%2Fv2%2Fcomments&post=15717"}],"version-history":[{"count":0,"href":"https:\/\/www.invarena.cz\/index.php?rest_route=\/wp\/v2\/posts\/15717\/revisions"}],"wp:featuredmedia":[{"embeddable":true,"href":"https:\/\/www.invarena.cz\/index.php?rest_route=\/wp\/v2\/media\/14447"}],"wp:attachment":[{"href":"https:\/\/www.invarena.cz\/index.php?rest_route=%2Fwp%2Fv2%2Fmedia&parent=15717"}],"wp:term":[{"taxonomy":"category","embeddable":true,"href":"https:\/\/www.invarena.cz\/index.php?rest_route=%2Fwp%2Fv2%2Fcategories&post=15717"},{"taxonomy":"post_tag","embeddable":true,"href":"https:\/\/www.invarena.cz\/index.php?rest_route=%2Fwp%2Fv2%2Ftags&post=15717"}],"curies":[{"name":"wp","href":"https:\/\/api.w.org\/{rel}","templated":true}]}}