{"id":15723,"date":"2014-04-17T06:46:59","date_gmt":"2014-04-17T04:46:59","guid":{"rendered":"http:\/\/www.invarena.cz\/?p=15723"},"modified":"2014-04-17T08:56:03","modified_gmt":"2014-04-17T06:56:03","slug":"trpite-mene-znamou-nemoci-a-nemate-id-v-nasledujicich-letech-se-to-nezmeni","status":"publish","type":"post","link":"https:\/\/www.invarena.cz\/?p=15723","title":{"rendered":"Trp\u00edte m\u00e9n\u011b zn\u00e1mou nemoc\u00ed a nem\u00e1te ID? Boj za p\u0159izn\u00e1n\u00ed trv\u00e1 l\u00e9ta"},"content":{"rendered":"<p><strong>Lid\u00e9 s m\u00e9n\u011b zn\u00e1m\u00fdmi nemocemi nemaj\u00ed v n\u00e1sleduj\u00edc\u00edch letech moc \u0161anc\u00ed, \u017ee by mohli z\u00edskat invalidn\u00ed d\u016fchod. Seznam, kde jsou uvedeny m\u00edry sn\u00ed\u017een\u00ed pracovn\u00ed schopnosti k jednotliv\u00fdm chorob\u00e1m, se toti\u017e aktualizuje v\u011bt\u0161inou a\u017e po mnoha letech. Posledn\u00ed aktualizace byla po \u010dtrn\u00e1cti.<\/strong><br \/>\n<!--more--><br \/>\nV minul\u00fdch t\u00fddnech n\u00e1s na\u0161i \u010dten\u00e1\u0159i upozornili na neblahou situaci lid\u00ed trp\u00edc\u00edch fibromyalgi\u00ed. I kdy\u017e na\u0161i \u010dten\u00e1\u0159i maj\u00ed v\u00fdznamn\u011b sn\u00ed\u017eenou kvalitu \u017eivota, zvl\u00e1daj\u00ed pracovat maxim\u00e1ln\u011b \u010dty\u0159i hodiny za den a pak u\u017e jsou fyzicky vy\u010derpan\u00ed, nemaj\u00ed t\u00e9m\u011b\u0159 \u017e\u00e1dn\u00e9 \u0161ance na z\u00edsk\u00e1n\u00ed alespo\u0148 prvn\u00edho stupn\u011b invalidn\u00edho d\u016fchodu. A podobn\u00fdch onemocn\u011bn\u00ed je jist\u011b v\u00edce.<\/p>\n<p>Vyhl\u00e1\u0161ka, kter\u00e1 stanovuje m\u00edru poklesu pracovn\u00ed schopnosti d\u016fle\u017eitou pro p\u0159izn\u00e1n\u00ed ID, se toti\u017e aktualizuje v\u017edy a\u017e v p\u0159\u00edpad\u011b, \u017ee je velice neaktu\u00e1ln\u00ed a neodr\u00e1\u017e\u00ed medic\u00ednsk\u00e9 poznatky sou\u010dasn\u00e9 doby. Ned\u00edlnou sou\u010d\u00e1st\u00ed je tak\u00e9 otev\u0159enost ke zm\u011bn\u00e1m u vl\u00e1dnouc\u00edch stran v Parlamentu \u010cR, pracovn\u00edk\u016f MPSV, l\u00e9ka\u0159sk\u00fdch organizac\u00ed a samoz\u0159ejm\u011b nic se nestane bez z\u00e1jmu ve\u0159ejnosti.<\/p>\n<p>\u010clen V\u00fdboru pro soci\u00e1ln\u00ed politiku Poslaneck\u00e9 sn\u011bmovny Miroslav Op\u00e1lka n\u00e1m sd\u011blil, \u017ee se danou problematikou poslanci nezab\u00fdvaj\u00ed. Pr\u00fd je to v kompetenci MPSV a odborn\u00e9 ve\u0159ejnosti. Na MPSV se v\u0161ak v sou\u010dasn\u00e9 dob\u011b problematice tak\u00e9 nejsp\u00ed\u0161e nev\u011bnuj\u00ed, proto\u017ee n\u00e1m nepodali \u017e\u00e1dn\u00e9 vyj\u00e1d\u0159en\u00ed, kter\u00e9 by \u0159e\u0161ilo situaci.<\/p>\n<p>&#8222;Kdy\u017e doch\u00e1zelo ke zm\u011bn\u00e1m ve zp\u016fsobu hodnocen\u00ed zdravotn\u00edho stavu, bylo \u0159e\u010deno, \u017ee \u010cR bude vych\u00e1zet z mezin\u00e1rodn\u00edch zku\u0161enost\u00ed a syst\u00e9m bude otev\u0159en pot\u0159ebn\u00fdm zm\u011bn\u00e1m, vych\u00e1zej\u00edc\u00edm z \u00farovn\u011b l\u00e9ka\u0159sk\u00e9 v\u011bdy (diagn\u00f3zy, nov\u00e9 l\u00e9ky \u010di zdravotn\u00ed pom\u016fcky apod.). Z toho mi vypl\u00fdv\u00e1, \u017ee pokud odborn\u00edci tento probl\u00e9m uznaj\u00ed za z\u0159etele hodn\u00fd, bude ka\u017ed\u00e1 nov\u00e1 nemoc dopln\u011bna do p\u0159\u00edslu\u0161n\u00fdch norem,&#8220; dod\u00e1v\u00e1 Miroslav Op\u00e1lka.<\/p>\n<p>Pro \u00faplnost si uve\u010fme, \u017ee k posledn\u00ed aktualizaci vyhl\u00e1\u0161ky do\u0161lo v roce 2009 a bylo to po \u010dtrn\u00e1cti letech. Pokud tedy nedojde k n\u011bjak\u00e9mu tlaku odborn\u00e9 ve\u0159ejnosti, jen t\u011b\u017eko se d\u00e1 o\u010dek\u00e1vat, \u017ee by v sou\u010dasn\u00e9 dek\u00e1d\u011b mohlo doj\u00edt ke zm\u011bn\u00e1m.<\/p>\n<p><strong>Jak se p\u0159i za\u0159azen\u00ed nemoci na seznam postupuje?<\/strong><\/p>\n<p>JUDr. Zden\u011bk \u017di\u017eka, specialista na zdravotnickou problematiku v NRZP \u010cR, podrobn\u011b popisuje cel\u00fd postup:<\/p>\n<p>&#8222;Pokud se m\u00e1m vyj\u00e1d\u0159it ke zp\u016fsobu, jak by, podle m\u00e9ho n\u00e1zoru, bylo mo\u017en\u00e9 vz\u00e1cn\u00e1 onemocn\u011bn\u00ed prosadit a za\u0159adit do nov\u00e9 vyhl\u00e1\u0161ky, tak tento postup je v\u017edy, u v\u0161ech diagn\u00f3z, p\u0159ibli\u017en\u011b stejn\u00fd. To znamen\u00e1, \u017ee nejsp\u00ed\u0161<strong> za\u010d\u00edn\u00e1 p\u0159esn\u00fdm pops\u00e1n\u00edm<\/strong> v\u0161ech p\u0159\u00edznak\u016f diagn\u00f3zy takov\u00fdm zp\u016fsobem, aby byla p\u0159esn\u011b odli\u0161ena a nebylo ji mo\u017eno zam\u011bnit s jinou diagn\u00f3zou. Pot\u00e9 pokra\u010duje statistick\u00fdm sb\u011brem dat <strong>o \u010detnosti v\u00fdskytu<\/strong> uveden\u00e9 diagn\u00f3zy na cel\u00e9m \u00fazem\u00ed \u010cR za ur\u010dit\u00e9 obdob\u00ed. Tato data samoz\u0159ejm\u011b sb\u00edr\u00e1 odborn\u00e1 l\u00e9ka\u0159sk\u00e1 spole\u010dnost, pokud pro l\u00e9\u010den\u00ed uveden\u00e9 nemoci existuje, od jednotliv\u00fdch o\u0161et\u0159uj\u00edc\u00edch l\u00e9ka\u0159\u016f, ale lze je z\u00edskat asi i od zdravotn\u00edch poji\u0161\u0165oven. N\u00e1sledn\u011b je nutn\u00e9, aby odborn\u00e1 l\u00e9ka\u0159sk\u00e1 spole\u010dnost, kter\u00e1 se na l\u00e9\u010den\u00ed p\u0159\u00edslu\u0161n\u00e9 diagn\u00f3zy specializuje, nebo sdru\u017euje pacienty l\u00e9\u010den\u00e9 na tuto diagn\u00f3zu, spolu s jin\u00fdmi, podobn\u00fdmi diagn\u00f3zami, prost\u0159ednictv\u00edm sv\u00e9ho p\u0159edsedy, \u010di dal\u0161\u00edch p\u0159edstavitel\u016f a \u010dlen\u016f za\u010dala<strong> vyv\u00edjet tlak na MPSV \u010cR<\/strong>, aby tato nemoc byla nov\u011b do vyhl\u00e1\u0161ky za\u0159azena. Zde je nutno zd\u016fraznit, \u017ee se mus\u00ed jednat o<strong> odbornou l\u00e9ka\u0159skou spole\u010dnost<\/strong>, reprezentovanou l\u00e9ka\u0159i \u2013 specialisty v oboru. Nikoli o ob\u010dansk\u00e9 sdru\u017een\u00ed, \u010di spolek, nebo jinou formu ob\u010dansk\u00e9 aktivity. Pokud se odborn\u00edk\u016fm poda\u0159\u00ed spr\u00e1vn\u011b vyargumentovat pot\u0159ebu za\u0159azen\u00ed t\u00e9to nov\u00e9 diagn\u00f3zy do vyhl\u00e1\u0161ky, objev\u00ed se pot\u00e9 v jej\u00ed nejbli\u017e\u0161\u00ed <strong>novelizaci<\/strong>. Tato doba, ne\u017e se cel\u00fd uveden\u00fd proces poda\u0159\u00ed uskute\u010dnit, m\u016f\u017ee b\u00fdt ov\u0161em velmi dlouh\u00e1.&#8220;<\/p>\n<p>Ji\u0159\u00ed Marek<br \/>\ninvArena<\/p>\n","protected":false},"excerpt":{"rendered":"<div class=\"mh-excerpt\"><p>Lid\u00e9 s m\u00e9n\u011b zn\u00e1m\u00fdmi nemocemi nemaj\u00ed v n\u00e1sleduj\u00edc\u00edch letech moc \u0161anc\u00ed, \u017ee by mohli z\u00edskat invalidn\u00ed d\u016fchod. Seznam, kde jsou uvedeny m\u00edry sn\u00ed\u017een\u00ed pracovn\u00ed schopnosti <a class=\"mh-excerpt-more\" href=\"https:\/\/www.invarena.cz\/?p=15723\" title=\"Trp\u00edte m\u00e9n\u011b zn\u00e1mou nemoc\u00ed a nem\u00e1te ID? Boj za p\u0159izn\u00e1n\u00ed trv\u00e1 l\u00e9ta\">[&#8230;]<\/a><\/p>\n<\/div>","protected":false},"author":3,"featured_media":15727,"comment_status":"open","ping_status":"closed","sticky":false,"template":"","format":"standard","meta":{"footnotes":""},"categories":[6,9],"tags":[],"class_list":["post-15723","post","type-post","status-publish","format-standard","has-post-thumbnail","hentry","category-politika","category-zpravy"],"_links":{"self":[{"href":"https:\/\/www.invarena.cz\/index.php?rest_route=\/wp\/v2\/posts\/15723","targetHints":{"allow":["GET"]}}],"collection":[{"href":"https:\/\/www.invarena.cz\/index.php?rest_route=\/wp\/v2\/posts"}],"about":[{"href":"https:\/\/www.invarena.cz\/index.php?rest_route=\/wp\/v2\/types\/post"}],"author":[{"embeddable":true,"href":"https:\/\/www.invarena.cz\/index.php?rest_route=\/wp\/v2\/users\/3"}],"replies":[{"embeddable":true,"href":"https:\/\/www.invarena.cz\/index.php?rest_route=%2Fwp%2Fv2%2Fcomments&post=15723"}],"version-history":[{"count":0,"href":"https:\/\/www.invarena.cz\/index.php?rest_route=\/wp\/v2\/posts\/15723\/revisions"}],"wp:featuredmedia":[{"embeddable":true,"href":"https:\/\/www.invarena.cz\/index.php?rest_route=\/wp\/v2\/media\/15727"}],"wp:attachment":[{"href":"https:\/\/www.invarena.cz\/index.php?rest_route=%2Fwp%2Fv2%2Fmedia&parent=15723"}],"wp:term":[{"taxonomy":"category","embeddable":true,"href":"https:\/\/www.invarena.cz\/index.php?rest_route=%2Fwp%2Fv2%2Fcategories&post=15723"},{"taxonomy":"post_tag","embeddable":true,"href":"https:\/\/www.invarena.cz\/index.php?rest_route=%2Fwp%2Fv2%2Ftags&post=15723"}],"curies":[{"name":"wp","href":"https:\/\/api.w.org\/{rel}","templated":true}]}}