{"id":15819,"date":"2014-04-24T07:46:45","date_gmt":"2014-04-24T05:46:45","guid":{"rendered":"http:\/\/www.invarena.cz\/?p=15819"},"modified":"2014-10-17T22:33:37","modified_gmt":"2014-10-17T20:33:37","slug":"v-hranicich-na-assku-otevreli-nove-chranene-dilny","status":"publish","type":"post","link":"https:\/\/www.invarena.cz\/?p=15819","title":{"rendered":"V Hranic\u00edch na A\u0161sku otev\u0159eli nov\u00e9 chr\u00e1n\u011bn\u00e9 d\u00edlny"},"content":{"rendered":"<p><strong>V Hranic\u00edch se mohou uplatnit lid\u00e9 s t\u011blesn\u00fdm i ment\u00e1ln\u00edm hendikepem. &#8222;Vych\u00e1z\u00edme zam\u011bstnanc\u016fm vst\u0159\u00edc dle zdravotn\u00edch pot\u0159eb,&#8220; \u0159\u00edk\u00e1 V\u00e1clav Hrouda, zakladatel chr\u00e1n\u011bn\u00e9 d\u00edlny.<!--more--><\/strong><\/p>\n<p>&nbsp;<\/p>\n<p>Novou p\u0159\u00edle\u017eitost, jak se dostat z izolace a je\u0161t\u011b si vyd\u011blat, maj\u00ed hendikepovan\u00ed v nov\u00fdch chr\u00e1n\u011bn\u00fdch d\u00edln\u00e1ch v Hranic\u00edch. Na A\u0161sku je to v\u016fbec prvn\u00ed podobn\u00e9 za\u0159\u00edzen\u00ed.<\/p>\n<p>&#8222;Zat\u00edm u n\u00e1s pracuje na balen\u00ed \u00faklidov\u00fdch prost\u0159edk\u016f 17 lid\u00ed, postupn\u011b by jich mohly b\u00fdt a\u017e t\u0159i des\u00edtky,&#8220; \u0159\u00edk\u00e1 zakladatel chr\u00e1n\u011bn\u00e9 d\u00edlny Indaur V\u00e1clav Hrouda. Nejen z Hranic, ale tak\u00e9 z A\u0161e \u010di Hazlova. Hrouda m\u00e1 s posti\u017een\u00fdmi zku\u0161enosti, p\u016fsob\u00ed v \u00fastavu soci\u00e1ln\u00ed p\u00e9\u010de Pata, kter\u00fd je mezi A\u0161\u00ed a Hazlovem v are\u00e1lu n\u011bkdej\u0161\u00edch sov\u011btsk\u00fdch kas\u00e1ren. Soci\u00e1ln\u00ed problematiku studuje na Vy\u0161\u0161\u00ed odborn\u00e9 \u0161kole v Chebu.<\/p>\n<p>V Hranic\u00edch se mohou uplatnit lid\u00e9 s t\u011blesn\u00fdm i ment\u00e1ln\u00edm hendikepem od 1. do 3. stupn\u011b posti\u017een\u00ed. &#8222;Vych\u00e1z\u00edme zam\u011bstnanc\u016fm vst\u0159\u00edc dle zdravotn\u00edch pot\u0159eb, nap\u0159\u00edklad individu\u00e1ln\u00ed p\u0159\u00edpravou pracovn\u00edho re\u017eimu,&#8220; vysv\u011btluje V\u00e1clav Hrouda. T\u0159eba \u010dast\u011bj\u0161\u00edmi p\u0159est\u00e1vkami nebo zkr\u00e1cen\u00fdm pracovn\u00edm \u00favazkem. &#8222;Pr\u00e1ce v chr\u00e1n\u011bn\u00fdch d\u00edln\u00e1ch lidem p\u0159in\u00e1\u0161\u00ed \u0161anci zm\u011bnit \u017eivot, kdo chce pracovat, m\u016f\u017ee pracovat i p\u0159es sv\u00e9 posti\u017een\u00ed. A nav\u00edc z\u00edskat nov\u00e9 p\u0159\u00e1tel\u00e9, setk\u00e1vat se s jin\u00fdmi lidmi a nab\u00fdt nov\u00e9 zku\u0161enosti,&#8220; uv\u00e1d\u00ed Hrouda. V chr\u00e1n\u011bn\u00fdch d\u00edln\u00e1ch mohou po dohod\u011b s pracovn\u00edm \u00fa\u0159adem pracovat i lid\u00e9, kte\u0159\u00ed jsou d\u00e9le ne\u017e p\u011bt m\u011bs\u00edc\u016f vedeni na \u00fa\u0159adu pr\u00e1ce, nebo osoby do 25 let \u010di nad 55 let i rodi\u010de pe\u010duj\u00edc\u00ed o d\u00edt\u011b do 15 let v\u011bku.<\/p>\n<p>T\u00e9m\u011b\u0159 desetilet\u00e9 zku\u0161enosti m\u00e1 s provozem chr\u00e1n\u011bn\u00fdch pracovi\u0161\u0165 chebsk\u00e1 spole\u010dnost Marketa Remone, kter\u00e1 se zab\u00fdv\u00e1 demont\u00e1\u017e\u00ed a zpracov\u00e1n\u00edm vyslou\u017eil\u00fdch elektrospot\u0159ebi\u010d\u016f. Rukod\u011blnou a \u0161ic\u00ed d\u00edlnu i bistro provozuje \u00fasp\u011b\u0161n\u011b ob\u010dansk\u00e9 sdru\u017een\u00ed Joker v Chebu. V ob\u010dansk\u00e9m sdru\u017een\u00ed \u010cesk\u00fd z\u00e1pad maj\u00ed p\u0159i ru\u010dn\u00edm tkan\u00ed a \u0161it\u00ed \u0161anci zapojit se romsk\u00e9 \u017eeny, kter\u00e9 by jinak velmi t\u011b\u017eko hledaly pr\u00e1ci.<\/p>\n<p><a href=\"http:\/\/www.idnes.cz\">Mlad\u00e1 fronta DNES<\/a><\/p>\n","protected":false},"excerpt":{"rendered":"<div class=\"mh-excerpt\"><p>V Hranic\u00edch se mohou uplatnit lid\u00e9 s t\u011blesn\u00fdm i ment\u00e1ln\u00edm hendikepem. &#8222;Vych\u00e1z\u00edme zam\u011bstnanc\u016fm vst\u0159\u00edc dle zdravotn\u00edch pot\u0159eb,&#8220; \u0159\u00edk\u00e1 V\u00e1clav Hrouda, zakladatel chr\u00e1n\u011bn\u00e9 d\u00edlny.<\/p>\n<\/div>","protected":false},"author":1,"featured_media":1171,"comment_status":"open","ping_status":"closed","sticky":false,"template":"","format":"standard","meta":{"footnotes":""},"categories":[7],"tags":[],"class_list":["post-15819","post","type-post","status-publish","format-standard","has-post-thumbnail","hentry","category-spolecnost"],"_links":{"self":[{"href":"https:\/\/www.invarena.cz\/index.php?rest_route=\/wp\/v2\/posts\/15819","targetHints":{"allow":["GET"]}}],"collection":[{"href":"https:\/\/www.invarena.cz\/index.php?rest_route=\/wp\/v2\/posts"}],"about":[{"href":"https:\/\/www.invarena.cz\/index.php?rest_route=\/wp\/v2\/types\/post"}],"author":[{"embeddable":true,"href":"https:\/\/www.invarena.cz\/index.php?rest_route=\/wp\/v2\/users\/1"}],"replies":[{"embeddable":true,"href":"https:\/\/www.invarena.cz\/index.php?rest_route=%2Fwp%2Fv2%2Fcomments&post=15819"}],"version-history":[{"count":0,"href":"https:\/\/www.invarena.cz\/index.php?rest_route=\/wp\/v2\/posts\/15819\/revisions"}],"wp:featuredmedia":[{"embeddable":true,"href":"https:\/\/www.invarena.cz\/index.php?rest_route=\/wp\/v2\/media\/1171"}],"wp:attachment":[{"href":"https:\/\/www.invarena.cz\/index.php?rest_route=%2Fwp%2Fv2%2Fmedia&parent=15819"}],"wp:term":[{"taxonomy":"category","embeddable":true,"href":"https:\/\/www.invarena.cz\/index.php?rest_route=%2Fwp%2Fv2%2Fcategories&post=15819"},{"taxonomy":"post_tag","embeddable":true,"href":"https:\/\/www.invarena.cz\/index.php?rest_route=%2Fwp%2Fv2%2Ftags&post=15819"}],"curies":[{"name":"wp","href":"https:\/\/api.w.org\/{rel}","templated":true}]}}