{"id":15865,"date":"2014-04-26T10:09:27","date_gmt":"2014-04-26T08:09:27","guid":{"rendered":"http:\/\/www.invarena.cz\/?p=15865"},"modified":"2014-04-26T10:09:49","modified_gmt":"2014-04-26T08:09:49","slug":"trenuje-fotbalisty-sam-je-na-voziku","status":"publish","type":"post","link":"https:\/\/www.invarena.cz\/?p=15865","title":{"rendered":"Tr\u00e9nuje fotbalisty, s\u00e1m je na voz\u00edku"},"content":{"rendered":"<p><strong>Velmi sv\u00e9r\u00e1zn\u00e9ho tren\u00e9ra maj\u00ed fotbalisti Jevi\u0161ovic. Kou\u010d Zden\u011bk Mach\u00e1\u010dek je po \u00farazu p\u00e1te\u0159e upoutan\u00fd na <span class=\"highlight\">invalidn\u00ed<\/span> voz\u00edk. I s takov\u00fdm <span class=\"highlight\">handicapem<\/span> ale dok\u00e1zal v minul\u00e9 sez\u00f3n\u011b se sv\u00fdmi sv\u011b\u0159enci vybojovat postup do krajsk\u00e9ho p\u0159eboru. V n\u011bm letos nov\u00e1\u010dka dovedl k z\u00e1chran\u011b.<\/strong> <!--more--><\/p>\n<p><em><strong> report\u00e1\u017e \u010cesk\u00e1 televize.\u00a0<\/strong><\/em><\/p>\n<p>Fotbal je pro Zde\u0148ka Mach\u00e1\u010dka v\u0161\u00edm, l\u00e9ta ho hr\u00e1l v nedalek\u00e9m Znojm\u011b, kde to kdysi dot\u00e1hl a\u017e na kapit\u00e1na a nevzdal se ho ani po t\u011b\u017ek\u00e9m \u00farazu p\u00e1te\u0159e, kter\u00fd ho usadil na <span class=\"highlight\">invalidn\u00ed<\/span> voz\u00edk. P\u0159ed 4 roky p\u0159ijal nab\u00eddku jevi\u0161ovick\u00e9ho klubu, aby vedl zdej\u0161\u00ed dorost. Postupn\u011b se ale propracoval a\u017e k A mu\u017estvu.<\/p>\n<p>Cel\u00fd tr\u00e9nink absolvuje Zden\u011bk Mach\u00e1\u010dek spolu s hr\u00e1\u010di a podle sv\u00fdch slov b\u011bhem n\u011bj najezd\u00ed n\u011bkolik kilometr\u016f.<\/p>\n<p>Zden\u011bk MACH\u00c1\u010cEK, tren\u00e9r, FK Jevi\u0161ovice:<br \/>\nSna\u017e\u00edm se co nejv\u00edc, co to jde, tak v\u0161echno d\u011blat s\u00e1m.<\/p>\n<p>Tom\u00e1\u0161 \u0160EBELA, brank\u00e1\u0159, FK Jevi\u0161ovice:<br \/>\nTren\u00e9r je dobrej. Ty jeho tr\u00e9ninkov\u00fd jednotky vlastn\u011b jsou z\u00e1bavn\u00fd.<\/p>\n<p>Pavel HAZUCHA, hr\u00e1\u010d, FK Jevi\u0161ovice:<br \/>\nM\u00e1 ur\u010dit\u011b svou velkou autoritu, kolikr\u00e1t jakoby nejde ani vid\u011bt, sp\u00ed\u0161 sly\u0161et, ale jakoby nem\u011bnili bysme.<\/p>\n<p>\u00dasp\u011b\u0161n\u00e9ho tren\u00e9ra si u\u017e za\u010dala v\u0161\u00edmat i konkurence. Jevi\u0161ovick\u00fd klub se n\u00edm ale po\u010d\u00edt\u00e1, a to dokonce tak, \u017ee kv\u016fli n\u011bmu nechal upravit i stadion.<\/p>\n<p>Ji\u0159\u00ed \u0160EINER, p\u0159edseda klubu, FK Jevi\u0161ovice:<br \/>\nMuseli jsme mu zajistit bezbari\u00e9rov\u00fd p\u0159\u00edstup do kabiny a i dal\u0161\u00ed v\u011bci \u0159e\u0161it. U\u017e se d\u00edv\u00e1me i na chod klubu, aby v\u0161echno jsme p\u0159izp\u016fsobovali bezbari\u00e9rov\u011b.<\/p>\n<p>Probl\u00e9my naopak m\u00edv\u00e1 p\u0159i venkovn\u00edch z\u00e1pasech. N\u011bkdy se dokonce kv\u016fli schod\u016fm ani nedostane, moc se tomu ale nediv\u00ed, tren\u00e9ra na voz\u00ed\u010dku pr\u00fd u n\u00e1s potkal jedin\u00e9ho, a to je\u0161t\u011b v t\u00e9m\u011b\u0159 nejni\u017e\u0161\u00ed sout\u011b\u017ei. S\u00e1m se p\u0159itom netaj\u00ed v\u011bt\u0161\u00edmi ambicemi, l\u00e1kala by ho pr\u00e1ce v jeho mate\u0159sk\u00e9m Znojm\u011b.<\/p>\n<p>Zden\u011bk MACH\u00c1\u010cEK, tren\u00e9r, FK Jevi\u0161ovice:<br \/>\nCht\u011bl bych ml\u00e1de\u017enick\u00e9 celky t\u0159eba ve Znojm\u011b tr\u00e9novat, ale to je zase spojen\u00fd v\u0161echno s licenc\u00ed.<\/p>\n<p>Zat\u00edm m\u00e1 toti\u017e jen tu nejni\u017e\u0161\u00ed a kv\u016fli sv\u00e9mu <span class=\"highlight\">handicapu<\/span> ani moc nepo\u010d\u00edt\u00e1 s t\u00edm, \u017ee by mohl vy\u0161\u0161\u00ed tren\u00e9rskou t\u0159\u00eddu vystudovat. I tak je ale spokojen\u00fd. D\u00edky fotbalu pr\u00fd toti\u017e \u010dasto zapomene i na to, \u017ee nem\u016f\u017ee chodit.<\/p>\n","protected":false},"excerpt":{"rendered":"<div class=\"mh-excerpt\"><p>Velmi sv\u00e9r\u00e1zn\u00e9ho tren\u00e9ra maj\u00ed fotbalisti Jevi\u0161ovic. Kou\u010d Zden\u011bk Mach\u00e1\u010dek je po \u00farazu p\u00e1te\u0159e upoutan\u00fd na invalidn\u00ed voz\u00edk. I s takov\u00fdm handicapem ale dok\u00e1zal v minul\u00e9 <a class=\"mh-excerpt-more\" href=\"https:\/\/www.invarena.cz\/?p=15865\" title=\"Tr\u00e9nuje fotbalisty, s\u00e1m je na voz\u00edku\">[&#8230;]<\/a><\/p>\n<\/div>","protected":false},"author":1,"featured_media":15337,"comment_status":"open","ping_status":"closed","sticky":false,"template":"","format":"standard","meta":{"footnotes":""},"categories":[7],"tags":[],"class_list":["post-15865","post","type-post","status-publish","format-standard","has-post-thumbnail","hentry","category-spolecnost"],"_links":{"self":[{"href":"https:\/\/www.invarena.cz\/index.php?rest_route=\/wp\/v2\/posts\/15865","targetHints":{"allow":["GET"]}}],"collection":[{"href":"https:\/\/www.invarena.cz\/index.php?rest_route=\/wp\/v2\/posts"}],"about":[{"href":"https:\/\/www.invarena.cz\/index.php?rest_route=\/wp\/v2\/types\/post"}],"author":[{"embeddable":true,"href":"https:\/\/www.invarena.cz\/index.php?rest_route=\/wp\/v2\/users\/1"}],"replies":[{"embeddable":true,"href":"https:\/\/www.invarena.cz\/index.php?rest_route=%2Fwp%2Fv2%2Fcomments&post=15865"}],"version-history":[{"count":0,"href":"https:\/\/www.invarena.cz\/index.php?rest_route=\/wp\/v2\/posts\/15865\/revisions"}],"wp:featuredmedia":[{"embeddable":true,"href":"https:\/\/www.invarena.cz\/index.php?rest_route=\/wp\/v2\/media\/15337"}],"wp:attachment":[{"href":"https:\/\/www.invarena.cz\/index.php?rest_route=%2Fwp%2Fv2%2Fmedia&parent=15865"}],"wp:term":[{"taxonomy":"category","embeddable":true,"href":"https:\/\/www.invarena.cz\/index.php?rest_route=%2Fwp%2Fv2%2Fcategories&post=15865"},{"taxonomy":"post_tag","embeddable":true,"href":"https:\/\/www.invarena.cz\/index.php?rest_route=%2Fwp%2Fv2%2Ftags&post=15865"}],"curies":[{"name":"wp","href":"https:\/\/api.w.org\/{rel}","templated":true}]}}