{"id":15888,"date":"2014-04-28T23:43:20","date_gmt":"2014-04-28T21:43:20","guid":{"rendered":"http:\/\/www.invarena.cz\/?p=15888"},"modified":"2014-04-28T23:44:32","modified_gmt":"2014-04-28T21:44:32","slug":"daroval-ji-kostni-dren-ale-az-po-peti-letech-se-s-ni-mohl-setkat","status":"publish","type":"post","link":"https:\/\/www.invarena.cz\/?p=15888","title":{"rendered":"Daroval j\u00ed kostn\u00ed d\u0159e\u0148. Ale a\u017e po p\u011bti letech se s n\u00ed mohl setkat&#8230;"},"content":{"rendered":"<p><strong>Pohl\u00e9dnout do tv\u00e1\u0159e \u010dlov\u011bku, kter\u00fd j\u00ed dal druh\u00fd \u017eivot. To se poda\u0159ilo Pet\u0159e Mauerov\u00e9, kterou postihla smrteln\u00e1 leukemie. Nadace j\u00ed na\u0161la d\u00e1rce, kter\u00fd ji p\u0159ed p\u011bti lety zachr\u00e1nil. Nyn\u00ed se poprv\u00e9 mohli setkat.<\/strong><!--more--><\/p>\n<p>&nbsp;<\/p>\n<p><strong>report\u00e1\u017e TV Barrandov<\/strong><\/p>\n<p>Kdyby nebylo d\u00e1rce, ten druh\u00fd by u\u017e asi ne\u017eil. Bydl\u00ed 70 kilometr\u016f od sebe, ale a\u017e dosud se nikdy p\u0159edt\u00edm nepotkali. Sedmat\u0159icetilet\u00fd Jaroslav p\u0159ed lety vstoupil do registru d\u00e1rc\u016f kostn\u00ed d\u0159en\u011b, aby pomohl rodinn\u00e9 zn\u00e1m\u00e9, kter\u00e1 n\u00e1hle onemocn\u011bla.<\/p>\n<p>Pro n\u00ed sice nakonec nebyl vhodn\u00fdm d\u00e1rcem, ale o n\u011bkolik m\u011bs\u00edc\u016f pozd\u011bji mu zazvonil telefon a l\u00e9ka\u0159i mu \u0159ekli, \u017ee jeho kostn\u00ed d\u0159e\u0148 nutn\u011b pot\u0159ebuje n\u011bkdo jin\u00fd. Nev\u00e1hal. Registr d\u00e1rc\u016f te\u010f dvojici po p\u011bti letech sezn\u00e1mil.<\/p>\n<p>38-let\u00e1 <span class=\"highlight\">invalidn\u00ed<\/span> d\u016fchodkyn\u011b Petra z \u017dacl\u00e9\u0159e a o rok mlad\u0161\u00ed zedn\u00edk\u00a0Jaroslav\u00a0Henzl z \u010cist\u00e9 u Rakovn\u00edka. Zat\u00edm si mohli anonymn\u011b poslat jen jeden dopis ro\u010dn\u011b. &#8222;V\u00edc n\u00e1m nadace nedovolila. A\u017e kdy\u017e l\u00e9ka\u0159 zkonstatoval, \u017ee je Petra vyl\u00e9\u010den\u00e1 a na setk\u00e1n\u00ed p\u0159ipravena i po psychick\u00e9 str\u00e1nce, ozn\u00e1mili mi, \u017ee se m\u016f\u017eeme setkat,&#8220; sv\u011b\u0159il se.<\/p>\n<p>Petra, p\u0159\u00edjemkyn\u011b kostn\u00ed d\u0159en\u011b:<br \/>\nJe\u0161t\u011b o n\u011bm nev\u00edm po\u0159\u00e1dn\u00fd podrobnosti, proto\u017ee si p\u00ed\u0161eme kr\u00e1tce a nev\u00edm ani, co m\u00e1 za zam\u011bstn\u00e1n\u00ed. Jen v\u00edm, \u017ee se jmenuje Jarda. J\u00e1 jsem potom p\u00e1trala v nemocnici, jestli je ta mo\u017enost se s n\u00edm sej\u00edt.<\/p>\n<p>Ne\u017e se nemoc projevila, byl Pet\u0159in \u017eivot jako poh\u00e1dka. U\u017e na z\u00e1kladn\u00ed \u0161kole se sezn\u00e1mila se sv\u00fdm nyn\u011bj\u0161\u00edm man\u017eelem. Vzali se a Petra \u010dekala Vendulku. Tehdy l\u00e9ka\u0159i p\u0159i\u0161li na to, \u017ee nen\u00ed n\u011bco v po\u0159\u00e1dku.<\/p>\n<p>&#8222;Netu\u0161ila jsem, \u017ee je to tak dlouh\u00e1 a bolestiv\u00e1 cesta. U\u017e kdy\u017e mi \u0159ekli, \u017ee pro m\u011b maj\u00ed d\u00e1rce, myslela jsem si, \u017ee m\u011b \u010dek\u00e1 operace a pak u\u017e to bude dobr\u00e9. Bojovala jsem kv\u016fli man\u017eelovi, kv\u016fli dcerce. Za to, \u017ee m\u016f\u017eu b\u00fdt nyn\u00ed s nimi, vd\u011b\u010d\u00edm Jardovi. U\u017e jsem se nemohla do\u010dkat, a\u017e ho pozn\u00e1m. Ten dopis jednou ro\u010dn\u011b byl pro n\u00e1s oba jako druh\u00e9 narozeniny,&#8220; vzpom\u00edn\u00e1 Petra, kter\u00e1 \u017eije s rodinou v \u017dacl\u00e9\u0159i.<\/p>\n<p>Jaroslav, d\u00e1rce kostn\u00ed d\u0159en\u011b:<br \/>\nNed\u00e1 se to \u0159\u00edct slovy, u\u017e jsem to tady \u0159ekl na p\u00f3diu, ned\u00e1 se to popsat. Je to prost\u011b hrozn\u011b kr\u00e1sn\u00e1 v\u011bc.<\/p>\n<p>Petra, p\u0159\u00edjemkyn\u011b kostn\u00ed d\u0159en\u011b:<br \/>\nJ\u00e1 jsem r\u00e1da, \u017ee jsem ho kone\u010dn\u011b poznala, m\u00e1m hodn\u011b ot\u00e1zek a nev\u00edm, kterou za\u010d\u00edt v\u016fbec.<\/p>\n<p>Ob\u011b rodiny se te\u010f cht\u011bj\u00ed za\u010d\u00edt nav\u0161t\u011bvovat. To, \u017ee je registr sezn\u00e1mil, je ale rarita. \u0160anci m\u00e1 jen jeden p\u00e1r ro\u010dn\u011b.<\/p>\n<p>P\u0159\u00edjemce mus\u00ed b\u00fdt ji\u017e zdr\u00e1v, d\u00e1rce mus\u00ed cht\u00edt se sezn\u00e1mit s p\u0159\u00edjemcem. Ob\u011b strany to mus\u00ed cht\u00edt. Tak\u017ee je to v\u00fdjime\u010dn\u00e9, uvedla pracovnice registru.<\/p>\n<p>V registru d\u00e1rc\u016f kostn\u00ed d\u0159en\u011b je v sou\u010dasnosti 45 tis\u00edc lid\u00ed, ani to ale nesta\u010d\u00ed a ka\u017ed\u00fd \u010dtvrt\u00fd pacient sv\u00e9ho d\u00e1rce nese\u017eene.<\/p>\n<p>Mezi n\u00e1v\u0161t\u011bvn\u00edky zapln\u011bn\u00e9ho s\u00e1lu Obecn\u00edho domu byla v p\u00e1tek ve\u010der i v\u011bt\u0161ina z 24 lid\u00ed, kte\u0159\u00ed v minul\u00e9m roce darovali <span class=\"highlight\">kostn\u00ed<\/span> d\u0159e\u0148 a snad zachr\u00e1nili \u017eivot.<\/p>\n<p>&nbsp;<\/p>\n<p>&nbsp;<\/p>\n","protected":false},"excerpt":{"rendered":"<div class=\"mh-excerpt\"><p>Pohl\u00e9dnout do tv\u00e1\u0159e \u010dlov\u011bku, kter\u00fd j\u00ed dal druh\u00fd \u017eivot. To se poda\u0159ilo Pet\u0159e Mauerov\u00e9, kterou postihla smrteln\u00e1 leukemie. Nadace j\u00ed na\u0161la d\u00e1rce, kter\u00fd ji p\u0159ed <a class=\"mh-excerpt-more\" href=\"https:\/\/www.invarena.cz\/?p=15888\" title=\"Daroval j\u00ed kostn\u00ed d\u0159e\u0148. Ale a\u017e po p\u011bti letech se s n\u00ed mohl setkat&#8230;\">[&#8230;]<\/a><\/p>\n<\/div>","protected":false},"author":1,"featured_media":14310,"comment_status":"open","ping_status":"closed","sticky":false,"template":"","format":"standard","meta":{"footnotes":""},"categories":[7],"tags":[],"class_list":["post-15888","post","type-post","status-publish","format-standard","has-post-thumbnail","hentry","category-spolecnost"],"_links":{"self":[{"href":"https:\/\/www.invarena.cz\/index.php?rest_route=\/wp\/v2\/posts\/15888","targetHints":{"allow":["GET"]}}],"collection":[{"href":"https:\/\/www.invarena.cz\/index.php?rest_route=\/wp\/v2\/posts"}],"about":[{"href":"https:\/\/www.invarena.cz\/index.php?rest_route=\/wp\/v2\/types\/post"}],"author":[{"embeddable":true,"href":"https:\/\/www.invarena.cz\/index.php?rest_route=\/wp\/v2\/users\/1"}],"replies":[{"embeddable":true,"href":"https:\/\/www.invarena.cz\/index.php?rest_route=%2Fwp%2Fv2%2Fcomments&post=15888"}],"version-history":[{"count":0,"href":"https:\/\/www.invarena.cz\/index.php?rest_route=\/wp\/v2\/posts\/15888\/revisions"}],"wp:featuredmedia":[{"embeddable":true,"href":"https:\/\/www.invarena.cz\/index.php?rest_route=\/wp\/v2\/media\/14310"}],"wp:attachment":[{"href":"https:\/\/www.invarena.cz\/index.php?rest_route=%2Fwp%2Fv2%2Fmedia&parent=15888"}],"wp:term":[{"taxonomy":"category","embeddable":true,"href":"https:\/\/www.invarena.cz\/index.php?rest_route=%2Fwp%2Fv2%2Fcategories&post=15888"},{"taxonomy":"post_tag","embeddable":true,"href":"https:\/\/www.invarena.cz\/index.php?rest_route=%2Fwp%2Fv2%2Ftags&post=15888"}],"curies":[{"name":"wp","href":"https:\/\/api.w.org\/{rel}","templated":true}]}}