{"id":15916,"date":"2014-04-29T11:33:29","date_gmt":"2014-04-29T09:33:29","guid":{"rendered":"http:\/\/www.invarena.cz\/?p=15916"},"modified":"2014-04-29T11:33:29","modified_gmt":"2014-04-29T09:33:29","slug":"mohu-si-po-peti-letech-zazadat-o-prispevek-na-auto","status":"publish","type":"post","link":"https:\/\/www.invarena.cz\/?p=15916","title":{"rendered":"Mohu si po p\u011bti letech za\u017e\u00e1dat o p\u0159\u00edsp\u011bvek na auto?"},"content":{"rendered":"<p><strong>P\u0159ed p\u011bti lety jsme si \u017e\u00e1dali o p\u0159\u00edsp\u011bvek na motorov\u00e9 vozidlo pro mou dceru. M\u00e1 ment\u00e1ln\u00ed posti\u017een\u00ed t\u0159et\u00edho stupn\u011b. Te\u010f v kv\u011btnu uplyne p\u011bt let. Sly\u0161ela jsem, \u017ee si m\u016f\u017eeme znovu za\u017e\u00e1dat, ale nejsem si jist\u00e1 jestli to nezm\u011bnili. M\u016f\u017eete mi pros\u00edm poradit?<\/strong><br \/>\n<!--more--><br \/>\nV roce 2011 do\u0161lo ke zm\u011bn\u011b z\u00e1kona. D\u0159\u00edve bylo skute\u010dn\u011b mo\u017en\u00e9 si za\u017e\u00e1dat o p\u0159\u00edsp\u011bvek na motorov\u00e9 vozidlo ka\u017ed\u00fdch 5 let, dnes m\u016f\u017eete z\u00edskat p\u0159\u00edsp\u011bvek a\u017e po deseti letech. Podm\u00ednka je ustanovena v z\u00e1kon\u011b 329\/2011 Sb.<\/p>\n<p>P\u0159\u00edsp\u011bvek na zvl\u00e1\u0161tn\u00ed pom\u016fcku, kter\u00fd je poskytov\u00e1n na po\u0159\u00edzen\u00ed motorov\u00e9ho vozidla, se op\u011btovn\u011b poskytne nejd\u0159\u00edve po uplynut\u00ed 120 kalend\u00e1\u0159n\u00edch m\u011bs\u00edc\u016f po sob\u011b jdouc\u00edch, po\u010d\u00ednaje od kalend\u00e1\u0159n\u00edho m\u011bs\u00edce n\u00e1sleduj\u00edc\u00edho po kalend\u00e1\u0159n\u00edm m\u011bs\u00edci, ve kter\u00e9m nabylo pr\u00e1vn\u00ed moci p\u0159edchoz\u00ed rozhodnut\u00ed o tomto p\u0159\u00edsp\u011bvku; to neplat\u00ed, jestli\u017ee osoba tento p\u0159\u00edsp\u011bvek nebo jeho pom\u011brnou \u010d\u00e1st vr\u00e1tila, pop\u0159\u00edpad\u011b j\u00ed jeho vr\u00e1cen\u00ed bylo prominuto.<\/p>\n<p>Ji\u0159\u00ed Marek<br \/>\ninvArena<\/p>\n","protected":false},"excerpt":{"rendered":"<div class=\"mh-excerpt\"><p>P\u0159ed p\u011bti lety jsme si \u017e\u00e1dali o p\u0159\u00edsp\u011bvek na motorov\u00e9 vozidlo pro mou dceru. M\u00e1 ment\u00e1ln\u00ed posti\u017een\u00ed t\u0159et\u00edho stupn\u011b. Te\u010f v kv\u011btnu uplyne p\u011bt let. <a class=\"mh-excerpt-more\" href=\"https:\/\/www.invarena.cz\/?p=15916\" title=\"Mohu si po p\u011bti letech za\u017e\u00e1dat o p\u0159\u00edsp\u011bvek na auto?\">[&#8230;]<\/a><\/p>\n<\/div>","protected":false},"author":3,"featured_media":878,"comment_status":"open","ping_status":"closed","sticky":false,"template":"","format":"standard","meta":{"footnotes":""},"categories":[18],"tags":[],"class_list":["post-15916","post","type-post","status-publish","format-standard","has-post-thumbnail","hentry","category-poradna"],"_links":{"self":[{"href":"https:\/\/www.invarena.cz\/index.php?rest_route=\/wp\/v2\/posts\/15916","targetHints":{"allow":["GET"]}}],"collection":[{"href":"https:\/\/www.invarena.cz\/index.php?rest_route=\/wp\/v2\/posts"}],"about":[{"href":"https:\/\/www.invarena.cz\/index.php?rest_route=\/wp\/v2\/types\/post"}],"author":[{"embeddable":true,"href":"https:\/\/www.invarena.cz\/index.php?rest_route=\/wp\/v2\/users\/3"}],"replies":[{"embeddable":true,"href":"https:\/\/www.invarena.cz\/index.php?rest_route=%2Fwp%2Fv2%2Fcomments&post=15916"}],"version-history":[{"count":0,"href":"https:\/\/www.invarena.cz\/index.php?rest_route=\/wp\/v2\/posts\/15916\/revisions"}],"wp:featuredmedia":[{"embeddable":true,"href":"https:\/\/www.invarena.cz\/index.php?rest_route=\/wp\/v2\/media\/878"}],"wp:attachment":[{"href":"https:\/\/www.invarena.cz\/index.php?rest_route=%2Fwp%2Fv2%2Fmedia&parent=15916"}],"wp:term":[{"taxonomy":"category","embeddable":true,"href":"https:\/\/www.invarena.cz\/index.php?rest_route=%2Fwp%2Fv2%2Fcategories&post=15916"},{"taxonomy":"post_tag","embeddable":true,"href":"https:\/\/www.invarena.cz\/index.php?rest_route=%2Fwp%2Fv2%2Ftags&post=15916"}],"curies":[{"name":"wp","href":"https:\/\/api.w.org\/{rel}","templated":true}]}}