{"id":15925,"date":"2014-04-30T08:09:35","date_gmt":"2014-04-30T06:09:35","guid":{"rendered":"http:\/\/www.invarena.cz\/?p=15925"},"modified":"2014-10-17T22:32:58","modified_gmt":"2014-10-17T20:32:58","slug":"v-nemocnici-pacienti-cvici-na-chodniku","status":"publish","type":"post","link":"https:\/\/www.invarena.cz\/?p=15925","title":{"rendered":"V nemocnici pacienti cvi\u010d\u00ed na chodn\u00edku"},"content":{"rendered":"<p><strong>Posilovat klouby, svaly a vylep\u0161ovat si fyzickou kondici mohou nyn\u00ed pacienti l\u016f\u017ekov\u00e9 \u010d\u00e1sti odd\u011blen\u00ed l\u00e9\u010debn\u00e9 rehabilitace v \u010deskolipsk\u00e9 <span class=\"highlight\">nemocnici<\/span>. M\u00e1 jim k tomu pomoci speci\u00e1ln\u00ed elektrick\u00fd chodn\u00edk, kter\u00fd <span class=\"highlight\">nemocnice<\/span> nov\u011b po\u0159\u00eddila.<\/strong> <!--more--><\/p>\n<p>Konkr\u00e9tn\u011b jde o mobiln\u00ed, elektricky poh\u00e1n\u011bn\u00fd trena\u017e\u00e9r, kter\u00fd mohou vyu\u017e\u00edt v\u0161ichni pacienti bez rozd\u00edlu v\u011bku &#8211; mlad\u0161\u00ed i star\u0161\u00ed lid\u00e9, zdravotn\u011b posti\u017een\u00ed i d\u011bti. Mohou na n\u011bm chodit i b\u011bhat. P\u0159\u00edstroj m\u00e1 nastaviteln\u00fd rejst\u0159\u00edk rychlosti a sklon b\u011b\u017eeck\u00e9 plo\u0161iny. \u010c\u00edm strm\u011bj\u0161\u00ed, t\u00edm n\u00e1ro\u010dn\u011bj\u0161\u00ed.<\/p>\n<p>Po\u017eadovan\u00e9 nastaven\u00ed se prov\u00e1d\u00ed ru\u010dn\u011b nebo pomoc\u00ed programu prost\u0159ednictv\u00edm ovl\u00e1dac\u00edho pultu.<\/p>\n<p>&#8222;Hrudn\u00ed p\u00e1s umo\u017e\u0148uje dodate\u010dn\u00e9 monitorov\u00e1n\u00ed rychlosti p\u0159es tepov\u00e9 frekvence. V p\u0159\u00edpad\u011b, \u017ee je tep vy\u0161\u0161\u00ed ne\u017e \u00farove\u0148 p\u0159edem stanoven\u00e1 u\u017eivatelem, pak se rychlost sn\u00ed\u017e\u00ed,&#8220; popsala fungov\u00e1n\u00ed trena\u017e\u00e9ru Dana \u0160perl\u00edkov\u00e1, vedouc\u00ed odd\u011blen\u00ed l\u00e9\u010debn\u00e9 rehabilitace.<\/p>\n<p>V\u00fdhodou chodn\u00edku je tak\u00e9 p\u0159\u00edtomnost aplikace na m\u011b\u0159en\u00ed vzd\u00e1lenosti, kterou ur\u010duje v kilometrech s p\u0159esnost\u00ed na jeden metr.<\/p>\n<p>Jak dod\u00e1v\u00e1 mluv\u010d\u00ed <span class=\"highlight\">Nemocnice<\/span> s poliklinikou v \u010cesk\u00e9 L\u00edp\u011b Petr Pokorn\u00fd, cvi\u010den\u00ed pacient\u016f prob\u00edh\u00e1 v\u017edy za asistence odborn\u00e9ho person\u00e1lu. Novinku v podob\u011b trena\u017e\u00e9ru po\u0159\u00eddila <span class=\"highlight\">nemocnice<\/span> za 350 tis\u00edc korun, kter\u00e9 zaplatila z vlastn\u00ed kapsy.<\/p>\n<p>L\u016f\u017ekov\u00e1 rehabilitace s dvaceti l\u016f\u017eky funguje v \u010cesk\u00e9 L\u00edp\u011b teprve od prosince lo\u0148sk\u00e9ho roku. Podle slov Pokorn\u00e9ho si ji\u017e dok\u00e1zala z\u00edskat zna\u010dn\u00fd z\u00e1jem o hospitalizaci ze strany pacient\u016f a hodn\u011b dobr\u00fdch ohlas\u016f. Vznikla \u00fapravou b\u00fdval\u00e9 stanice intern\u00edho odd\u011blen\u00ed ve t\u0159et\u00edm pat\u0159e budovy <span class=\"highlight\">nemocnice<\/span>.<\/p>\n<p><a href=\"http:\/\/www.idnes.cz\">Mlad\u00e1 fronta DNES<\/a><\/p>\n<p>ilustra\u010dn\u00ed foto: Flickr<\/p>\n","protected":false},"excerpt":{"rendered":"<div class=\"mh-excerpt\"><p>Posilovat klouby, svaly a vylep\u0161ovat si fyzickou kondici mohou nyn\u00ed pacienti l\u016f\u017ekov\u00e9 \u010d\u00e1sti odd\u011blen\u00ed l\u00e9\u010debn\u00e9 rehabilitace v \u010deskolipsk\u00e9 nemocnici. M\u00e1 jim k tomu pomoci speci\u00e1ln\u00ed <a class=\"mh-excerpt-more\" href=\"https:\/\/www.invarena.cz\/?p=15925\" title=\"V nemocnici pacienti cvi\u010d\u00ed na chodn\u00edku\">[&#8230;]<\/a><\/p>\n<\/div>","protected":false},"author":1,"featured_media":14877,"comment_status":"open","ping_status":"closed","sticky":false,"template":"","format":"standard","meta":{"footnotes":""},"categories":[11],"tags":[],"class_list":["post-15925","post","type-post","status-publish","format-standard","has-post-thumbnail","hentry","category-zdravi"],"_links":{"self":[{"href":"https:\/\/www.invarena.cz\/index.php?rest_route=\/wp\/v2\/posts\/15925","targetHints":{"allow":["GET"]}}],"collection":[{"href":"https:\/\/www.invarena.cz\/index.php?rest_route=\/wp\/v2\/posts"}],"about":[{"href":"https:\/\/www.invarena.cz\/index.php?rest_route=\/wp\/v2\/types\/post"}],"author":[{"embeddable":true,"href":"https:\/\/www.invarena.cz\/index.php?rest_route=\/wp\/v2\/users\/1"}],"replies":[{"embeddable":true,"href":"https:\/\/www.invarena.cz\/index.php?rest_route=%2Fwp%2Fv2%2Fcomments&post=15925"}],"version-history":[{"count":0,"href":"https:\/\/www.invarena.cz\/index.php?rest_route=\/wp\/v2\/posts\/15925\/revisions"}],"wp:featuredmedia":[{"embeddable":true,"href":"https:\/\/www.invarena.cz\/index.php?rest_route=\/wp\/v2\/media\/14877"}],"wp:attachment":[{"href":"https:\/\/www.invarena.cz\/index.php?rest_route=%2Fwp%2Fv2%2Fmedia&parent=15925"}],"wp:term":[{"taxonomy":"category","embeddable":true,"href":"https:\/\/www.invarena.cz\/index.php?rest_route=%2Fwp%2Fv2%2Fcategories&post=15925"},{"taxonomy":"post_tag","embeddable":true,"href":"https:\/\/www.invarena.cz\/index.php?rest_route=%2Fwp%2Fv2%2Ftags&post=15925"}],"curies":[{"name":"wp","href":"https:\/\/api.w.org\/{rel}","templated":true}]}}