{"id":15927,"date":"2014-04-30T21:29:17","date_gmt":"2014-04-30T19:29:17","guid":{"rendered":"http:\/\/www.invarena.cz\/?p=15927"},"modified":"2014-10-17T22:32:44","modified_gmt":"2014-10-17T20:32:44","slug":"horolezci-pomahaji-autistum-a-prekonavaji-vysledky-lekaru","status":"publish","type":"post","link":"https:\/\/www.invarena.cz\/?p=15927","title":{"rendered":"Horolezci pom\u00e1haj\u00ed autist\u016fm. A p\u0159ekon\u00e1vaj\u00ed v\u00fdsledky l\u00e9ka\u0159\u016f"},"content":{"rendered":"<p><strong>V jabloneck\u00e9 ar\u00e9n\u011b Makaku vznik\u00e1 unik\u00e1tn\u00ed lezeck\u00fd krou\u017eek pro d\u011bti trp\u00edc\u00ed autismem. Pom\u00e1h\u00e1 jim naj\u00edt nelehkou cestu z jejich mnohdy osam\u011bl\u00e9ho sv\u011bta do reality ostatn\u00edch. Pozitivn\u00ed v\u00fdsledky na sebe nenech\u00e1vaj\u00ed \u010dekat.<\/strong><!--more--><\/p>\n<p>Je\u0161t\u011b minul\u00fd rok se dev\u00edtilet\u00fd Patrik neudr\u017eel na jedn\u00e9 noze. Kym\u00e1cel se ze strany a stranu a ud\u011blat d\u0159ep pro n\u011bj byl osm\u00fd div sv\u011bta. Je autista a nav\u00edc m\u00e1 probl\u00e9my s motorikou. P\u0159ed p\u00e1r dny se ale stal z\u00e1zrak, rozjel se na kole. Nepomohl mu p\u0159itom \u017e\u00e1dn\u00fd objev l\u00e9ka\u0159sk\u00e9 v\u011bdy, ale hou\u017eevnatost vlastn\u00edch rodi\u010d\u016f. &#8222;Odm\u00edtla jsem se sm\u00ed\u0159it s t\u00edm, \u017ee moje d\u011bti si nikdy nebudou hr\u00e1t nebo sportovat, \u017ee by mohlo b\u00fdt slo\u017eit\u00e9 jezdit hromadnou dopravou, na dovolenou, nebo \u017ee nebude mo\u017en\u00e9 s d\u011btmi j\u00edt k zuba\u0159i,&#8220; \u0159\u00edk\u00e1 Radka \u0158ejhov\u00e1, matka dvou mal\u00fdch chlapc\u016f, Patrika a o dva roky mlad\u0161\u00edho Kuby, u kter\u00fdch l\u00e9ka\u0159i diagnostikovali autismus.<\/p>\n<p>Mlad\u0161\u00ed z chlapc\u016f v podstat\u011b nemluv\u00ed, venkovn\u00ed ruch u n\u011bj vyvol\u00e1v\u00e1 velkou paniku. Nejl\u00e9pe je mu doma, kde v\u0161echno zn\u00e1. I Patrik, kter\u00fd nav\u00edc trp\u00ed motorickou poruchou a hyperaktivitou, by, kdyby bylo po jeho, jen sed\u011bl u po\u010d\u00edta\u010de a studoval informace o doprav\u011b. Ve \u0161kole pot\u0159ebuj\u00ed oba asistenty.<\/p>\n<p>Naj\u00edt aktivitu, je\u017e by autist\u016fm vyhovovala, p\u0159itom nen\u00ed v\u016fbec snadn\u00e9. V kolektivu se nec\u00edt\u00ed dob\u0159e, nejsou sout\u011b\u017eiv\u00ed a z\u00e1vod\u011bn\u00ed je v\u016fbec nezaj\u00edm\u00e1. Sami pozoruj\u00ed, \u017ee jsou trochu jin\u00ed, a p\u0159itom stejn\u011b jako ka\u017ed\u00fd pot\u0159ebuj\u00ed v n\u011b\u010dem vynikat. Mezi lezce p\u0159i\u0161li \u0158ejhovi asi p\u0159ed rokem. &#8222;Cht\u011bli jsme to jen zkusit, proto\u017ee Kuba odmala \u0161plhal jako opi\u010d\u00e1k,&#8220; vzpom\u00edn\u00e1 maminka chlapc\u016f.<\/p>\n<p>&#8222;Nebylo to jen tak, t\u0159eba Patrik na sebe strh\u00e1val pozornost ostatn\u00edch. Musel jsem se tak\u00e9 nejd\u0159\u00edv nau\u010dit, jak na n\u011bj, radil jsem se i s l\u00e9ka\u0159i,&#8220; popisuje zku\u0161en\u00fd instruktor Tom\u00e1\u0161 Bene\u0161. Autistu nem\u016f\u017ee uv\u00e1zat k lanu, kdy\u017e pot\u0159ebuje, v\u00ed, \u017ee mus\u00ed po\u010dkat, a\u017e dostane k lezen\u00ed chu\u0165. Jeho apetit je potom o to nal\u00e9hav\u011bj\u0161\u00ed. D\u00edky tr\u00e9nink\u016fm se Patrik zlep\u0161il v motorice a l\u00e9pe se za\u010dle\u0148uje do kolektivu. &#8222;Za\u010dal tak\u00e9 v\u00edc komunikovat,&#8220; dopl\u0148uje instruktor. Na rozd\u00edl od jin\u00fdch sport\u016f nemus\u00ed p\u0159i lezen\u00ed s nik\u00fdm soupe\u0159it, ale p\u0159ekon\u00e1v\u00e1 jen sv\u00e9 vlastn\u00ed hranice.<\/p>\n<p>Do jabloneck\u00e9ho Makaku te\u010f chod\u00ed t\u0159i autisti, dva tr\u00e9nuj\u00ed v Liberci. A v\u0161ichni si libuj\u00ed. &#8222;Dop\u0159edu nejde nikdy \u0159\u00edct, co bude d\u011btem vyhovovat, u autist\u016f se mus\u00ed v\u0161echno pomalu vyzkou\u0161et,&#8220; rad\u00ed pedago\u017eka Alena Malinov\u00e1 ze Speci\u00e1ln\u00edho pedagogick\u00e9ho centra. To eviduje v sou\u010dasn\u00e9 dob\u011b jen na Liberecku a Jablonecku 230 d\u011bt\u00ed s autismem a 70 dal\u0161\u00edch \u010dek\u00e1 na vy\u0161et\u0159en\u00ed. &#8222;Onemocn\u011bn\u00ed postihuje v\u00edce ne\u017e jedno procento populace,&#8220; dodala Malinov\u00e1. P\u0159\u00edpad\u016f p\u0159ib\u00fdv\u00e1 hlavn\u011b d\u00edky lep\u0161\u00ed diagnostice. &#8222;D\u0159\u00edv se to tak ne\u0159e\u0161ilo. Odbylo se to t\u00edm, \u017ee se o takov\u00fdch d\u011btech \u0159eklo, \u017ee jsou divn\u00e9.&#8220; Patrik chod\u00ed do krou\u017eku se zdrav\u00fdmi d\u011btmi, Kuba kv\u016fli sv\u00e9mu hendikepu pot\u0159ebuje individu\u00e1ln\u00ed p\u0159\u00edstup. Dvakr\u00e1t v Makaku uspo\u0159\u00e1dali lezen\u00ed jen pro autisty a do l\u00e9ta ho je\u0161t\u011b dvakr\u00e1t zopakuj\u00ed. Proto\u017ee se osv\u011bd\u010dilo, r\u00e1di by pro n\u011b otev\u0159eli od z\u00e1\u0159\u00ed speci\u00e1ln\u00ed krou\u017eek. &#8222;M\u00edsta je\u0161t\u011b m\u00e1me, po\u010d\u00edt\u00e1me, \u017ee sedm d\u011bt\u00ed zvl\u00e1dneme,&#8220; \u0159\u00edk\u00e1 Bene\u0161.<\/p>\n<p>Nad\u0161enci z Makaku pomohli \u0158ejhov\u00fdm prom\u011bnit v malou ar\u00e9nu jejich vlastn\u00ed lo\u017enici a splnit tak kluk\u016fm jejich sen. Na 2,6 metru vysok\u00e9 st\u011bn\u011b panel\u00e1kov\u00e9ho bytu maj\u00ed p\u0159es 50 chyt\u016f, a tak mohou chlapci tr\u00e9novat, kdy je napadne.<\/p>\n<p><a href=\"foto:%20Flickr.com\">Mlad\u00e1 fronta DNES<\/a><\/p>\n<p>foto: Flickr.com<\/p>\n","protected":false},"excerpt":{"rendered":"<div class=\"mh-excerpt\"><p>V jabloneck\u00e9 ar\u00e9n\u011b Makaku vznik\u00e1 unik\u00e1tn\u00ed lezeck\u00fd krou\u017eek pro d\u011bti trp\u00edc\u00ed autismem. Pom\u00e1h\u00e1 jim naj\u00edt nelehkou cestu z jejich mnohdy osam\u011bl\u00e9ho sv\u011bta do reality ostatn\u00edch. <a class=\"mh-excerpt-more\" href=\"https:\/\/www.invarena.cz\/?p=15927\" title=\"Horolezci pom\u00e1haj\u00ed autist\u016fm. A p\u0159ekon\u00e1vaj\u00ed v\u00fdsledky l\u00e9ka\u0159\u016f\">[&#8230;]<\/a><\/p>\n<\/div>","protected":false},"author":1,"featured_media":15233,"comment_status":"open","ping_status":"closed","sticky":false,"template":"","format":"standard","meta":{"footnotes":""},"categories":[7,9],"tags":[],"class_list":["post-15927","post","type-post","status-publish","format-standard","has-post-thumbnail","hentry","category-spolecnost","category-zpravy"],"_links":{"self":[{"href":"https:\/\/www.invarena.cz\/index.php?rest_route=\/wp\/v2\/posts\/15927","targetHints":{"allow":["GET"]}}],"collection":[{"href":"https:\/\/www.invarena.cz\/index.php?rest_route=\/wp\/v2\/posts"}],"about":[{"href":"https:\/\/www.invarena.cz\/index.php?rest_route=\/wp\/v2\/types\/post"}],"author":[{"embeddable":true,"href":"https:\/\/www.invarena.cz\/index.php?rest_route=\/wp\/v2\/users\/1"}],"replies":[{"embeddable":true,"href":"https:\/\/www.invarena.cz\/index.php?rest_route=%2Fwp%2Fv2%2Fcomments&post=15927"}],"version-history":[{"count":0,"href":"https:\/\/www.invarena.cz\/index.php?rest_route=\/wp\/v2\/posts\/15927\/revisions"}],"wp:featuredmedia":[{"embeddable":true,"href":"https:\/\/www.invarena.cz\/index.php?rest_route=\/wp\/v2\/media\/15233"}],"wp:attachment":[{"href":"https:\/\/www.invarena.cz\/index.php?rest_route=%2Fwp%2Fv2%2Fmedia&parent=15927"}],"wp:term":[{"taxonomy":"category","embeddable":true,"href":"https:\/\/www.invarena.cz\/index.php?rest_route=%2Fwp%2Fv2%2Fcategories&post=15927"},{"taxonomy":"post_tag","embeddable":true,"href":"https:\/\/www.invarena.cz\/index.php?rest_route=%2Fwp%2Fv2%2Ftags&post=15927"}],"curies":[{"name":"wp","href":"https:\/\/api.w.org\/{rel}","templated":true}]}}