{"id":15940,"date":"2014-05-01T13:13:56","date_gmt":"2014-05-01T11:13:56","guid":{"rendered":"http:\/\/www.invarena.cz\/?p=15940"},"modified":"2014-05-02T11:38:34","modified_gmt":"2014-05-02T09:38:34","slug":"deti-vzpominaji-na-ivetu-bartosovou-s-laskou","status":"publish","type":"post","link":"https:\/\/www.invarena.cz\/?p=15940","title":{"rendered":"D\u011bti vzpom\u00ednaj\u00ed na Ivetu Barto\u0161ovou"},"content":{"rendered":"<p><strong>Smrt zp\u011bva\u010dky Ivety Barto\u0161ov\u00e9 (foto) vy\u0161et\u0159uje policie. Zp\u011bva\u010dka zem\u0159ela ve sv\u00fdch 48 letech, kdy\u017e sko\u010dila pod vlak. M\u00e1lokdo mo\u017en\u00e1 v\u00ed, \u017ee podporovala posti\u017een\u00e9 d\u011bti. V D\u011btsk\u00e9m domov\u011b v Kr\u00e1sn\u00e9 L\u00edp\u011b na ni vzpom\u00ednaj\u00ed&#8230;<\/strong><br \/>\n<!--more--><\/p>\n<p>&nbsp;<\/p>\n<p><em><strong>report\u00e1\u017e Radio Impuls<\/strong><\/em><\/p>\n<p>Strojv\u016fdce vlaku u\u017e vy\u0161et\u0159ovatel\u016fm potvrdil, \u017ee zp\u011bva\u010dka po kolej\u00edch p\u0159\u00edmo proti lokomotiv\u011b, kter\u00e1 tak nem\u011bla \u0161anci zastavit. N\u011bkdej\u0161\u00ed trojn\u00e1sobn\u00e1 Zlat\u00e1 slavice za sebou nechala celou \u0159adu hit\u016f, ale tak\u00e9 dobr\u00e9 skutky.<\/p>\n<p>Krom\u011b charitativn\u00edch projekt\u016f Iveta Barto\u0161ov\u00e1 podporovala i d\u011btsk\u00fd domov, kter\u00fd shodou okolnost\u00ed pr\u00e1v\u011b v\u010dera nav\u0161t\u00edvil report\u00e9r Maty\u00e1\u0161 Kaiser. Hezk\u00e9 r\u00e1no, Maty\u00e1\u0161i. Co v\u0161echno Iveta pro d\u011bti v tomto domov\u011b d\u011blala a nev\u011bd\u011blo se o tom?<\/p>\n<p>Domov v Kr\u00e1sn\u00e9 L\u00edp\u011b Iveta podporovala dlouhodob\u011b a nejen, \u017ee dvac\u00edtce d\u011bt\u00ed pom\u00e1hala finan\u010dn\u011b, ale tak\u00e9 kdy mohla, tak p\u0159ijela. Podle pan\u00ed \u0159editelky Jany Dykastov\u00e9 bylo jej\u00ed kouzlo hlavn\u011b v osobn\u00edm kontaktu. P\u0159ed d\u011btmi si na nic nehr\u00e1la a se zp\u011bva\u010dkou si mohly popov\u00eddat nebo si j\u00ed sednout na kl\u00edn.<\/p>\n<p>Kdy\u017e p\u0159ed 8 lety slavila sv\u00e9 \u010dty\u0159ic\u00e1tiny, m\u00edsto d\u00e1rk\u016f pro sebe si dokonce p\u0159\u00e1la hra\u010dky pr\u00e1v\u011b pro domov v Kr\u00e1sn\u00e9 L\u00edp\u011b ve \u0160luknovsk\u00e9m v\u00fdb\u011b\u017eku.<\/p>\n<p>Jana DYKASTOV\u00c1, \u0159editelka D\u011btsk\u00e9ho domova v Kr\u00e1sn\u00e9 L\u00edp\u011b:<br \/>\nJezdila do domova, jezdila za n\u00e1mi na rekreace, nejv\u00edc <span class=\"highlight\">posti\u017een\u00e9<\/span> d\u011bti chovala na kl\u00edn\u011b, m\u011bla k nim \u00fa\u017easn\u00fd vztah. D\u011bti j\u00ed m\u011bly stra\u0161n\u011b r\u00e1di. Pom\u00e1hala n\u00e1m, co mohla, pokud mohla. Pozvala na\u0161e d\u011bti na oslavu sv\u00fdch 40. narozenin. Na\u0161e d\u011bti s n\u00ed zp\u00edvaly T\u0159i o\u0159\u00ed\u0161ky pro Popelku na p\u00f3diu.<\/p>\n<p>Iveta Barto\u0161ov\u00e1 d\u011btem darovala t\u0159eba cel\u00fd v\u00fdt\u011b\u017eek z televizn\u00ed kulin\u00e1\u0159sk\u00e9 sout\u011b\u017ee. Za 250 tis\u00edc pak v\u0161echny d\u011bti d\u00edky tomu mohly jet do Rakouska na hory a u\u017eily si pr\u00e1zdniny. V Kr\u00e1sn\u00e9 L\u00edp\u011b na Ivetu Barto\u0161ovou jednodu\u0161e vzpom\u00ednaj\u00ed jako na \u010dlov\u011bka s dobr\u00fdm srdcem.<\/p>\n","protected":false},"excerpt":{"rendered":"<div class=\"mh-excerpt\"><p>Smrt zp\u011bva\u010dky Ivety Barto\u0161ov\u00e9 (foto) vy\u0161et\u0159uje policie. Zp\u011bva\u010dka zem\u0159ela ve sv\u00fdch 48 letech, kdy\u017e sko\u010dila pod vlak. M\u00e1lokdo mo\u017en\u00e1 v\u00ed, \u017ee podporovala posti\u017een\u00e9 d\u011bti. V <a class=\"mh-excerpt-more\" href=\"https:\/\/www.invarena.cz\/?p=15940\" title=\"D\u011bti vzpom\u00ednaj\u00ed na Ivetu Barto\u0161ovou\">[&#8230;]<\/a><\/p>\n<\/div>","protected":false},"author":1,"featured_media":15941,"comment_status":"open","ping_status":"closed","sticky":false,"template":"","format":"standard","meta":{"footnotes":""},"categories":[7],"tags":[],"class_list":["post-15940","post","type-post","status-publish","format-standard","has-post-thumbnail","hentry","category-spolecnost"],"_links":{"self":[{"href":"https:\/\/www.invarena.cz\/index.php?rest_route=\/wp\/v2\/posts\/15940","targetHints":{"allow":["GET"]}}],"collection":[{"href":"https:\/\/www.invarena.cz\/index.php?rest_route=\/wp\/v2\/posts"}],"about":[{"href":"https:\/\/www.invarena.cz\/index.php?rest_route=\/wp\/v2\/types\/post"}],"author":[{"embeddable":true,"href":"https:\/\/www.invarena.cz\/index.php?rest_route=\/wp\/v2\/users\/1"}],"replies":[{"embeddable":true,"href":"https:\/\/www.invarena.cz\/index.php?rest_route=%2Fwp%2Fv2%2Fcomments&post=15940"}],"version-history":[{"count":0,"href":"https:\/\/www.invarena.cz\/index.php?rest_route=\/wp\/v2\/posts\/15940\/revisions"}],"wp:featuredmedia":[{"embeddable":true,"href":"https:\/\/www.invarena.cz\/index.php?rest_route=\/wp\/v2\/media\/15941"}],"wp:attachment":[{"href":"https:\/\/www.invarena.cz\/index.php?rest_route=%2Fwp%2Fv2%2Fmedia&parent=15940"}],"wp:term":[{"taxonomy":"category","embeddable":true,"href":"https:\/\/www.invarena.cz\/index.php?rest_route=%2Fwp%2Fv2%2Fcategories&post=15940"},{"taxonomy":"post_tag","embeddable":true,"href":"https:\/\/www.invarena.cz\/index.php?rest_route=%2Fwp%2Fv2%2Ftags&post=15940"}],"curies":[{"name":"wp","href":"https:\/\/api.w.org\/{rel}","templated":true}]}}