{"id":15983,"date":"2014-05-05T10:25:25","date_gmt":"2014-05-05T08:25:25","guid":{"rendered":"http:\/\/www.invarena.cz\/?p=15983"},"modified":"2014-05-05T10:25:49","modified_gmt":"2014-05-05T08:25:49","slug":"na-sezonni-praci-do-kostela-letos-tam-miri-desitky-lidi","status":"publish","type":"post","link":"https:\/\/www.invarena.cz\/?p=15983","title":{"rendered":"Na sezonn\u00ed pr\u00e1ci do kostela? Letos tam m\u00ed\u0159\u00ed des\u00edtky lid\u00ed"},"content":{"rendered":"<p><strong>Letos u\u017e po\u0161est\u00e9 pob\u011b\u017e\u00ed od kv\u011btna a\u017e do z\u00e1\u0159\u00ed po cel\u00e9m Uherskobrodsku projekt Otev\u0159en\u00e9 br\u00e1ny, kter\u00fd nen\u00ed jen magnetem na turisty. D\u00e1v\u00e1 tak\u00e9 \u0161anci \u017een\u00e1m na rodi\u010dovsk\u00e9 dovolen\u00e9, lidem s men\u0161\u00edm <span class=\"highlight\">handicapem<\/span> nebo star\u0161\u00edm ro\u010dn\u00edk\u016fm bez st\u00e1l\u00e9ho zam\u011bstn\u00e1n\u00ed.<\/strong><!--more--><\/p>\n<p>C\u00edlem projektu je uk\u00e1zat co nej\u0161ir\u0161\u00ed ve\u0159ejnosti kulturn\u00ed a duchovn\u00ed poklady ve vybran\u00fdch c\u00edrkevn\u00edch stavb\u00e1ch mimo \u010dasy pravideln\u00fdch bohoslu\u017eeb a s v\u00fdkladem vy\u0161kolen\u00e9ho pr\u016fvodce. A pr\u00e1v\u011b jeho funkci budou plnit i des\u00edtky sezonn\u00edch pracovn\u00edk\u016f ze znev\u00fdhodn\u011bn\u00fdch skupin uchaze\u010d\u016f o zam\u011bstn\u00e1n\u00ed. &#8222;V\u0161ichni u\u017e byli odborn\u011b vy\u0161koleni, aby mohli fungovat jako zasv\u011bcen\u00fd doprovod p\u0159i &#8222;duchovn\u00edch exkurz\u00edch&#8220;,&#8220; sd\u011blila Helena Mr\u00e1\u010dkov\u00e1 z tiskov\u00e9ho odboru Zl\u00ednsk\u00e9ho kraje.<\/p>\n<p>Otev\u0159en\u00e9 br\u00e1ny letos podpo\u0159\u00ed p\u011btadvacet c\u00edrkevn\u00edch objekt\u016f, z regionu jde o velehradskou baziliku, kostel svat\u00e9ho Franti\u0161ka Xaversk\u00e9ho v Uhersk\u00e9m Hradi\u0161ti, kostel Neposkvrn\u011bn\u00e9ho po\u010det\u00ed Panny Marie v Uhersk\u00e9m Brod\u011b a kostel Svat\u00e9 Rodiny v Luha\u010dovic\u00edch.<\/p>\n<p>&#8222;D\u00edky projektu nav\u0161t\u00edvily c\u00edrkevn\u00ed pam\u00e1tky u\u017e stovky tis\u00edc turist\u016f. Spoust\u011b lid\u00ed hledaj\u00edc\u00edch, sympatizuj\u00edc\u00edch i zv\u00eddav\u00fdch bylo t\u00edmto zp\u016fsobem umo\u017en\u011bno vstoupit do kostel\u016f, pot\u011b\u0161it se jejich kr\u00e1sou a tak\u00e9 z\u00edskat zaj\u00edmav\u00e9 informace o v\u011bt\u0161inou nejhodnotn\u011bj\u0161\u00ed pam\u00e1tce v dan\u00e9 obci. T\u011b\u0161\u00ed n\u00e1s, \u017ee se po\u010det otev\u0159en\u00fdch pam\u00e1tek st\u00e1le zvy\u0161uje,&#8220; \u0159ekl sd\u011blil krajsk\u00fd radn\u00ed Ladislav Kry\u0161tof, kter\u00fd je zodpov\u011bdn\u00fd za kulturu, pam\u00e1tkovou p\u00e9\u010di, cestovn\u00ed ruch a spolupr\u00e1ci s c\u00edrkvemi.<\/p>\n<p>KDY JE OTEV\u0158ENO (KV\u011aTEN-Z\u00c1\u0158\u00cd)<br \/>\nVelehrad, bazilika<br \/>\npo-p\u00e1 9-12; 13-16<br \/>\n(http:\/\/velehrad.maticevelehradska.cz)<br \/>\nUh. Hradi\u0161t\u011b, kostel sv. Fr. Xaversk\u00e9ho<br \/>\npo zav\u0159eno, \u00fat-so 10-12; 13-17, ne 13-17<br \/>\n(www.farnostuh.cz)<br \/>\nUh. Brod, kostel Neposkvrn\u011bn\u00e9ho po\u010det\u00ed P. Marie<\/p>\n<p>so 10-12; 13-17; ne 13-17<br \/>\n(www.farnost.katolik.cz)<br \/>\nLuha\u010dovice, kostel Sv. Rodiny<br \/>\npo zav\u0159eno, \u00fat- so 10-12, 13-17, ne 13-17<br \/>\n(www.luhacovicefarnost.cz)<br \/>\nV dob\u011b st\u00e1tn\u00edch sv\u00e1tk\u016f je otev\u00edrac\u00ed doba stejn\u00e1 jako o<br \/>\nv\u00edkendu; v dob\u011b c\u00edrkevn\u00edch ob\u0159ad\u016f \u010di kulturn\u00edch po\u0159ad\u016f se<br \/>\nod prohl\u00eddky upou\u0161t\u00ed.<\/p>\n","protected":false},"excerpt":{"rendered":"<div class=\"mh-excerpt\"><p>Letos u\u017e po\u0161est\u00e9 pob\u011b\u017e\u00ed od kv\u011btna a\u017e do z\u00e1\u0159\u00ed po cel\u00e9m Uherskobrodsku projekt Otev\u0159en\u00e9 br\u00e1ny, kter\u00fd nen\u00ed jen magnetem na turisty. D\u00e1v\u00e1 tak\u00e9 \u0161anci \u017een\u00e1m <a class=\"mh-excerpt-more\" href=\"https:\/\/www.invarena.cz\/?p=15983\" title=\"Na sezonn\u00ed pr\u00e1ci do kostela? Letos tam m\u00ed\u0159\u00ed des\u00edtky lid\u00ed\">[&#8230;]<\/a><\/p>\n<\/div>","protected":false},"author":1,"featured_media":0,"comment_status":"open","ping_status":"closed","sticky":false,"template":"","format":"standard","meta":{"footnotes":""},"categories":[9],"tags":[],"class_list":["post-15983","post","type-post","status-publish","format-standard","hentry","category-zpravy"],"_links":{"self":[{"href":"https:\/\/www.invarena.cz\/index.php?rest_route=\/wp\/v2\/posts\/15983","targetHints":{"allow":["GET"]}}],"collection":[{"href":"https:\/\/www.invarena.cz\/index.php?rest_route=\/wp\/v2\/posts"}],"about":[{"href":"https:\/\/www.invarena.cz\/index.php?rest_route=\/wp\/v2\/types\/post"}],"author":[{"embeddable":true,"href":"https:\/\/www.invarena.cz\/index.php?rest_route=\/wp\/v2\/users\/1"}],"replies":[{"embeddable":true,"href":"https:\/\/www.invarena.cz\/index.php?rest_route=%2Fwp%2Fv2%2Fcomments&post=15983"}],"version-history":[{"count":0,"href":"https:\/\/www.invarena.cz\/index.php?rest_route=\/wp\/v2\/posts\/15983\/revisions"}],"wp:attachment":[{"href":"https:\/\/www.invarena.cz\/index.php?rest_route=%2Fwp%2Fv2%2Fmedia&parent=15983"}],"wp:term":[{"taxonomy":"category","embeddable":true,"href":"https:\/\/www.invarena.cz\/index.php?rest_route=%2Fwp%2Fv2%2Fcategories&post=15983"},{"taxonomy":"post_tag","embeddable":true,"href":"https:\/\/www.invarena.cz\/index.php?rest_route=%2Fwp%2Fv2%2Ftags&post=15983"}],"curies":[{"name":"wp","href":"https:\/\/api.w.org\/{rel}","templated":true}]}}