{"id":15986,"date":"2014-05-05T10:18:59","date_gmt":"2014-05-05T08:18:59","guid":{"rendered":"http:\/\/www.invarena.cz\/?p=15986"},"modified":"2014-05-05T10:18:59","modified_gmt":"2014-05-05T08:18:59","slug":"vodiciho-psa-chce-vratit-nastaly-vsak-problemy","status":"publish","type":"post","link":"https:\/\/www.invarena.cz\/?p=15986","title":{"rendered":"Vod\u00edc\u00edho psa chce vr\u00e1tit. Nastaly v\u0161ak probl\u00e9my"},"content":{"rendered":"<p><strong>Na po\u0159\u00edzen\u00ed vod\u00edc\u00edho psa dost\u00e1vaj\u00ed <span class=\"highlight\">nevidom\u00ed<\/span> p\u0159\u00edsp\u011bvek jednou za p\u011bt let. V\u00edce ne\u017e 260 tis\u00edc tak z\u00edskala na speci\u00e1ln\u011b vycvi\u010den\u00e9ho pomocn\u00edka i Andrea z Chebu. Nen\u00ed v\u0161ak s n\u00edm spokojen\u00e1 a chce ho vr\u00e1tit. Ale narazila&#8230;\/ilustra\u010dn\u00ed foto\/<\/strong><br \/>\n<!--more--><\/p>\n<p><strong>report\u00e1\u017e televize Barrandov\u00a0<\/strong><\/p>\n<p><strong>Andrea<\/strong> ale trv\u00e1 na tom, \u017ee fenka neovl\u00e1d\u00e1 z\u00e1kladn\u00ed povely a chce ho vr\u00e1tit cvi\u010ditelce, aby z\u00edskala pen\u00edze na jin\u00e9ho. Ps\u00ed tren\u00e9rka ale tvrd\u00ed, \u017ee probl\u00e9m je na druh\u00e9 stran\u011b a pan\u00ed Andrea se psem neum\u00ed komunikovat.<\/p>\n<p>S p\u011btat\u0159icetilet\u00e1 Andra Mal\u00e1rov\u00e1 odmali\u010dka nevid\u00ed, a kdy\u017e u\u017e se t\u011b\u0161ila, \u017ee na sv\u011bt p\u0159ivede zdrav\u00e9 d\u00edt\u011b, v 7. m\u011bs\u00edci t\u011bhotenstv\u00ed p\u0159ed\u010dasn\u011b porodila syna Kristi\u00e1na. Krom\u011b starost\u00ed o jeho zdrav\u00ed te\u010f nav\u00edc mus\u00ed \u0159e\u0161it probl\u00e9movou fenu Maggie.<\/p>\n<p>Andrea MAL\u00c1ROV\u00c1, <span class=\"highlight\">nevidom\u00e1<\/span>:<br \/>\nNeum\u00ed vej\u0161kov\u00fd p\u0159ek\u00e1\u017eky, neum\u00ed, neum\u00ed vpravo, vlevo. Jsme nastupovali do tramvaje, tak jsem \u0159ekla Maggience &#8222;schod&#8220;, no, a Maggienka m\u011b zat\u00e1hla nahoru, no, a j\u00e1 jsem let\u011bla na kolena a na ruce.<\/p>\n<p>Cvi\u010ditelka Maggie ale trv\u00e1 na tom, \u017ee v\u0161echno dokonale zvl\u00e1d\u00e1. V\u0161e je pr\u00fd jen na spolupr\u00e1ci mezi majitelem a psem.<\/p>\n<p>Helena NERGLOV\u00c1, cvi\u010ditelka vod\u00edc\u00edch ps\u016f:<br \/>\nSle\u010dna Mal\u00e1rov\u00e1 prakticky t\u00e9m\u011b\u0159 v\u016fbec nemluvila. A kdy\u017e u\u017e promluvila, kdy\u017e u\u017e jsme ud\u011blali n\u011bjakej pokrok, tak to bylo takov\u00fd &#8222;Maggie, k noze&#8220;.<\/p>\n<p>Aby Andrea dok\u00e1zala, \u017ee pes nen\u00ed dob\u0159e vycvi\u010den\u00fd, nechala t\u0159\u00edletou fenku p\u0159ezkou\u0161et znalcem z obou kynologie.<\/p>\n<p>Stanislav BEN\u00cd\u0160EK, znalec v obou kynologie:<br \/>\nJsem postupoval podle platn\u00e9 legislativy, toho pejska jsem p\u0159ezkou\u0161el a ve\u0161ker\u00e9 z\u00e1v\u011bry toho p\u0159ezkou\u0161en\u00ed jsou uvedeny v m\u00e9m znaleck\u00e9m posudku.<\/p>\n<p>Helena NERGLOV\u00c1, cvi\u010ditelka vod\u00edc\u00edch ps\u016f:<br \/>\nPan Ben\u00ed\u0161ek v\u016fbec nem\u00e1 tohle co hodnotit. On je policajt, on d\u011bl\u00e1 sportovn\u00ed a slu\u017eebn\u00ed kynologii.<\/p>\n<p>V dopise, kter\u00fd Andrea zaslala cvi\u010ditelce, \u017e\u00e1d\u00e1 o vr\u00e1cen\u00ed pen\u011bz i zaplacen\u00ed poplatku za znaleck\u00fd posudek.<\/p>\n<p>Helena NERGLOV\u00c1<br \/>\nNem\u016f\u017ee p\u0159ece o\u010dek\u00e1vat vr\u00e1cen\u00ed pen\u011bz, kdy\u017e mi odm\u00edtne uk\u00e1zat toho psa.<\/p>\n<p>Podle Andrey cvi\u010ditelka nekomunikuje. Z\u00e1rove\u0148 se ob\u00e1v\u00e1, aby nep\u0159i\u0161la jak o Maggie, tak i o pen\u00edze a rozhodla se psa rad\u011bji skr\u00fdt. Naopak pan\u00ed Nerglov\u00e1 m\u00e1 obavu o zdrav\u00ed i v\u00fdcvik zv\u00ed\u0159ete. Pen\u00edze proto vr\u00e1tit nehodl\u00e1. Ob\u011b \u017eeny cht\u011bj\u00ed spor dohnat a\u017e k soudu. P\u0159\u00edpad budeme nad\u00e1le sledovat i my.<\/p>\n<p>&nbsp;<\/p>\n","protected":false},"excerpt":{"rendered":"<div class=\"mh-excerpt\"><p>Na po\u0159\u00edzen\u00ed vod\u00edc\u00edho psa dost\u00e1vaj\u00ed nevidom\u00ed p\u0159\u00edsp\u011bvek jednou za p\u011bt let. V\u00edce ne\u017e 260 tis\u00edc tak z\u00edskala na speci\u00e1ln\u011b vycvi\u010den\u00e9ho pomocn\u00edka i Andrea z Chebu. <a class=\"mh-excerpt-more\" href=\"https:\/\/www.invarena.cz\/?p=15986\" title=\"Vod\u00edc\u00edho psa chce vr\u00e1tit. Nastaly v\u0161ak probl\u00e9my\">[&#8230;]<\/a><\/p>\n<\/div>","protected":false},"author":1,"featured_media":4079,"comment_status":"open","ping_status":"closed","sticky":false,"template":"","format":"standard","meta":{"footnotes":""},"categories":[7],"tags":[],"class_list":["post-15986","post","type-post","status-publish","format-standard","has-post-thumbnail","hentry","category-spolecnost"],"_links":{"self":[{"href":"https:\/\/www.invarena.cz\/index.php?rest_route=\/wp\/v2\/posts\/15986","targetHints":{"allow":["GET"]}}],"collection":[{"href":"https:\/\/www.invarena.cz\/index.php?rest_route=\/wp\/v2\/posts"}],"about":[{"href":"https:\/\/www.invarena.cz\/index.php?rest_route=\/wp\/v2\/types\/post"}],"author":[{"embeddable":true,"href":"https:\/\/www.invarena.cz\/index.php?rest_route=\/wp\/v2\/users\/1"}],"replies":[{"embeddable":true,"href":"https:\/\/www.invarena.cz\/index.php?rest_route=%2Fwp%2Fv2%2Fcomments&post=15986"}],"version-history":[{"count":0,"href":"https:\/\/www.invarena.cz\/index.php?rest_route=\/wp\/v2\/posts\/15986\/revisions"}],"wp:featuredmedia":[{"embeddable":true,"href":"https:\/\/www.invarena.cz\/index.php?rest_route=\/wp\/v2\/media\/4079"}],"wp:attachment":[{"href":"https:\/\/www.invarena.cz\/index.php?rest_route=%2Fwp%2Fv2%2Fmedia&parent=15986"}],"wp:term":[{"taxonomy":"category","embeddable":true,"href":"https:\/\/www.invarena.cz\/index.php?rest_route=%2Fwp%2Fv2%2Fcategories&post=15986"},{"taxonomy":"post_tag","embeddable":true,"href":"https:\/\/www.invarena.cz\/index.php?rest_route=%2Fwp%2Fv2%2Ftags&post=15986"}],"curies":[{"name":"wp","href":"https:\/\/api.w.org\/{rel}","templated":true}]}}