{"id":15992,"date":"2014-05-07T10:04:19","date_gmt":"2014-05-07T08:04:19","guid":{"rendered":"http:\/\/www.invarena.cz\/?p=15992"},"modified":"2014-05-07T10:05:04","modified_gmt":"2014-05-07T08:05:04","slug":"vymena-prukazu-ozp-bude-jednodussi","status":"publish","type":"post","link":"https:\/\/www.invarena.cz\/?p=15992","title":{"rendered":"V\u00fdm\u011bna pr\u016fkaz\u016f OZP bude jednodu\u0161\u0161\u00ed"},"content":{"rendered":"<p><strong>Dr\u017eitel\u00e9 pr\u016fkaz\u016f mimo\u0159\u00e1dn\u00fdch v\u00fdhod (pr\u016fkaz MV) a pr\u016fkaz\u016f osoby se zdravotn\u00edm posti\u017een\u00edm (pr\u016fkaz OZP) absolvuj\u00ed l\u00e9ka\u0159sk\u00e9 posouzen\u00ed a spr\u00e1vn\u00ed \u0159\u00edzen\u00ed o vyd\u00e1n\u00ed nov\u00e9ho dokladu jen v p\u0159\u00edpad\u011b, \u017ee platnost jejich sou\u010dasn\u00e9ho pr\u016fkazu skon\u010d\u00ed v nejbli\u017e\u0161\u00edch m\u011bs\u00edc\u00edch. Tedy do doby, ne\u017e vejde v \u00fa\u010dinnost novela z\u00e1kona o poskytov\u00e1n\u00ed d\u00e1vek OZP.<\/strong><br \/>\n<!--more--><\/p>\n<p><strong> Zm\u011bna by m\u011bla lidem se zdravotn\u00edm posti\u017een\u00edm administrativn\u011b odleh\u010dit.<\/strong><\/p>\n<p>Kdy\u017e se v roce 2012 zm\u011bnila legislativa v oblasti pomoci osob\u00e1m se zdravotn\u00edm posti\u017een\u00edm, do\u0161lo mimo jin\u00e9 i ke zru\u0161en\u00ed institutu mimo\u0159\u00e1dn\u00fdch v\u00fdhod (MV), na jeho\u017e z\u00e1klad\u011b dost\u00e1vali lid\u00e9 se zdravotn\u00edm posti\u017een\u00edm pap\u00edrov\u00e9 pr\u016fkazy (karti\u010dky) s ozna\u010den\u00edm stupn\u011b p\u0159iznan\u00fdch v\u00fdhod (TP, ZTP nebo ZTP\/P). Vydan\u00e9 pr\u016fkazy MV jsou platn\u00e9 po dobu, kter\u00e1 je uvedena na jejich zadn\u00ed stran\u011b, nejd\u00e9le v\u0161ak do 31. 12. 2015. K tomuto datu skon\u010d\u00ed platnost v\u0161ech pr\u016fkaz\u016f MV. Lid\u00e9 tak budou moci nad\u00e1le \u010derpat benefity pouze po p\u0159edlo\u017een\u00ed pr\u016fkazu OZP.<\/p>\n<p>V sou\u010dasn\u00e9 dob\u011b jsou krajsk\u00e9 pobo\u010dky \u00da\u0159adu pr\u00e1ce \u010cR (\u00daP \u010cR) povinny zahajovat u dr\u017eitel\u016f pr\u016fkaz\u016f MV, kte\u0159\u00ed pob\u00edraj\u00ed p\u0159\u00edsp\u011bvek na mobilitu, spr\u00e1vn\u00ed \u0159\u00edzen\u00ed o p\u0159izn\u00e1n\u00ed pr\u016fkazu OZP podle legislativy, kter\u00e1 je \u00fa\u010dinn\u00e1 od 1. 1. 2014. Tento \u00fakon mus\u00ed prov\u00e9st je\u0161t\u011b p\u0159ed t\u00edm, ne\u017e uplyne doba platnosti pr\u016fkazu MV. Smyslem tohoto postupu je zabezpe\u010dit plynul\u00fd n\u00e1rok na pr\u016fkaz a p\u0159\u00edpadn\u011b na benefity, kter\u00e9 z n\u011bj vypl\u00fdvaj\u00ed.<\/p>\n<p>Na z\u00e1klad\u011b vyd\u00e1n\u00ed pr\u016fkazu OZP vznik\u00e1 jeho majiteli mimo jin\u00e9 n\u00e1rok na vyhrazen\u00e9 m\u00edsto k sezen\u00ed ve ve\u0159ejn\u00fdch dopravn\u00edch prost\u0159edc\u00edch pro pravidelnou hromadnou dopravu osob, p\u0159ednost p\u0159i osobn\u00edm projedn\u00e1v\u00e1n\u00ed jeho z\u00e1le\u017eitosti na \u00fa\u0159adech, bezplatnou dopravu v m\u011bstsk\u00e9 hromadn\u00e9 doprav\u011b (tramvaj, trolejbus, autobus, metro), slevu 75 % j\u00edzdn\u00e9ho ve druh\u00e9 vozov\u00e9 t\u0159\u00edd\u011b osobn\u00edho vlaku a rychl\u00edku ve vnitrost\u00e1tn\u00ed p\u0159eprav\u011b a slevu 75 % v pravideln\u00fdch vnitrost\u00e1tn\u00edch spoj\u00edch autobusov\u00e9 dopravy, parkovac\u00ed pr\u016fkaz nebo bezplatnou dopravu vod\u00edc\u00edho psa. Rozsah benefit\u016f se li\u0161\u00ed podle typu pr\u016fkazu OZP.<\/p>\n<p>Podle ozn\u00e1men\u00ed MPSV z 15. 4. 2014 p\u0159iprav\u00ed ministerstvo novelu z\u00e1kona, kterou tato povinnost skon\u010d\u00ed. C\u00edlem nov\u00e9 pr\u00e1vn\u00ed \u00fapravy je nastavit pravidla tak, aby dr\u017eitel\u00e9 pr\u016fkaz\u016f MV dostali pr\u016fkaz OZP podle p\u0159edpis\u016f \u00fa\u010dinn\u00fdch od 1. 1. 2014 automaticky, ani\u017e by museli znovu proch\u00e1zet posouzen\u00edm zdravotn\u00edho stavu u posudkov\u00e9ho l\u00e9ka\u0159e p\u0159\u00edslu\u0161n\u00e9 okresn\u00ed spr\u00e1vy soci\u00e1ln\u00edho zabezpe\u010den\u00ed. Vzhledem k d\u00e9lce legislativn\u00edho procesu m\u016f\u017ee novela nab\u00fdt \u00fa\u010dinnosti p\u0159ibli\u017en\u011b za\u010d\u00e1tkem roku 2015.<\/p>\n<p>\u201e\u00da\u0159ad pr\u00e1ce \u010cR velmi v\u00edt\u00e1 jak\u00e9koli pr\u00e1vn\u00ed \u00fapravy, kter\u00e9 povedou ke zjednodu\u0161en\u00ed \u017eivota osob se zdravotn\u00edm posti\u017een\u00edm. Stejn\u011b je tomu i v r\u00e1mci pl\u00e1novan\u00e9ho automatick\u00e9ho vyd\u00e1v\u00e1n\u00ed pr\u016fkaz\u016f OZP. Do doby ne\u017e novela vstoup\u00ed v \u00fa\u010dinnost, ale mus\u00edme postupovat podle st\u00e1vaj\u00edc\u00ed legislativy,\u201c \u0159\u00edk\u00e1 gener\u00e1ln\u00ed \u0159editelka \u00daP \u010cR Marie B\u00edlkov\u00e1.<\/p>\n<p>V praxi to znamen\u00e1, \u017ee \u00daP \u010cR bude pokra\u010dovat v zahajov\u00e1n\u00ed spr\u00e1vn\u00edch \u0159\u00edzen\u00ed z moci \u00fa\u0159edn\u00ed o p\u0159izn\u00e1n\u00ed pr\u016fkazu OZP u klient\u016f pob\u00edraj\u00edc\u00edch p\u0159\u00edsp\u011bvek na mobilitu, kter\u00fdm v pr\u016fb\u011bhu roku kon\u010d\u00ed platnost pr\u016fkazu MV. Toto spr\u00e1vn\u00ed \u0159\u00edzen\u00ed zah\u00e1j\u00ed p\u0159ibli\u017en\u011b dva m\u011bs\u00edce p\u0159ed koncem platnosti pr\u016fkazu MV a bude klienta o t\u00e9to skute\u010dnosti informovat. Tento postup bude platit do doby, ne\u017e vejde v \u00fa\u010dinnost novela z\u00e1kona o poskytov\u00e1n\u00ed d\u00e1vek OZP. V p\u0159\u00edpad\u011b lid\u00ed, kte\u0159\u00ed maj\u00ed p\u0159izn\u00e1ny mimo\u0159\u00e1dn\u00e9 v\u00fdhody bez \u010dasov\u00e9ho omezen\u00ed a kter\u00fdm kon\u010d\u00ed platnost pr\u016fkazu MV \u201eze z\u00e1kona\u201c 31. 12. 2015, \u0159\u00edzen\u00ed zahajovat nebude.<\/p>\n<p>Kate\u0159ina Ber\u00e1nkov\u00e1, tiskov\u00e1 mluv\u010d\u00ed \u00daP \u010cR<\/p>\n","protected":false},"excerpt":{"rendered":"<div class=\"mh-excerpt\"><p>Dr\u017eitel\u00e9 pr\u016fkaz\u016f mimo\u0159\u00e1dn\u00fdch v\u00fdhod (pr\u016fkaz MV) a pr\u016fkaz\u016f osoby se zdravotn\u00edm posti\u017een\u00edm (pr\u016fkaz OZP) absolvuj\u00ed l\u00e9ka\u0159sk\u00e9 posouzen\u00ed a spr\u00e1vn\u00ed \u0159\u00edzen\u00ed o vyd\u00e1n\u00ed nov\u00e9ho dokladu jen <a class=\"mh-excerpt-more\" href=\"https:\/\/www.invarena.cz\/?p=15992\" title=\"V\u00fdm\u011bna pr\u016fkaz\u016f OZP bude jednodu\u0161\u0161\u00ed\">[&#8230;]<\/a><\/p>\n<\/div>","protected":false},"author":1,"featured_media":13767,"comment_status":"open","ping_status":"closed","sticky":false,"template":"","format":"standard","meta":{"footnotes":""},"categories":[7],"tags":[],"class_list":["post-15992","post","type-post","status-publish","format-standard","has-post-thumbnail","hentry","category-spolecnost"],"_links":{"self":[{"href":"https:\/\/www.invarena.cz\/index.php?rest_route=\/wp\/v2\/posts\/15992","targetHints":{"allow":["GET"]}}],"collection":[{"href":"https:\/\/www.invarena.cz\/index.php?rest_route=\/wp\/v2\/posts"}],"about":[{"href":"https:\/\/www.invarena.cz\/index.php?rest_route=\/wp\/v2\/types\/post"}],"author":[{"embeddable":true,"href":"https:\/\/www.invarena.cz\/index.php?rest_route=\/wp\/v2\/users\/1"}],"replies":[{"embeddable":true,"href":"https:\/\/www.invarena.cz\/index.php?rest_route=%2Fwp%2Fv2%2Fcomments&post=15992"}],"version-history":[{"count":0,"href":"https:\/\/www.invarena.cz\/index.php?rest_route=\/wp\/v2\/posts\/15992\/revisions"}],"wp:featuredmedia":[{"embeddable":true,"href":"https:\/\/www.invarena.cz\/index.php?rest_route=\/wp\/v2\/media\/13767"}],"wp:attachment":[{"href":"https:\/\/www.invarena.cz\/index.php?rest_route=%2Fwp%2Fv2%2Fmedia&parent=15992"}],"wp:term":[{"taxonomy":"category","embeddable":true,"href":"https:\/\/www.invarena.cz\/index.php?rest_route=%2Fwp%2Fv2%2Fcategories&post=15992"},{"taxonomy":"post_tag","embeddable":true,"href":"https:\/\/www.invarena.cz\/index.php?rest_route=%2Fwp%2Fv2%2Ftags&post=15992"}],"curies":[{"name":"wp","href":"https:\/\/api.w.org\/{rel}","templated":true}]}}