{"id":16003,"date":"2014-05-05T23:46:43","date_gmt":"2014-05-05T21:46:43","guid":{"rendered":"http:\/\/www.invarena.cz\/?p=16003"},"modified":"2014-05-05T23:46:43","modified_gmt":"2014-05-05T21:46:43","slug":"stredocesky-kraj-proplati-zdravotnicke-poplatky-za-43-milionu","status":"publish","type":"post","link":"https:\/\/www.invarena.cz\/?p=16003","title":{"rendered":"St\u0159edo\u010desk\u00fd kraj proplat\u00ed zdravotnick\u00e9 poplatky za 43 milion\u016f"},"content":{"rendered":"<p><strong>\u00a0St\u0159edo\u010desk\u00fd kraj proplat\u00ed za rok 2013 ob\u010dan\u016fm, kte\u0159\u00ed o to po\u017e\u00e1dali, poplatky za n\u00e1v\u0161t\u011bvu l\u00e9ka\u0159e a pobyt v nemocnici ve v\u00fd\u0161i 43 milion\u016f korun. O \u010d\u00e1stce a zah\u00e1jen\u00ed vypl\u00e1cen\u00ed za posledn\u00ed lo\u0148sk\u00e9 \u010dtvrtlet\u00ed rozhodli kraj\u0161t\u00ed radn\u00ed.<\/strong><!--more--><\/p>\n<p>Za obdob\u00ed od ledna do z\u00e1\u0159\u00ed u\u017e kraj pacient\u016fm proplatil 19 milion\u016f korun. St\u0159edn\u00ed \u010cechy jsou posledn\u00edm krajem, kter\u00fd je\u0161t\u011b \u00fahradu t\u011bchto poplatk\u016f \u00fapln\u011b nezru\u0161il.<\/p>\n<p>Radn\u00ed dnes schv\u00e1lili proplacen\u00ed poplatk\u016f za lo\u0148sk\u00fd \u0159\u00edjen a\u017e prosinec. Souhlasili s 17.600 \u017e\u00e1dostmi, za n\u011b\u017e kraj zaplat\u00ed 24 milion\u016f korun. &#8222;\u00dahradu zdravotnick\u00fdch poplatk\u016f neberu jen jako automatick\u00e9 pln\u011bn\u00ed p\u0159edvolebn\u00edho slibu, ale p\u0159edev\u0161\u00edm jako pomoc lidem, pro kter\u00e9 tyto poplatky znamenaj\u00ed v\u00fdznamn\u00fd z\u00e1sah do rodinn\u00e9ho rozpo\u010dtu,&#8220; uvedl st\u0159edo\u010desk\u00fd hejtman Josef \u0158ih\u00e1k. Opozi\u010dn\u00ed ODS hrazen\u00ed poplatk\u016f kritizuje.<\/p>\n<p>Letos v lednu zm\u011bnil Krajsk\u00fd \u00fa\u0159ad St\u0159edo\u010desk\u00e9ho kraje podm\u00ednky pro propl\u00e1cen\u00ed regula\u010dn\u00edch poplatk\u016f. Po\u017eadovanou \u010d\u00e1stku \u017eadatel\u016fm zaplat\u00ed pouze za uplynul\u00e9 \u010dtvrtlet\u00ed, proplacen\u00ed star\u0161\u00edho poplatku u\u017e nen\u00ed mo\u017en\u00e9. Nov\u00fd syst\u00e9m m\u00e1 zrychlit schvalov\u00e1n\u00ed \u017e\u00e1dost\u00ed. &#8222;D\u016fvodem t\u00e9to zm\u011bny bylo dosavadn\u00ed p\u0159edkl\u00e1d\u00e1n\u00ed \u017e\u00e1dost\u00ed o proplacen\u00ed poplatk\u016f zp\u011btn\u011b, kdy lid\u00e9 mohli zas\u00edlat sv\u00e9 \u017e\u00e1dosti o \u00fahradu poplatk\u016f z doby a\u017e k 1. srpnu 2010,&#8220; uvedl \u0158ih\u00e1k.<\/p>\n<p>St\u0159edo\u010desk\u00fd kraj propl\u00e1c\u00ed poplatky od roku 2009. O rok pozd\u011bji ale p\u0159e\u0161el na n\u011bkdej\u0161\u00ed plze\u0148sk\u00fd model, kdy pacient poplatek nejd\u0159\u00edve zaplat\u00ed a pot\u00e9 p\u0159\u00edpadn\u011b \u017e\u00e1d\u00e1 o jeho vr\u00e1cen\u00ed. P\u0159edt\u00edm pacienti nic v nemocnic\u00edch platit nemuseli a poplatek byl za n\u011b po \u00fastn\u00ed dohod\u011b automaticky zaplacen. Kraj to st\u00e1lo v\u00fdrazn\u011b v\u00edce &#8211; v roce 2009 p\u0159es 80 milion\u016f korun a za obdob\u00ed leden a\u017e \u010dervenec 2010 dal\u0161\u00edch 46 milion\u016f korun. Nyn\u00ed hejtmanstv\u00ed vynakl\u00e1d\u00e1 za poplatky v\u00fdrazn\u011b m\u00e9n\u011b.<\/p>\n<p>Kraj propl\u00e1c\u00ed stokorunov\u00fd poplatek za den pobytu str\u00e1ven\u00fd na l\u016f\u017eku ve v\u0161ech zdravotnick\u00fdch za\u0159\u00edzen\u00edch na jeho \u00fazem\u00ed a t\u0159icetikorunov\u00fd poplatek za n\u00e1v\u0161t\u011bvu u l\u00e9ka\u0159e. Od 1. ledna je poplatek za den na l\u016f\u017eku zru\u0161en\u00fd, ale poplatky se propl\u00e1cej\u00ed zp\u011btn\u011b, proto o jeho proplacen\u00ed mohli lid\u00e9 je\u0161t\u011b na za\u010d\u00e1tku leto\u0161n\u00edho roku \u017e\u00e1dat. Podm\u00ednkou pro \u017eadatele je tak\u00e9 trval\u00e9 bydli\u0161t\u011b v kraji.<\/p>\n<p>foto: Cohdra MorgueFile<\/p>\n","protected":false},"excerpt":{"rendered":"<div class=\"mh-excerpt\"><p>\u00a0St\u0159edo\u010desk\u00fd kraj proplat\u00ed za rok 2013 ob\u010dan\u016fm, kte\u0159\u00ed o to po\u017e\u00e1dali, poplatky za n\u00e1v\u0161t\u011bvu l\u00e9ka\u0159e a pobyt v nemocnici ve v\u00fd\u0161i 43 milion\u016f korun. O <a class=\"mh-excerpt-more\" href=\"https:\/\/www.invarena.cz\/?p=16003\" title=\"St\u0159edo\u010desk\u00fd kraj proplat\u00ed zdravotnick\u00e9 poplatky za 43 milion\u016f\">[&#8230;]<\/a><\/p>\n<\/div>","protected":false},"author":1,"featured_media":14576,"comment_status":"open","ping_status":"closed","sticky":false,"template":"","format":"standard","meta":{"footnotes":""},"categories":[1],"tags":[],"class_list":["post-16003","post","type-post","status-publish","format-standard","has-post-thumbnail","hentry","category-nezarazene"],"_links":{"self":[{"href":"https:\/\/www.invarena.cz\/index.php?rest_route=\/wp\/v2\/posts\/16003","targetHints":{"allow":["GET"]}}],"collection":[{"href":"https:\/\/www.invarena.cz\/index.php?rest_route=\/wp\/v2\/posts"}],"about":[{"href":"https:\/\/www.invarena.cz\/index.php?rest_route=\/wp\/v2\/types\/post"}],"author":[{"embeddable":true,"href":"https:\/\/www.invarena.cz\/index.php?rest_route=\/wp\/v2\/users\/1"}],"replies":[{"embeddable":true,"href":"https:\/\/www.invarena.cz\/index.php?rest_route=%2Fwp%2Fv2%2Fcomments&post=16003"}],"version-history":[{"count":0,"href":"https:\/\/www.invarena.cz\/index.php?rest_route=\/wp\/v2\/posts\/16003\/revisions"}],"wp:featuredmedia":[{"embeddable":true,"href":"https:\/\/www.invarena.cz\/index.php?rest_route=\/wp\/v2\/media\/14576"}],"wp:attachment":[{"href":"https:\/\/www.invarena.cz\/index.php?rest_route=%2Fwp%2Fv2%2Fmedia&parent=16003"}],"wp:term":[{"taxonomy":"category","embeddable":true,"href":"https:\/\/www.invarena.cz\/index.php?rest_route=%2Fwp%2Fv2%2Fcategories&post=16003"},{"taxonomy":"post_tag","embeddable":true,"href":"https:\/\/www.invarena.cz\/index.php?rest_route=%2Fwp%2Fv2%2Ftags&post=16003"}],"curies":[{"name":"wp","href":"https:\/\/api.w.org\/{rel}","templated":true}]}}