{"id":16007,"date":"2014-05-06T09:12:39","date_gmt":"2014-05-06T07:12:39","guid":{"rendered":"http:\/\/www.invarena.cz\/?p=16007"},"modified":"2014-05-06T09:13:35","modified_gmt":"2014-05-06T07:13:35","slug":"nevidomy-reditel-skoly","status":"publish","type":"post","link":"https:\/\/www.invarena.cz\/?p=16007","title":{"rendered":"Nevidom\u00fd \u0159editel \u0161koly"},"content":{"rendered":"<p><strong>I se zrakov\u00fdm posti\u017een\u00edm m\u016f\u017eete zast\u00e1vat vysok\u00fd a presti\u017en\u00ed pracovn\u00ed post. D\u016fkazem toho je <span class=\"highlight\">nevidom\u00fd<\/span> Ladislav Muro\u0148, jen\u017e u\u017e dlouh\u00e1 l\u00e9ta pracuje jako \u0159editel Z\u00e1kladn\u00ed um\u011bleck\u00e9 \u0161koly ve Fr\u00fddku\u00ad \u00adM\u00edstku, kter\u00e1 letos slav\u00ed p\u011btasedmdes\u00e1t\u00e9 v\u00fdro\u010d\u00ed sv\u00e9ho zalo\u017een\u00ed.<\/strong> <!--more--><\/p>\n<p>&#8222;\u010clov\u011bk, kter\u00fd p\u0159ijde o zrak, najednou spadne do ur\u010dit\u00e9ho \u017eivotn\u00edho traumatu, kter\u00e9 mus\u00ed n\u011bjak\u00fdm zp\u016fsobem zvl\u00e1dnout. Najdou se i takov\u00ed, pro kter\u00e9 nen\u00ed probl\u00e9m vystudovat vysokou \u0161kolu. Velk\u00fdm pomocn\u00edkem je i modern\u00ed technika. Pom\u00e1h\u00e1 mi nejen po\u010d\u00edta\u010d, ale i chytr\u00fd mobil s r\u016fzn\u00fdmi aplikacemi, kter\u00fd um\u00ed mluvit,&#8220; uvedl \u0159editel Ladislav Muro\u0148 s t\u00edm, \u017ee <span class=\"highlight\">nevidom\u00ed<\/span> samoz\u0159ejm\u011b uv\u00edtaj\u00ed jakoukoli pomoc.<\/p>\n<p>&#8222;Je ur\u010dit\u011b p\u011bkn\u00e9, kdy\u017e takzvan\u011b zdrav\u00fd \u010dlov\u011bk pom\u016f\u017ee slepci p\u0159i p\u0159ech\u00e1zen\u00ed silnice. Jsou lid\u00e9, kte\u0159\u00ed se jako <span class=\"highlight\">nevidom\u00ed<\/span> narod\u00ed, dal\u0161\u00ed o zrak t\u0159eba p\u0159ijdou n\u00e1sledkem nemoci nebo \u00farazu. Je t\u011b\u017ek\u00e9 porovnat, jak\u00e1 situace je pro takov\u00e9ho jedince hor\u0161\u00ed. D\u016fle\u017eit\u00e1 je podpora rodiny a r\u016fzn\u00fdch organizac\u00ed,&#8220; pokra\u010doval Ladislav Muro\u0148, kter\u00fd se zm\u00ednil tak\u00e9 o p\u00edsmu pro <span class=\"highlight\">nevidom\u00e9<\/span>.<\/p>\n<p>&#8222;Braillovo p\u00edsmo vyu\u017e\u00edv\u00e1 \u0161esti te\u010dek, pomoc\u00ed nich\u017e se d\u00e1 napsat prakticky cokoli. Mo\u017en\u00e1 to bude pro n\u011bkter\u00e9 novinka, jen\u017ee dok\u00e1\u017ee vyj\u00e1d\u0159it i noty, zlomky a matematick\u00e9 vzorce,&#8220; prozradil Ladislav Muro\u0148, kter\u00fd potvrdil, \u017ee <span class=\"highlight\">nevidom\u00ed<\/span> lid\u00e9 maj\u00ed citliv\u011bj\u0161\u00ed ostatn\u00ed smysly.<\/p>\n<p>&#8222;To zcela ur\u010dit\u011b. Proto\u017ee jsme odk\u00e1z\u00e1ni p\u0159edev\u0161\u00edm na sluch, hmat a \u010dich, jsou vytr\u00e9novan\u011bj\u0161\u00ed. Jeliko\u017e jsem do p\u011btadvaceti let vid\u011bl je\u0161t\u011b pom\u011brn\u011b slu\u0161n\u011b, dovedu si st\u00e1le p\u0159edstavit v\u0161echny barvy. Proto si s\u00e1m dok\u00e1\u017eu sladit oble\u010den\u00ed. Ten, kdo se u\u017e slep\u00fd narodil, tom\u00e1 hor\u0161\u00ed,&#8220; porovn\u00e1val Ladislav Muro\u0148.<\/p>\n<p>Noviny Region Fr\u00fddecko-M\u00edstecko<\/p>\n<table class=\"docHdrTable\">\n<tbody>\n<tr>\n<td>MARTIN \u0160RUBA\u0158<\/td>\n<\/tr>\n<tr>\n<td class=\"docHdrNavesti\"><\/td>\n<td><a href=\"http:\/\/www.vlp.cz\" target=\"_blank\">http:\/\/www.vlp.cz<\/a><\/td>\n<\/tr>\n<\/tbody>\n<\/table>\n","protected":false},"excerpt":{"rendered":"<div class=\"mh-excerpt\"><p>I se zrakov\u00fdm posti\u017een\u00edm m\u016f\u017eete zast\u00e1vat vysok\u00fd a presti\u017en\u00ed pracovn\u00ed post. D\u016fkazem toho je nevidom\u00fd Ladislav Muro\u0148, jen\u017e u\u017e dlouh\u00e1 l\u00e9ta pracuje jako \u0159editel Z\u00e1kladn\u00ed <a class=\"mh-excerpt-more\" href=\"https:\/\/www.invarena.cz\/?p=16007\" title=\"Nevidom\u00fd \u0159editel \u0161koly\">[&#8230;]<\/a><\/p>\n<\/div>","protected":false},"author":1,"featured_media":783,"comment_status":"open","ping_status":"closed","sticky":false,"template":"","format":"standard","meta":{"footnotes":""},"categories":[7],"tags":[],"class_list":["post-16007","post","type-post","status-publish","format-standard","has-post-thumbnail","hentry","category-spolecnost"],"_links":{"self":[{"href":"https:\/\/www.invarena.cz\/index.php?rest_route=\/wp\/v2\/posts\/16007","targetHints":{"allow":["GET"]}}],"collection":[{"href":"https:\/\/www.invarena.cz\/index.php?rest_route=\/wp\/v2\/posts"}],"about":[{"href":"https:\/\/www.invarena.cz\/index.php?rest_route=\/wp\/v2\/types\/post"}],"author":[{"embeddable":true,"href":"https:\/\/www.invarena.cz\/index.php?rest_route=\/wp\/v2\/users\/1"}],"replies":[{"embeddable":true,"href":"https:\/\/www.invarena.cz\/index.php?rest_route=%2Fwp%2Fv2%2Fcomments&post=16007"}],"version-history":[{"count":0,"href":"https:\/\/www.invarena.cz\/index.php?rest_route=\/wp\/v2\/posts\/16007\/revisions"}],"wp:featuredmedia":[{"embeddable":true,"href":"https:\/\/www.invarena.cz\/index.php?rest_route=\/wp\/v2\/media\/783"}],"wp:attachment":[{"href":"https:\/\/www.invarena.cz\/index.php?rest_route=%2Fwp%2Fv2%2Fmedia&parent=16007"}],"wp:term":[{"taxonomy":"category","embeddable":true,"href":"https:\/\/www.invarena.cz\/index.php?rest_route=%2Fwp%2Fv2%2Fcategories&post=16007"},{"taxonomy":"post_tag","embeddable":true,"href":"https:\/\/www.invarena.cz\/index.php?rest_route=%2Fwp%2Fv2%2Ftags&post=16007"}],"curies":[{"name":"wp","href":"https:\/\/api.w.org\/{rel}","templated":true}]}}