{"id":16011,"date":"2014-05-06T00:35:10","date_gmt":"2014-05-05T22:35:10","guid":{"rendered":"http:\/\/www.invarena.cz\/?p=16011"},"modified":"2014-05-06T13:58:11","modified_gmt":"2014-05-06T11:58:11","slug":"16011","status":"publish","type":"post","link":"https:\/\/www.invarena.cz\/?p=16011","title":{"rendered":"Sah\u00e1 na d\u011bti. Policie i radnice jsou na n\u011bj kr\u00e1tc\u00ed"},"content":{"rendered":"<p><strong>Rodi\u010de v Dobroutov\u011b na Jihlavsku se boj\u00ed o sv\u00e9 d\u011bti. M\u00edstn\u00ed tvrd\u00ed, \u017ee jeden z jejich spoluob\u010dan\u016f &#8211; invalidn\u00ed d\u016fchodce &#8211; se k nim nevhodn\u011b chov\u00e1. Ten takov\u00e1 tvrzen\u00ed odm\u00edt\u00e1.<\/strong> <!--more--><\/p>\n<p>A\u017e do p\u0159edlo\u0148sk\u00e9ho dubna si lid\u00e9 v Dobroutov\u011b na Polensku \u017eili b\u011b\u017en\u00fdm vesnick\u00fdm \u017eivotem. Od t\u00e9 doby ale maj\u00ed strach.<\/p>\n<p>Tvrd\u00ed, \u017ee jeden z jejich spoluob\u010dan\u016f, <span class=\"highlight\">invalidn\u00ed<\/span> d\u016fchodce Vladim\u00edr Pejchal, vyhled\u00e1v\u00e1 spole\u010dnost nezletil\u00fdch d\u00edvek, ke kter\u00fdm se nevhodn\u011b chov\u00e1 a obt\u011b\u017euje je v autobuse p\u0159i cest\u011b do \u0161koly. Pokud se pr\u00fd nebude l\u00e9\u010dit pod soustavn\u00fdm odborn\u00fdm l\u00e9ka\u0159sk\u00fdm dohledem, dopadne to \u0161patn\u011b, \u0159\u00edkaj\u00ed o sv\u00e9m spoluob\u010danovi.<\/p>\n<p>Ten mezit\u00edm nezah\u00e1l\u00ed. Posledn\u00ed zhruba dva roky pod\u00e1v\u00e1 nejr\u016fzn\u011bj\u0161\u00ed trestn\u00ed ozn\u00e1men\u00ed i podn\u011bty k pro\u0161et\u0159en\u00ed. Nap\u0159\u00edklad ned\u00e1vno obvinil starostu V\u00e1clava Vavrou\u0161ka z toho, \u017ee ho cht\u011bl sv\u00fdm autem p\u0159ejet.<\/p>\n<p>Jen\u017ee to je jen jedno z des\u00edtek nejr\u016fzn\u011bj\u0161\u00edch ozn\u00e1men\u00ed, kter\u00fdmi zam\u011bstn\u00e1v\u00e1 jak p\u0159estupkovou komisi polensk\u00e9 radnice, policii, tak i t\u0159eba Gener\u00e1ln\u00ed inspekci bezpe\u010dnostn\u00edch sbor\u016f.<\/p>\n<p>Pro\u010d? V\u0161e, zd\u00e1 se, odstartovalo obvin\u011bn\u00ed m\u00edstn\u00edch, \u017ee vyhled\u00e1v\u00e1 spole\u010dnost nezletil\u00fdch d\u00edvek, ke kter\u00fdm se m\u00e1 nevhodn\u011b chovat.<\/p>\n<p>&#8222;N\u011bjak\u00fd chlap jim p\u0159ece nem\u016f\u017ee sahat do vl\u00e1sk\u016f, na nohy, hladit jim ruce, d\u00e1vat pusinky na ou\u0161ko, nebo jim \u0159\u00edkat, jak se kr\u00e1sn\u011b vyv\u00edjej\u00ed, nebo je pl\u00e1cat po zade\u010dku, kdy\u017e nastupuj\u00ed do autobusu a jedou do \u0161koly,&#8220; \u0159\u00edk\u00e1 otev\u0159en\u011b m\u00edstn\u00ed zastupitelka Marie Klubalov\u00e1.<\/p>\n<p>Jen\u017ee Vladim\u00edr Pejchal, kter\u00fd nepracuje a \u017eije z <span class=\"highlight\">invalidn\u00edho<\/span> d\u016fchodu,a jeho\u017e se na\u0159\u010den\u00ed t\u00fdk\u00e1, tato tvrzen\u00ed odm\u00edt\u00e1. &#8222;Nejsem \u017e\u00e1dn\u00fd nebezpe\u010dn\u00fd pedofil. M\u00e1m zni\u010denou pov\u011bst. \u017diju ve\u0159ejn\u011b se \u0161t\u00edtem pedofila na z\u00e1dech. Kdyby byla pravda to, co o m\u011b tvrd\u00ed, tak by to p\u0159ece \u0159e\u0161ila krimin\u00e1lka, jen\u017ee na to nejsou d\u016fkazy. V\u0161ichni si na m\u011b ukazuj\u00ed prstem, ale pravda nikoho nezaj\u00edm\u00e1,&#8220; br\u00e1n\u00ed se. Podle sv\u00fdch slov to vn\u00edm\u00e1 jako \u00fatok ze strany Klubalov\u00e9.<\/p>\n<p>Ta se v\u016f\u010di Pejchalov\u00fdm na\u0159\u010den\u00edm rozhodla br\u00e1nit. &#8222;N\u011bkolikr\u00e1t jsem d\u00e1vala trestn\u00ed ozn\u00e1men\u00ed, proto\u017ee u\u017e to hrani\u010d\u00ed s trestn\u00fdm \u010dinem obt\u011b\u017eov\u00e1n\u00ed, ale bylo mi \u0159e\u010deno, \u017ee toho m\u00e1m m\u00e1lo.&#8220;<\/p>\n<p>Obecn\u00ed zastupitelka je z chov\u00e1n\u00ed sv\u00e9ho souseda ne\u0161\u0165astn\u00e1. Dokonce u\u017e pr\u00fd v rodin\u011b zva\u017eovali, jestli se z Dobroutova nemaj\u00ed kv\u016fli tomu rad\u011bji odst\u011bhovat a m\u00edt zase sv\u016fj d\u0159\u00edv\u011bj\u0161\u00ed klid, kter\u00fd postr\u00e1daj\u00ed.<\/p>\n<p><em>cel\u00fd \u010dl\u00e1nek najdete v dne\u0161n\u00edm vyd\u00e1n\u00ed Jihlavsk\u00e9 listy<\/em><\/p>\n<table class=\"docHdrTable\">\n<tbody>\n<tr>\n<td>David Kratochv\u00edl, Kl\u00e1ra Novick\u00e1<\/td>\n<\/tr>\n<tr>\n<td class=\"docHdrNavesti\"><\/td>\n<td><a href=\"http:\/\/www.jihlavske-listy.cz\" target=\"_blank\">http:\/\/www.jihlavske-listy.cz<\/a><\/td>\n<\/tr>\n<\/tbody>\n<\/table>\n","protected":false},"excerpt":{"rendered":"<div class=\"mh-excerpt\"><p>Rodi\u010de v Dobroutov\u011b na Jihlavsku se boj\u00ed o sv\u00e9 d\u011bti. M\u00edstn\u00ed tvrd\u00ed, \u017ee jeden z jejich spoluob\u010dan\u016f &#8211; invalidn\u00ed d\u016fchodce &#8211; se k nim nevhodn\u011b <a class=\"mh-excerpt-more\" href=\"https:\/\/www.invarena.cz\/?p=16011\" title=\"Sah\u00e1 na d\u011bti. Policie i radnice jsou na n\u011bj kr\u00e1tc\u00ed\">[&#8230;]<\/a><\/p>\n<\/div>","protected":false},"author":1,"featured_media":1401,"comment_status":"open","ping_status":"closed","sticky":false,"template":"","format":"standard","meta":{"footnotes":""},"categories":[7],"tags":[],"class_list":["post-16011","post","type-post","status-publish","format-standard","has-post-thumbnail","hentry","category-spolecnost"],"_links":{"self":[{"href":"https:\/\/www.invarena.cz\/index.php?rest_route=\/wp\/v2\/posts\/16011","targetHints":{"allow":["GET"]}}],"collection":[{"href":"https:\/\/www.invarena.cz\/index.php?rest_route=\/wp\/v2\/posts"}],"about":[{"href":"https:\/\/www.invarena.cz\/index.php?rest_route=\/wp\/v2\/types\/post"}],"author":[{"embeddable":true,"href":"https:\/\/www.invarena.cz\/index.php?rest_route=\/wp\/v2\/users\/1"}],"replies":[{"embeddable":true,"href":"https:\/\/www.invarena.cz\/index.php?rest_route=%2Fwp%2Fv2%2Fcomments&post=16011"}],"version-history":[{"count":0,"href":"https:\/\/www.invarena.cz\/index.php?rest_route=\/wp\/v2\/posts\/16011\/revisions"}],"wp:featuredmedia":[{"embeddable":true,"href":"https:\/\/www.invarena.cz\/index.php?rest_route=\/wp\/v2\/media\/1401"}],"wp:attachment":[{"href":"https:\/\/www.invarena.cz\/index.php?rest_route=%2Fwp%2Fv2%2Fmedia&parent=16011"}],"wp:term":[{"taxonomy":"category","embeddable":true,"href":"https:\/\/www.invarena.cz\/index.php?rest_route=%2Fwp%2Fv2%2Fcategories&post=16011"},{"taxonomy":"post_tag","embeddable":true,"href":"https:\/\/www.invarena.cz\/index.php?rest_route=%2Fwp%2Fv2%2Ftags&post=16011"}],"curies":[{"name":"wp","href":"https:\/\/api.w.org\/{rel}","templated":true}]}}