{"id":16023,"date":"2014-05-06T14:06:12","date_gmt":"2014-05-06T12:06:12","guid":{"rendered":"http:\/\/www.invarena.cz\/?p=16023"},"modified":"2014-05-06T14:06:22","modified_gmt":"2014-05-06T12:06:22","slug":"brnane-si-mohou-nechat-zdarma-vysetrit-znamenka-nadoru-pribyva","status":"publish","type":"post","link":"https:\/\/www.invarena.cz\/?p=16023","title":{"rendered":"Br\u0148an\u00e9 si mohou nechat zdarma vy\u0161et\u0159it znam\u00e9nka"},"content":{"rendered":"<p><strong>Lid\u00e9 v Brn\u011b si v pond\u011bl\u00ed budou moci na dvou m\u00edstech zdarma nechat vy\u0161et\u0159it znam\u00e9nka v r\u00e1mci Evropsk\u00e9ho dne melanomu. V \u010cesku nar\u016fst\u00e1 po\u010det lid\u00ed, kte\u0159\u00ed maj\u00ed ko\u017en\u00ed zhoubn\u00fd n\u00e1dor, informoval dnes novin\u00e1\u0159e Petr Arenberger z Fakultn\u00ed nemocnice Kr\u00e1lovsk\u00e9 Vinohrady.<\/strong> <!--more--><\/p>\n<p>Podle n\u011bj m\u011bli p\u0159ed 40 lety zhoubn\u00fd n\u00e1dor na k\u016f\u017ei t\u0159i lid\u00e9 ze 100.000 obyvatel, te\u010f p\u0159ipad\u00e1 na stejn\u00fd po\u010det obyvatel kolem 20 nemocn\u00fdch.<\/p>\n<p>&#8222;Ve t\u0159ic\u00e1t\u00fdch letech minul\u00e9ho stolet\u00ed byl jeden nemocn\u00fd \u010dlov\u011bk na 100.000 obyvatel, v sedmdes\u00e1t\u00fdch letech to byli lid\u00e9 t\u0159i a nyn\u00ed je to t\u00e9m\u011b\u0159 20. Po\u010d\u00edt\u00e1me, \u017ee za dva roky se po\u010det op\u011bt zv\u00fd\u0161\u00ed, tak\u017ee budeme na osmin\u00e1sobku,&#8220; upozornil Arenberger.<\/p>\n<p>Podle n\u011bj by se lid\u00e9 m\u011bli nechat vy\u0161et\u0159it a nejen ve dnech, kdy to maj\u00ed zdarma. P\u0159i Evropsk\u00e9m dni melanomu si mohou z\u00e1jemci v Brn\u011b nechat v pond\u011bl\u00ed bezplatn\u011b zkontrolovat znam\u00e9nka na dvou m\u00edstech. Od 8:30 do 13:00 v Bake\u0161ov\u011b pavilonu Masarykova onkologick\u00e9ho \u00fastavu (MO\u00da) a od 10:00 do 18:00 na n\u00e1m\u011bst\u00ed Svobody, kde bude Stan proti melanomu.<\/p>\n<p>Stan byl loni krom\u011b Brna v Praze, Ostrav\u011b a Hradci Kr\u00e1lov\u00e9. P\u0159i\u0161lo 4423 lid\u00ed. Ve 128 p\u0159\u00edpadech m\u011bli zhoubn\u00fd n\u00e1dor. Z toho bylo 78 bazaliom\u016f, neboli ko\u017en\u00edch n\u00e1dor\u016f, kter\u00e9 jsou sice zhoubn\u00e9 a rostou, ale pouze ve v\u00fdjime\u010dn\u00fdch p\u0159\u00edpadech metast\u00e1zuj\u00ed a roz\u0161i\u0159uj\u00ed se na jin\u00e1 m\u00edsta v t\u011ble. Dal\u0161\u00edch 19 bylo spinaliom\u016f, kter\u00e9 sice metast\u00e1zuj\u00ed, ale daj\u00ed se vyl\u00e9\u010dit. A 31 lid\u00ed m\u011blo melanom, kter\u00fd je nejz\u00e1ke\u0159n\u011bj\u0161\u00ed, roste nejrychleji a \u0161\u00ed\u0159\u00ed se na jin\u00e1 m\u00edsta v t\u011ble.<\/p>\n<p>&#8222;U melanomu lze \u0159\u00edct, \u017ee pacient nen\u00ed nikdy \u00fapln\u011b vyl\u00e9\u010den\u00fd, proto\u017ee se nemoc m\u016f\u017ee projevit klidn\u011b i za v\u00edce ne\u017e deset let,&#8220; uvedl n\u00e1m\u011bstek pro l\u00e9\u010debn\u011b preventivn\u00ed p\u00e9\u010di MO\u00da Igor Kiss. Dodal, \u017ee lid\u00e9 by se nem\u011bli prohl\u00eddce vyh\u00fdbat. &#8222;Pokud pacient p\u0159ijde brzy, nemoc m\u016f\u017eeme zachytit v\u010das. Pokud ji odhal\u00edme v pozd\u011bj\u0161\u00edm stadiu, m\u016f\u017eeme pouze m\u00edrnit n\u00e1sledky nemoci paliativn\u00ed p\u00e9\u010d\u00ed,&#8220; dodal Kiss.<\/p>\n<p>Lid\u00e9 mohou p\u0159edej\u00edt n\u00e1dor\u016fm na k\u016f\u017ei chr\u00e1n\u011bn\u00edm se p\u0159ed sluncem. &#8222;Lid\u00e9 se r\u00e1di opaluj\u00ed, \u017eeny cht\u011bj\u00ed dob\u0159e vypadat a chod\u00ed do sol\u00e1ria. Ve\u0159ejnost se m\u00e1lo chr\u00e1n\u00ed a potom vznik\u00e1 v\u011bt\u0161\u00ed riziko n\u00e1dor\u016f. Je pot\u0159eba se mazat kr\u00e9my a chr\u00e1nit se oble\u010den\u00edm,&#8220; varoval Arenberger.<\/p>\n","protected":false},"excerpt":{"rendered":"<div class=\"mh-excerpt\"><p>Lid\u00e9 v Brn\u011b si v pond\u011bl\u00ed budou moci na dvou m\u00edstech zdarma nechat vy\u0161et\u0159it znam\u00e9nka v r\u00e1mci Evropsk\u00e9ho dne melanomu. V \u010cesku nar\u016fst\u00e1 po\u010det lid\u00ed, <a class=\"mh-excerpt-more\" href=\"https:\/\/www.invarena.cz\/?p=16023\" title=\"Br\u0148an\u00e9 si mohou nechat zdarma vy\u0161et\u0159it znam\u00e9nka\">[&#8230;]<\/a><\/p>\n<\/div>","protected":false},"author":1,"featured_media":0,"comment_status":"open","ping_status":"closed","sticky":false,"template":"","format":"standard","meta":{"footnotes":""},"categories":[9],"tags":[],"class_list":["post-16023","post","type-post","status-publish","format-standard","hentry","category-zpravy"],"_links":{"self":[{"href":"https:\/\/www.invarena.cz\/index.php?rest_route=\/wp\/v2\/posts\/16023","targetHints":{"allow":["GET"]}}],"collection":[{"href":"https:\/\/www.invarena.cz\/index.php?rest_route=\/wp\/v2\/posts"}],"about":[{"href":"https:\/\/www.invarena.cz\/index.php?rest_route=\/wp\/v2\/types\/post"}],"author":[{"embeddable":true,"href":"https:\/\/www.invarena.cz\/index.php?rest_route=\/wp\/v2\/users\/1"}],"replies":[{"embeddable":true,"href":"https:\/\/www.invarena.cz\/index.php?rest_route=%2Fwp%2Fv2%2Fcomments&post=16023"}],"version-history":[{"count":0,"href":"https:\/\/www.invarena.cz\/index.php?rest_route=\/wp\/v2\/posts\/16023\/revisions"}],"wp:attachment":[{"href":"https:\/\/www.invarena.cz\/index.php?rest_route=%2Fwp%2Fv2%2Fmedia&parent=16023"}],"wp:term":[{"taxonomy":"category","embeddable":true,"href":"https:\/\/www.invarena.cz\/index.php?rest_route=%2Fwp%2Fv2%2Fcategories&post=16023"},{"taxonomy":"post_tag","embeddable":true,"href":"https:\/\/www.invarena.cz\/index.php?rest_route=%2Fwp%2Fv2%2Ftags&post=16023"}],"curies":[{"name":"wp","href":"https:\/\/api.w.org\/{rel}","templated":true}]}}