{"id":16035,"date":"2014-05-07T07:37:30","date_gmt":"2014-05-07T05:37:30","guid":{"rendered":"http:\/\/www.invarena.cz\/?p=16035"},"modified":"2014-10-17T22:35:32","modified_gmt":"2014-10-17T20:35:32","slug":"zvitezil-projekt-ktery-seniorum-dovoli-zustat-doma","status":"publish","type":"post","link":"https:\/\/www.invarena.cz\/?p=16035","title":{"rendered":"Zv\u00edt\u011bzil projekt, kter\u00fd senior\u016fm dovol\u00ed z\u016fstat doma"},"content":{"rendered":"<p><strong>Senio\u0159i, kte\u0159\u00ed pot\u0159ebuj\u00ed <span class=\"highlight\">zdravotn\u00ed<\/span>, pe\u010dovatelskou nebo hospicovou p\u00e9\u010di, se nemusej\u00ed st\u011bhovat do speci\u00e1ln\u00edch za\u0159\u00edzen\u00ed, ale pe\u010dovatel\u00e9 budou jezdit za nimi dom\u016f. Tenhle projekt v\u010dera zv\u00edt\u011bzil v sout\u011b\u017ei mlad\u00fdch podnikatel\u016f Plze\u0148sk\u00e9ho kraje.<\/strong> <!--more--><\/p>\n<p>Kdy\u017e se o mne bude starat pe\u010dovatelka ze sousedstv\u00ed nebo z vedlej\u0161\u00ed vesnice, nebudu muset na star\u00e1 kolena do domova pro seniory a m\u016f\u017eu z\u016fstat ve sv\u00e9m domov\u011b? Ciz\u00edho bych si do domu nepustila, ale kdy\u017e bude odvedle, tomu bych mohla v\u011b\u0159it.<\/p>\n<p>Tyhle dv\u011b odpov\u011bdi z pr\u016fzkumu mezi seniory p\u0159im\u011bly vypracovat 21letou Moniku Buckovou z Tlu\u010dn\u00e9 projekt zahrnuj\u00edc\u00ed dom\u00e1c\u00ed <span class=\"highlight\">zdravotn\u00ed<\/span> p\u00e9\u010di, dom\u00e1c\u00ed pe\u010dovatelskou slu\u017ebu a dom\u00e1c\u00ed hospicovou p\u00e9\u010di pro Rokycansko. &#8222;Tento region nen\u00ed tak velk\u00fd, a jak jsem zjistila, t\u011bmito slu\u017ebami je nepol\u00edben\u00fd. Proto chci projekt Florance \u2013 Doma je doma rozjet o pr\u00e1zdnin\u00e1ch pr\u00e1v\u011b na Rokycansku. Pokud se v\u0161e poda\u0159\u00ed, pokra\u010dovat bych cht\u011bla na Tachovsku, kter\u00e9 je na tom podobn\u011b,&#8220; \u0159\u00edk\u00e1<\/p>\n<p>Monika Buckov\u00e1. Jej\u00ed vize m\u00e1 za sebou prvn\u00ed velk\u00fd \u00fasp\u011bch. V\u010dera s projektem zv\u00edt\u011bzila v krajsk\u00e9m kole sout\u011b\u017ee za\u010d\u00ednaj\u00edc\u00edch podnikatel\u016f Rozjezdy roku.<\/p>\n<p>Monika Buckov\u00e1 vystudovala na st\u0159edn\u00ed \u0161kole soci\u00e1ln\u00ed pr\u00e1ci, te\u010f d\u00e1lkov\u011b studuje speci\u00e1ln\u00ed pedagogiku.<\/p>\n<p>&#8222;Stala jsem se dobrovoln\u00edkem, kter\u00fd chodil do pobytov\u00fdch za\u0159\u00edzen\u00ed pro seniory, a hodn\u011b jsem tam s nimi mluvila. To byl prvn\u00ed impuls. Dal\u0161\u00edm bylo zji\u0161t\u011bn\u00ed, \u017ee devades\u00e1t procent lid\u00ed v t\u011bchto za\u0159\u00edzen\u00edch v nich b\u00fdt nechce, proto\u017ee jsou takzvan\u011b vyko\u0159en\u011bn\u00ed \u2013 najednou nejsou doma, ale v ciz\u00edm prost\u0159ed\u00ed, chyb\u00ed jim tam v\u00e1zi\u010dky nebo de\u010dky, se kter\u00fdmi maj\u00ed spojen\u00e9 pro\u017eitky ze sv\u00e9ho \u017eivota. J\u00e1 chci uk\u00e1zat, \u017ee to jde i jinak. Kdy\u017e si babi\u010dka chod\u00edc\u00ed o h\u016flce nedok\u00e1\u017ee sama um\u00fdt okna nebo nedojde do obchodu pro n\u00e1kup, nen\u00ed to p\u0159ece d\u016fvod, aby ode\u0161la ze sv\u00e9ho domova,&#8220; d\u00e1v\u00e1 nahl\u00e9dnout do sv\u00fdch z\u00e1m\u011br\u016f Monika Buckov\u00e1. Krom\u011b senior\u016f cht\u011bj\u00ed pom\u00e1hat i mlad\u0161\u00edm lidem t\u0159eba po t\u011b\u017ek\u00fdch \u00farazech, kte\u0159\u00ed jsou sami doma a nedok\u00e1\u017e\u00ed si v\u0161e obstarat.<\/p>\n<p>Na Rokycansku m\u00e1 domluven\u00e9 \u010dty\u0159i spolupracovn\u00edky, se kter\u00fdmi chce v l\u00e9t\u011b projekt rozjet. Buckov\u00e1 chce vyjedn\u00e1vat s poji\u0161\u0165ovnami o p\u0159\u00edsp\u011bvc\u00edch na <span class=\"highlight\">zdravotn\u00ed<\/span> p\u00e9\u010di, stejn\u011b tak senio\u0159i mohou z\u00edskat st\u00e1tn\u00ed p\u0159\u00edsp\u011bvek na soci\u00e1ln\u00ed slu\u017eby, i kdy\u017e jim je budou vy\u0161kolen\u00ed pracovn\u00edci poskytovat doma. Podobn\u00e9 pe\u010dovatelsk\u00e9 slu\u017eby funguj\u00ed i v Plzni a dal\u0161\u00edch v\u011bt\u0161\u00edch m\u011bstech kraje.<\/p>\n<p>Podle Moniky Buckov\u00e9 by tenhle projekt ale mohl pomoci i \u017een\u00e1m na mate\u0159sk\u00e9 dovolen\u00e9 nebo pades\u00e1tnic\u00edm a star\u0161\u00edm, kter\u00e9 t\u011b\u017eko hledaj\u00ed pr\u00e1ci. Pr\u00e1v\u011b ony by mohly absolvovat dvoum\u011bs\u00ed\u010dn\u00ed rekvalifika\u010dn\u00ed kurz zaji\u0161tovan\u00fd \u00fa\u0159ady pr\u00e1ce a pak by se mohli starat o t\u0159i a\u017e p\u011bt klient\u016f. &#8222;Jedn\u00edm z \u00faskal\u00ed, kter\u00e9 mi z pr\u016fzkumu vy\u0161lo, je, \u017ee se senio\u0159i boj\u00ed pustit k sob\u011b do domu nezn\u00e1m\u00e9 lidi. Kdy\u017e jsem se ptala u n\u00e1s v Tlu\u010dn\u00e9, pan\u00ed mi tam \u0159ekla: Kdyby to byl n\u011bkdo odsud nebo z vedlej\u0161\u00ed vesnice, koho zn\u00e1m, toho si dom\u016f pust\u00edm bez probl\u00e9m\u016f,&#8220; je dal\u0161\u00ed argument.<\/p>\n<p>Sout\u011b\u017e Rozjezdy roku je ur\u010den\u00e1 pro za\u010d\u00ednaj\u00edc\u00ed podnikatele, kte\u0159\u00ed nepodnikaj\u00ed d\u00e9le ne\u017e 12 m\u011bs\u00edc\u016f nebo se ke startu chystaj\u00ed. Letos je jej\u00ed \u010dtvrt\u00fd ro\u010dn\u00edk. Sout\u011b\u017e\u00ed u\u017e pro\u0161lo v\u00edce ne\u017e tis\u00edc podnikatel\u016f.<\/p>\n<p><a href=\"http:\/\/www.idnes.cz\">Mlad\u00e1 fronta DNES \u00a0 http:\/\/www.idnes.cz<\/a><\/p>\n<p>foto: PhotoRack<\/p>\n","protected":false},"excerpt":{"rendered":"<div class=\"mh-excerpt\"><p>Senio\u0159i, kte\u0159\u00ed pot\u0159ebuj\u00ed zdravotn\u00ed, pe\u010dovatelskou nebo hospicovou p\u00e9\u010di, se nemusej\u00ed st\u011bhovat do speci\u00e1ln\u00edch za\u0159\u00edzen\u00ed, ale pe\u010dovatel\u00e9 budou jezdit za nimi dom\u016f. Tenhle projekt v\u010dera zv\u00edt\u011bzil <a class=\"mh-excerpt-more\" href=\"https:\/\/www.invarena.cz\/?p=16035\" title=\"Zv\u00edt\u011bzil projekt, kter\u00fd senior\u016fm dovol\u00ed z\u016fstat doma\">[&#8230;]<\/a><\/p>\n<\/div>","protected":false},"author":1,"featured_media":14573,"comment_status":"open","ping_status":"closed","sticky":false,"template":"","format":"standard","meta":{"footnotes":""},"categories":[7],"tags":[],"class_list":["post-16035","post","type-post","status-publish","format-standard","has-post-thumbnail","hentry","category-spolecnost"],"_links":{"self":[{"href":"https:\/\/www.invarena.cz\/index.php?rest_route=\/wp\/v2\/posts\/16035","targetHints":{"allow":["GET"]}}],"collection":[{"href":"https:\/\/www.invarena.cz\/index.php?rest_route=\/wp\/v2\/posts"}],"about":[{"href":"https:\/\/www.invarena.cz\/index.php?rest_route=\/wp\/v2\/types\/post"}],"author":[{"embeddable":true,"href":"https:\/\/www.invarena.cz\/index.php?rest_route=\/wp\/v2\/users\/1"}],"replies":[{"embeddable":true,"href":"https:\/\/www.invarena.cz\/index.php?rest_route=%2Fwp%2Fv2%2Fcomments&post=16035"}],"version-history":[{"count":0,"href":"https:\/\/www.invarena.cz\/index.php?rest_route=\/wp\/v2\/posts\/16035\/revisions"}],"wp:featuredmedia":[{"embeddable":true,"href":"https:\/\/www.invarena.cz\/index.php?rest_route=\/wp\/v2\/media\/14573"}],"wp:attachment":[{"href":"https:\/\/www.invarena.cz\/index.php?rest_route=%2Fwp%2Fv2%2Fmedia&parent=16035"}],"wp:term":[{"taxonomy":"category","embeddable":true,"href":"https:\/\/www.invarena.cz\/index.php?rest_route=%2Fwp%2Fv2%2Fcategories&post=16035"},{"taxonomy":"post_tag","embeddable":true,"href":"https:\/\/www.invarena.cz\/index.php?rest_route=%2Fwp%2Fv2%2Ftags&post=16035"}],"curies":[{"name":"wp","href":"https:\/\/api.w.org\/{rel}","templated":true}]}}