{"id":16052,"date":"2014-05-09T10:37:47","date_gmt":"2014-05-09T08:37:47","guid":{"rendered":"http:\/\/www.invarena.cz\/?p=16052"},"modified":"2014-05-09T11:40:09","modified_gmt":"2014-05-09T09:40:09","slug":"postizeni-vyrabeji-svaciny-pro-deti","status":"publish","type":"post","link":"https:\/\/www.invarena.cz\/?p=16052","title":{"rendered":"Posti\u017een\u00ed vyr\u00e1b\u011bj\u00ed sva\u010diny pro d\u011bti"},"content":{"rendered":"<p><strong>S origin\u00e1ln\u00edm n\u00e1padem, jak zapojit <span class=\"highlight\">posti\u017een\u00e9<\/span> lidi do spole\u010dnosti, p\u0159i\u0161la neziskov\u00e1 organizace z Hradce Kr\u00e1lov\u00e9. Handicapovan\u00ed lid\u00e9 tam vyr\u00e1b\u011bj\u00ed housky, bagety a jogurty a rozn\u00e1\u0161ej\u00ed je p\u0159\u00edmo do \u0161kol.<\/strong><!--more--><\/p>\n<p><em><strong>report\u00e1\u017e TV Barrandov\u00a0<\/strong><\/em><\/p>\n<p>D\u011btem mohou sva\u010dinu objednat rodi\u010de p\u0159es internet, nebo si je \u017e\u00e1ci vyberou sami ve \u0161kole. Projekt je velmi obl\u00edben\u00fd mezi d\u011btmi.<\/p>\n<p>P\u011btat\u0159icetilet\u00e9mu Luk\u00e1\u0161ovi se splnil sen. M\u00e1 zodpov\u011bdnou pr\u00e1ci a vyd\u011bl\u00e1v\u00e1 vlastn\u00ed pen\u00edze. Ka\u017ed\u00e9 r\u00e1no v osm hodin nalo\u017e\u00ed na voz\u00edk p\u0159ipraven\u00e9 sva\u010diny a veze je do z\u00e1kladn\u00ed \u0161koly o n\u011bkolik ulic d\u00e1l. Na tuto pr\u00e1ci se n\u011bkolik let p\u0159ipravoval. Te\u010f j\u00ed zvl\u00e1d\u00e1 naprosto bravurn\u011b.<\/p>\n<p>A d\u011btem chutn\u00e1. Housky se \u0161unkou, s\u00fdrem a zeleninou jdou o p\u0159est\u00e1vce v Z\u00e1kladn\u00ed \u0161kole Go\u010d\u00e1rova v Hradci Kr\u00e1lov\u00e9 na dra\u010dku.<\/p>\n<p>Monika KALINOV\u00c1, u\u010ditelka Z\u0160 Go\u010d\u00e1rova; Hradec Kr\u00e1lov\u00e9:<br \/>\nKdy\u017e tady vid\u00edme, jak si kupuj\u00ed su\u0161enky, bagety z automat\u016f a prost\u011b se zdravou v\u00fd\u017eivou to nem\u00e1 co spole\u010dn\u00e9ho, tak jsem byli stra\u0161n\u011b r\u00e1di za tuhle tu nab\u00eddku.<\/p>\n<p>Obecn\u011b prosp\u011b\u0161n\u00e1 spole\u010dnost Skok do \u017eivota si p\u0159ed n\u011bkolika lety dala za c\u00edl umo\u017enit handicapovan\u00fdm \u017e\u00edt norm\u00e1ln\u00edm \u017eivotem, samostatn\u011b bydlet a pracovat. Zalo\u017eila prvn\u00ed chr\u00e1n\u011bnou d\u00edlnu. Rozn\u00e1\u0161ky sva\u010din jsou ale n\u011bco jin\u00e9ho, <span class=\"highlight\">posti\u017een\u00fdm<\/span> lidem umo\u017e\u0148uj\u00ed b\u00fdt sou\u010d\u00e1st\u00ed spole\u010dnosti. Je\u0161t\u011b p\u0159ed n\u00e1padem rozv\u00e1\u017eet sva\u010diny do \u0161kol vzniklo toto Bistro u dvou p\u0159\u00e1tel, kter\u00e9 nejen \u017ee d\u00e1v\u00e1 pr\u00e1ci lidem s ment\u00e1ln\u00edm posti\u017een\u00edm v Hradci Kr\u00e1lov\u00e9, ale z\u00e1rove\u0148 tak\u00e9 nab\u00edz\u00ed zdrav\u00e9 ob\u010derstven\u00ed nap\u0159\u00edklad pro \u00fa\u0159edn\u00edky p\u0159ilehl\u00e9ho krajsk\u00e9ho \u00fa\u0159adu.<\/p>\n<p>Kate\u0159ina DR\u00c1BKOV\u00c1 B\u00cdBUSOV\u00c1, \u0159editelka organizace Skok do \u017eivota:<br \/>\nT\u00edm, \u017ee jsem zam\u011bstnali prvn\u00edch patn\u00e1ct lid\u00ed, tak vlastn\u011b dnes m\u016f\u017eu \u0159\u00edct, \u017ee v\u0161ech patn\u00e1ct se v sou\u010dasn\u00fd dob\u011b p\u0159ipravuje, nebo n\u011bkte\u0159\u00ed u\u017e bydl\u00ed jakoby sami, \u017ee t\u00edm, \u017ee si za\u010dali vyd\u011bl\u00e1vat vlastn\u011b, jim toto sebev\u011bdom\u00ed natolik stouplo, \u017ee se opravdu od t\u011bch rodi\u010d\u016f odtrhli.<\/p>\n<p>Krom\u011b chyst\u00e1n\u00ed a rozn\u00e1\u0161ky sva\u010din u\u017e jsou v pl\u00e1nu dal\u0161\u00ed projekty, kter\u00e9 si sami handicapovan\u00ed p\u0159ej\u00ed, nap\u0159\u00edklad pr\u00e1ce na farm\u011b.<\/p>\n<p>TV Barrandov<\/p>\n","protected":false},"excerpt":{"rendered":"<div class=\"mh-excerpt\"><p>S origin\u00e1ln\u00edm n\u00e1padem, jak zapojit posti\u017een\u00e9 lidi do spole\u010dnosti, p\u0159i\u0161la neziskov\u00e1 organizace z Hradce Kr\u00e1lov\u00e9. Handicapovan\u00ed lid\u00e9 tam vyr\u00e1b\u011bj\u00ed housky, bagety a jogurty a rozn\u00e1\u0161ej\u00ed <a class=\"mh-excerpt-more\" href=\"https:\/\/www.invarena.cz\/?p=16052\" title=\"Posti\u017een\u00ed vyr\u00e1b\u011bj\u00ed sva\u010diny pro d\u011bti\">[&#8230;]<\/a><\/p>\n<\/div>","protected":false},"author":1,"featured_media":6331,"comment_status":"open","ping_status":"closed","sticky":false,"template":"","format":"standard","meta":{"footnotes":""},"categories":[7],"tags":[],"class_list":["post-16052","post","type-post","status-publish","format-standard","has-post-thumbnail","hentry","category-spolecnost"],"_links":{"self":[{"href":"https:\/\/www.invarena.cz\/index.php?rest_route=\/wp\/v2\/posts\/16052","targetHints":{"allow":["GET"]}}],"collection":[{"href":"https:\/\/www.invarena.cz\/index.php?rest_route=\/wp\/v2\/posts"}],"about":[{"href":"https:\/\/www.invarena.cz\/index.php?rest_route=\/wp\/v2\/types\/post"}],"author":[{"embeddable":true,"href":"https:\/\/www.invarena.cz\/index.php?rest_route=\/wp\/v2\/users\/1"}],"replies":[{"embeddable":true,"href":"https:\/\/www.invarena.cz\/index.php?rest_route=%2Fwp%2Fv2%2Fcomments&post=16052"}],"version-history":[{"count":0,"href":"https:\/\/www.invarena.cz\/index.php?rest_route=\/wp\/v2\/posts\/16052\/revisions"}],"wp:featuredmedia":[{"embeddable":true,"href":"https:\/\/www.invarena.cz\/index.php?rest_route=\/wp\/v2\/media\/6331"}],"wp:attachment":[{"href":"https:\/\/www.invarena.cz\/index.php?rest_route=%2Fwp%2Fv2%2Fmedia&parent=16052"}],"wp:term":[{"taxonomy":"category","embeddable":true,"href":"https:\/\/www.invarena.cz\/index.php?rest_route=%2Fwp%2Fv2%2Fcategories&post=16052"},{"taxonomy":"post_tag","embeddable":true,"href":"https:\/\/www.invarena.cz\/index.php?rest_route=%2Fwp%2Fv2%2Ftags&post=16052"}],"curies":[{"name":"wp","href":"https:\/\/api.w.org\/{rel}","templated":true}]}}