{"id":16094,"date":"2014-05-13T02:59:41","date_gmt":"2014-05-13T00:59:41","guid":{"rendered":"http:\/\/www.invarena.cz\/?p=16094"},"modified":"2014-05-13T12:01:01","modified_gmt":"2014-05-13T10:01:01","slug":"den-proti-rakovine-se-zameri-na-rakovinu-plic","status":"publish","type":"post","link":"https:\/\/www.invarena.cz\/?p=16094","title":{"rendered":"Den proti rakovin\u011b se zam\u011b\u0159\u00ed na rakovinu plic"},"content":{"rendered":"<p><strong>Prevence plicn\u00ed rakoviny a v\u00fdchova k neku\u0159\u00e1ctv\u00ed jsou t\u00e9matem leto\u0161n\u00edho \u010cesk\u00e9ho dne proti rakovin\u011b. Po cel\u00e9m \u010cesku budou tuto st\u0159edu dobrovoln\u00edci nab\u00edzet \u017elut\u00e9 kv\u00edtky s tyrkysovou stu\u017ekou za 20 korun.<\/strong> <!--more--><\/p>\n<p>Na V\u00e1clavsk\u00e9m n\u00e1m\u011bst\u00ed bude \u017elut\u00fd &#8222;osv\u011btov\u00fd&#8220; stan. Celon\u00e1rodn\u00ed ve\u0159ejnou sb\u00edrku po\u0159\u00e1d\u00e1 Liga proti rakovin\u011b. Upozorn\u00ed na to, \u017ee rakoviny plic v \u010cR p\u0159ib\u00fdv\u00e1 o 1,5 procenta ro\u010dn\u011b, p\u0159\u00ed\u010dinou je kou\u0159en\u00ed.<\/p>\n<p>&#8222;Rostouc\u00ed v\u00fdskyt n\u00e1dor\u016f plic a pr\u016fdu\u0161ek se t\u00fdk\u00e1 v\u00fdhradn\u011b \u017een, zat\u00edmco u mu\u017e\u016f je m\u00edrn\u00fd pokles. Hlavn\u00edm rizikov\u00fdm faktorem je aktivn\u00ed i pravideln\u00e9 pasivn\u00ed kou\u0159en\u00ed,&#8220; \u0159ekla p\u0159edsedkyn\u011b Ligy proti rakovin\u011b Michaela Fridrichov\u00e1. Zd\u016fraznila, \u017ee kou\u0159en\u00ed je rozhodnut\u00edm ka\u017ed\u00e9ho \u010dlov\u011bka, prevenci tak m\u00e1 ka\u017ed\u00fd do zna\u010dn\u00e9 m\u00edry ve sv\u00fdch rukou.<\/p>\n<p>Podle \u0159editelky \u010desk\u00e9 kancel\u00e1\u0159e Sv\u011btov\u00e9 zdravotnick\u00e9 organizace (WHO) Aleny \u0160teflov\u00e9 je varuj\u00edc\u00ed zejm\u00e9na ku\u0159\u00e1ctv\u00ed d\u011bt\u00ed. &#8222;\u010cesk\u00e9 t\u0159in\u00e1ctilet\u00e9 d\u011bti jsou podle studie WHO z pohledu kou\u0159en\u00ed druh\u00e9 nejhor\u0161\u00ed v Evrop\u011b &#8211; jednou t\u00fddn\u011b kou\u0159\u00ed deset procent d\u00edvek a dev\u011bt procent chlapc\u016f, v 15 letech kou\u0159\u00ed 28 procent d\u00edvek a 22 procent chlapc\u016f,&#8220; uvedla.<\/p>\n<p>Fridrichov\u00e1 doplnila, \u017ee kou\u0159en\u00ed v mlad\u00e9m v\u011bku se prom\u00edtne do statistik za 30 let. Proto je podle n\u00ed nebezpe\u010dn\u00e9 nechat te\u010f kou\u0159it d\u011bti a mlad\u00e9 lidi a je tak\u00e9 nebezpe\u010dn\u00e9 nechat je kou\u0159it cigarety, kter\u00e9 jsou navon\u011bn\u00e9, obsahuj\u00ed p\u0159\u00edchuti.<\/p>\n<p>Nap\u0159\u00edklad mentol zmraz\u00ed nervov\u00e1 zakon\u010den\u00ed a dovoluje inhalovat kou\u0159 hluboko. &#8222;T\u00edmto zp\u016fsobem si tab\u00e1kov\u00fd pr\u016fmysl vyr\u00e1b\u00ed budouc\u00ed z\u00e1kazn\u00edky, a my m\u00e1me budouc\u00ed z\u00e1kazn\u00edky pro onkologii,&#8220; shrnula Fridrichov\u00e1, kter\u00e1 p\u016fsob\u00ed jako onkolo\u017eka v Nemocnici na Bulovce.<\/p>\n<p>Liga dlouhodob\u011b podporuje preventivn\u00ed protiku\u0159\u00e1ck\u00fd projekt v mate\u0159sk\u00fdch \u0161kol\u00e1ch J\u00e1 kou\u0159it nebudu a v\u00edm pro\u010d a program v z\u00e1kladn\u00edch \u0161kol\u00e1ch Norm\u00e1ln\u00ed je nekou\u0159it.<\/p>\n<p>Vedle kv\u011btnov\u00e9ho \u010cesk\u00e9ho dne proti rakovin\u011b po\u0159\u00e1d\u00e1 Liga v\u017edy v z\u00e1\u0159\u00ed a \u0159\u00edjnu putovn\u00ed v\u00fdstavu Ka\u017ed\u00fd sv\u00e9ho zdrav\u00ed str\u016fjcem. Provozuje n\u00e1dorovou telefonn\u00ed linku 224 920 935 v pracovn\u00edch dnech od 09:00 do 16:00, vyd\u00e1v\u00e1 informa\u010dn\u00ed publikace, podporuje a organizuje rekondi\u010dn\u00ed pobyty pro onkologicky nemocn\u00e9 a p\u0159isp\u00edv\u00e1 na hospicovou p\u00e9\u010di. V\u00edce na <a href=\"http:\/\/www.lpr.cz\" target=\"_blank\">www.lpr.cz<\/a>.<\/p>\n","protected":false},"excerpt":{"rendered":"<div class=\"mh-excerpt\"><p>Prevence plicn\u00ed rakoviny a v\u00fdchova k neku\u0159\u00e1ctv\u00ed jsou t\u00e9matem leto\u0161n\u00edho \u010cesk\u00e9ho dne proti rakovin\u011b. Po cel\u00e9m \u010cesku budou tuto st\u0159edu dobrovoln\u00edci nab\u00edzet \u017elut\u00e9 kv\u00edtky s <a class=\"mh-excerpt-more\" href=\"https:\/\/www.invarena.cz\/?p=16094\" title=\"Den proti rakovin\u011b se zam\u011b\u0159\u00ed na rakovinu plic\">[&#8230;]<\/a><\/p>\n<\/div>","protected":false},"author":1,"featured_media":16095,"comment_status":"open","ping_status":"closed","sticky":false,"template":"","format":"standard","meta":{"footnotes":""},"categories":[7],"tags":[],"class_list":["post-16094","post","type-post","status-publish","format-standard","has-post-thumbnail","hentry","category-spolecnost"],"_links":{"self":[{"href":"https:\/\/www.invarena.cz\/index.php?rest_route=\/wp\/v2\/posts\/16094","targetHints":{"allow":["GET"]}}],"collection":[{"href":"https:\/\/www.invarena.cz\/index.php?rest_route=\/wp\/v2\/posts"}],"about":[{"href":"https:\/\/www.invarena.cz\/index.php?rest_route=\/wp\/v2\/types\/post"}],"author":[{"embeddable":true,"href":"https:\/\/www.invarena.cz\/index.php?rest_route=\/wp\/v2\/users\/1"}],"replies":[{"embeddable":true,"href":"https:\/\/www.invarena.cz\/index.php?rest_route=%2Fwp%2Fv2%2Fcomments&post=16094"}],"version-history":[{"count":0,"href":"https:\/\/www.invarena.cz\/index.php?rest_route=\/wp\/v2\/posts\/16094\/revisions"}],"wp:featuredmedia":[{"embeddable":true,"href":"https:\/\/www.invarena.cz\/index.php?rest_route=\/wp\/v2\/media\/16095"}],"wp:attachment":[{"href":"https:\/\/www.invarena.cz\/index.php?rest_route=%2Fwp%2Fv2%2Fmedia&parent=16094"}],"wp:term":[{"taxonomy":"category","embeddable":true,"href":"https:\/\/www.invarena.cz\/index.php?rest_route=%2Fwp%2Fv2%2Fcategories&post=16094"},{"taxonomy":"post_tag","embeddable":true,"href":"https:\/\/www.invarena.cz\/index.php?rest_route=%2Fwp%2Fv2%2Ftags&post=16094"}],"curies":[{"name":"wp","href":"https:\/\/api.w.org\/{rel}","templated":true}]}}