{"id":16108,"date":"2014-05-13T11:54:02","date_gmt":"2014-05-13T09:54:02","guid":{"rendered":"http:\/\/www.invarena.cz\/?p=16108"},"modified":"2014-05-13T13:33:57","modified_gmt":"2014-05-13T11:33:57","slug":"jednani-ministru-ve-sluknovskem-vybezku","status":"publish","type":"post","link":"https:\/\/www.invarena.cz\/?p=16108","title":{"rendered":"Marksov\u00e1 si chce posv\u00edtit na soci\u00e1ln\u00ed bydlen\u00ed"},"content":{"rendered":"<p><strong>A\u010dkoli exministr Dr\u00e1bek hovo\u0159il o nutnosti \u00faspor, objem soci\u00e1ln\u00edch d\u00e1vek se mezit\u00edm ztrojn\u00e1sobil hlavn\u011b d\u00edky p\u0159edra\u017een\u00fdm n\u00e1jm\u016fm v soci\u00e1ln\u00edch ubytovn\u00e1ch. Ministrn\u011b Michaela Marksov\u00e1 to po n\u00e1v\u0161t\u011bv\u011b \u0160luknovks\u00e9ho v\u00fdb\u011b\u017eku chce zm\u011bnit. Radio\u017eurn\u00e1lu prozradila jak.<\/strong> <!--more--><\/p>\n<p>&nbsp;<\/p>\n<p>Probl\u00e9my soci\u00e1ln\u011b vylou\u010den\u00fdch lokalit p\u0159ijeli do \u0160luknovsk\u00e9ho v\u00fdb\u011b\u017eku \u0159e\u0161it z\u00e1stupci vl\u00e1dy.<\/p>\n<p>Minist\u0159i vnitra a pro n\u00e1rodnostn\u00ed men\u0161iny Milan Chovanec a Ji\u0159\u00ed Dienstbier a tak\u00e9 ministryn\u011b pr\u00e1ce Michaela Marksov\u00e1 reaguj\u00ed na st\u00ed\u017enosti 18 starost\u016f. T\u011bm se nel\u00edb\u00ed, \u017ee jim st\u00e1t napom\u00e1h\u00e1 \u0159e\u0161it probl\u00e9my v regionu, hlavn\u011b ot\u00e1zku soci\u00e1ln\u00edho bydlen\u00ed.<\/p>\n<p>Radio\u017eurn\u00e1l po telefonu hovo\u0159il s ministryni pr\u00e1ci a soci\u00e1ln\u00edch v\u011bci Michaelu Marksovou.<\/p>\n<p>&nbsp;<\/p>\n<p><strong>Pov\u011bzte, s \u010d\u00edm jste tedy p\u0159ijeli do \u0160luknovsk\u00e9ho v\u00fdb\u011b\u017eku?<\/strong><\/p>\n<p>Michaela MARKSOV\u00c1 TOMINOV\u00c1, ministryn\u011b pr\u00e1ce a soci\u00e1ln\u00edch v\u011bc\u00ed \/\u010cSSD\/:<br \/>\nTak p\u0159edev\u0161\u00edm jsme p\u0159ijeli se pod\u00edvat na realitu \u0160luknova a \u0160luknovsk\u00e9ho v\u00fdb\u011b\u017eku. A tak\u00e9 jsme p\u0159ijeli zah\u00e1jit za na\u0161i vl\u00e1du dialog s starosty a z\u00e1rove\u0148 jim \u0159\u00edct o tom, kter\u00e1 \u0159e\u0161en\u00ed, po kter\u00fdch oni volaj\u00ed, u\u017e chyst\u00e1me, v jak\u00e9m st\u00e1diu toho legislativn\u00edho procesu jsou.<\/p>\n<p><strong>My jsme v poledne mluvili s p\u0159edsedou Sdru\u017een\u00ed pro rozvoj \u0160luknovska, se starostou Ji\u0159et\u00edna pod Jedlovou Josefem Zoserem, podle n\u011bj zat\u00edm vl\u00e1da p\u0159istupovala k \u0159e\u0161en\u00ed liknav\u011b. Jak byste to cht\u011bli zm\u011bnit?<\/strong><\/p>\n<p>Tak p\u0159edev\u0161\u00edm nep\u0159istupovat k \u0159e\u0161en\u00ed liknav\u011b, ale skute\u010dn\u011b se domn\u00edv\u00e1m, \u017ee ta problematika, nejen \u0160luknovsk\u00e9ho v\u00fdb\u011b\u017eku, ale i t\u011bch dal\u0161\u00edch, zejm\u00e9na p\u0159\u00edhrani\u010dn\u00edch oblast\u00ed, je z\u00e1va\u017en\u00e1 a t\u00fdk\u00e1 se to nakonec n\u00e1s v\u0161ech a my u\u017e jsme te\u010f, tak, jak tady jsme, teprve t\u0159i m\u011bs\u00edce, p\u0159i\u0161li s n\u011bkter\u00fdmi \u0159e\u0161en\u00edmi. Za m\u016fj resort mohu t\u0159eba \u0159\u00edci, \u017ee u\u017e jsme navrhli novelu z\u00e1kona o hmotn\u00e9 nouzi, kter\u00e1 by m\u011bla zamezit zneu\u017e\u00edv\u00e1n\u00ed doplatku na bydlen\u00ed.<\/p>\n<p><strong>Je\u0161t\u011b k tomu p\u0159\u00edstupu vl\u00e1dy, p\u0159ece jenom do \u0160luknovska jste se vydali a\u017e pot\u00e9, co se tedy ozvalo t\u011bch 18 starost\u016f. Tak nebylo vhodn\u00e9 tam p\u0159ijet d\u0159\u00edv.<\/strong><\/p>\n<p>J\u00e1 jsem nereagovala a\u017e na dopis 18 starost\u016f, j\u00e1 jsem m\u011bla u\u017e dop\u0159edu s panem poslancem Foldynou domluven\u00fd v\u00fdjezd a vlastn\u011b se n\u00e1hodou stalo, \u017ee ten dopis p\u0159i\u0161el je\u0161t\u011b, ne\u017e jsem stihla p\u0159ijet a d\u00edky tomu tady se mnou p\u0159ijeli dal\u0161\u00ed dva minist\u0159i, ale i bez toho dopisu j\u00e1, stejn\u011b jako ostatn\u00ed, obj\u00ed\u017ed\u00edme problematick\u00e9 regiony, zejm\u00e9na \u00dasteck\u00fd kraj a severn\u00ed Moravu, Olomouck\u00fd a Moravskoslezsk\u00fd.<\/p>\n<p><strong>Tak p\u0159edpokl\u00e1d\u00e1m, \u017ee se starosty jste se shodli pr\u00e1v\u011b na tom, \u017ee je nutn\u00e9 stanovit nov\u00e1 pravidla pro to soci\u00e1ln\u00ed bydlen\u00ed, vy u\u017e jste o tom za\u010dala mluvit, tedy, jak\u00e9 zm\u011bny se je\u0161t\u011b chystaj\u00ed?<\/strong><\/p>\n<p>J\u00e1 bych \u0159ekla, \u017ee ta novela z\u00e1kona o hmotn\u00e9 nouzi je takov\u00e1 jak\u00e1si prvn\u00ed pomoc, to znamen\u00e1, \u017ee ta by m\u011bla zamezit tomu zneu\u017e\u00edv\u00e1n\u00ed byznysu s chudobou, kdy vlastn\u011b st\u00e1t plat\u00ed velk\u00e9 \u010d\u00e1stky majitel\u016fm ubytoven. A j\u00e1 mus\u00edm \u0159\u00edci, \u017ee nech\u00e1pu Ne\u010dasovu vl\u00e1du, kter\u00e1 deklarovala to, \u017ee chce hlavn\u011b sn\u00ed\u017eit soci\u00e1ln\u00ed d\u00e1vky. A p\u0159itom mezi lety 2009 a 2013 ty d\u00e1vky v hmotn\u00e9 nouzi vzrostly v\u00edce ne\u017e trojn\u00e1sobn\u011b a jenom ten doplatek na bydlen\u00ed vzrostl o v\u00edce \u010dty\u0159n\u00e1sobn\u011b, prost\u011b ta \u010d\u00edsla jsou skute\u010dn\u011b ohromn\u00e1.<\/p>\n<p><strong>A jak to m\u00e1 b\u00fdt tedy nov\u011b, kdo by m\u011bl n\u00e1rok na soci\u00e1ln\u00ed bydlen\u00ed a jak bude to bydlen\u00ed vlastn\u011b definov\u00e1no.<\/strong><\/p>\n<p>Tady ta novela, to je takov\u00e1 prvn\u00ed pomoc, kter\u00e1 by m\u011bla platit nejpozd\u011bji od 1. ledna 2015. Co se t\u00fd\u010de potom n\u011bjak\u00e9ho toho komplexn\u00edho \u0159e\u0161en\u00ed, tedy \u00fapln\u011b nov\u00e9ho z\u00e1kona o soci\u00e1ln\u00edm bydlen\u00ed, to je dal\u0161\u00ed ot\u00e1zka, na kter\u00e9 bychom te\u010f za\u010dali pracovat. J\u00e1 se domn\u00edv\u00e1m, \u017ee tento z\u00e1kon by m\u011bl postihovat v\u0161echny skupiny obyvatel, kter\u00e9 z n\u011bjak\u00e9ho d\u016fvodu nedos\u00e1hnou na to komer\u010dn\u00ed bydlen\u00ed, a\u0165 u\u017e se to t\u00fdk\u00e1 senior\u016f, mlad\u00fdch rodin s d\u011btmi, nebo t\u0159eba <span class=\"highlight\">zdravotn\u011b<\/span> <span class=\"highlight\">posti\u017een\u00fdch<\/span> a v neposledn\u00ed \u0159ad\u011b i lid\u00ed, kte\u0159\u00ed \u017eij\u00ed v soci\u00e1ln\u00edm vylou\u010den\u00ed, proto\u017ee i mezi nimi je \u0159ada t\u011bch, kte\u0159\u00ed, kdy\u017e dodr\u017euj\u00ed pravidla, tak se potom mohou dostat do mnohem lep\u0161\u00edho bydlen\u00ed ne\u017e jsou ubytovny.<\/p>\n<p><strong>Pokud v\u00edm, tak podle pl\u00e1nu maj\u00ed b\u00fdt obrysy z\u00e1kona na stole p\u0159\u00ed\u0161t\u00ed rok, paragrafy pak o rok pozd\u011bji, nejde to rychleji, d\u0159\u00edv by to ne\u0161lo?<\/strong><\/p>\n<p>V\u00edte, my vlastn\u011b o tom z\u00e1konu mluv\u00edme 15, 20 let a je\u0161t\u011b \u017e\u00e1dn\u00e1 vl\u00e1da ho neud\u011blala. A j\u00e1 bych ur\u010dit\u011b byla moc r\u00e1da, aby to rychleji \u0161lo, ale na druhou stranu chci, aby ten n\u00e1vrh z\u00e1kona byl skute\u010dn\u011b kvalitn\u00ed, aby se na n\u011bm dohodly p\u0159edev\u0161\u00edm obce a st\u00e1t, ale i ti dal\u0161\u00ed akt\u00e9\u0159i. A chci, aby byl kvalitn\u00ed. To znamen\u00e1, \u017ee tam mo\u017en\u00e1 to neurychl\u00edme, ale budeme se sna\u017eit.<\/p>\n<p><strong>A m\u00e1te na ty zm\u011bny dost pen\u011bz, vl\u00e1da dnes op\u011bt odlo\u017eila projedn\u00e1v\u00e1n\u00ed rozpo\u010dtov\u00fdch v\u00fddaj\u016f.<\/strong><\/p>\n<p>Tyto zm\u011bny jsou postupn\u00e9, tak\u017ee to nen\u00ed, \u017ee bychom najednou po\u017eadovali des\u00edtky miliard, jak to padlo v n\u011bjak\u00e9 report\u00e1\u017ei, ale znovu opakuji, my na d\u00e1vky v hmotn\u00e9 nouzi vypl\u00e1c\u00edme 10,7 miliard korun ro\u010dn\u011b. To je obrovsk\u00e9 \u010d\u00edslo. A j\u00e1 v\u011b\u0159\u00edm, \u017ee kdy\u017e t\u0159eba zv\u00fd\u0161\u00edme po\u010dty soci\u00e1ln\u00edch pracovnic, kter\u00e9 pracuj\u00ed v ter\u00e9nu, pos\u00edl\u00edme soci\u00e1ln\u00ed pr\u00e1ci na \u00fa\u0159adech pr\u00e1ce, tak to bude st\u00e1t mnohem m\u00e9n\u011b a my na t\u011bch d\u00e1vk\u00e1ch velmi u\u0161et\u0159\u00edme. To sam\u00e9 k soci\u00e1ln\u00edmu bydlen\u00ed, ano, to ur\u010dit\u011b bude st\u00e1t n\u011bjak\u00e9 pen\u00edze, ale v dlouhodob\u00e9m m\u011b\u0159\u00edtku se to ur\u010dit\u011b vyplat\u00ed.<\/p>\n<p><strong>A jak\u00e1 role m\u00e1 b\u00fdt v tomto p\u0159\u00edpad\u011b st\u00e1tu a jak se v t\u00e9 zm\u011bn\u011b soci\u00e1ln\u00edho bytov\u00e9ho fondu budou anga\u017eovat obce, m\u00e1te u\u017e o tom n\u011bjakou p\u0159edstavu.<\/strong><\/p>\n<p>To je naprosto z\u00e1sadn\u00ed ot\u00e1zka nov\u00e9ho z\u00e1kona, je jasn\u00e9, \u017ee obce v tom hraj\u00ed naprosto nezastupitelnou roli, ale ta pravidla, co bude hradit st\u00e1t, jakou roli bude hr\u00e1t a jakou roli budou hr\u00e1t obce, to je skute\u010dn\u011b jedna z t\u011bch kl\u00ed\u010dov\u00fdch ot\u00e1zek, na kter\u00e9 se mus\u00edme teprve domluvit.<\/p>\n<p><strong>s ministryn\u00ed pr\u00e1ce a soci\u00e1ln\u00edch v\u011bc\u00ed Michaelou Marksovou Radio\u017eurn\u00e1l mluvil o dne\u0161n\u00ed n\u00e1v\u0161t\u011bv\u011b ministr\u016f ve \u0160luknovsk\u00e9m v\u00fdb\u011b\u017eku.<br \/>\n<\/strong><\/p>\n<p><strong><em><strong>p\u0159epis invArena<\/strong><\/em><br \/>\n<\/strong><\/p>\n<p>&nbsp;<\/p>\n<h2>Zji\u0161t\u011bn\u00e9 nedostatky:<\/h2>\n<p>Majitel\u016fm soci\u00e1ln\u00edch ubytoven st\u00e1t pos\u00edl\u00e1 pen\u00edze formou p\u0159\u00edsp\u011bvk\u016f na bydlen\u00ed a p\u0159itom vyplat\u00ed jakoukoliv sumu, o kterou si podnikatel \u0159ekne. Bez ohledu na to, o jak\u00fd byt jde. Kvalitu nikdo nekontroluje.<\/p>\n<p>St\u00e1t vypl\u00e1c\u00ed z\u00e1lohy na slu\u017eby. Nap\u0159\u00edklad na topen\u00ed, p\u0159esto\u017ee v domech jsou kotelny na d\u0159evo a uhl\u00ed \u010dasto nezkolaudovan\u00e9. Nikdo tak nem\u016f\u017ee zkontrolovat, jestli jsou po\u017eadovan\u00e9 sumy opr\u00e1vn\u011bn\u00e9.<\/p>\n<p>\u00da\u0159edn\u00edci nejsou opr\u00e1vn\u011bni vyk\u00e1zan\u00e9 ceny zpochyb\u0148ovat. Mus\u00ed jim sta\u010dit potvrzen\u00ed od majitele.<\/p>\n<h2><\/h2>\n<h2>Jak to chce ministryn\u011b napravit?<\/h2>\n<p>Ministryn\u011b pr\u00e1ce a soci\u00e1ln\u00edch v\u011bc\u00ed Michaela Marksov\u00e1 chce projednat novelu z\u00e1kona o soci\u00e1ln\u00edm bydlen\u00ed ve zrychlen\u00e9m \u0159\u00edzen\u00ed, nejl\u00e9pe do leto\u0161n\u00edho z\u00e1\u0159\u00ed.<\/p>\n<p>Novela bude obsahovat z\u00e1sadn\u00ed zm\u011bny \u2013 p\u0159\u00edsp\u011bvek na bydlen\u00ed u\u017e se nebude p\u0159izn\u00e1vat na osobu, ale na konkr\u00e9tn\u00ed prostor. Sou\u010dasn\u011b budou vytvo\u0159eny standardy bydlen\u00ed. Bude p\u0159esn\u011b ur\u010deno, co je\u0161t\u011b m\u016f\u017ee b\u00fdt bydlen\u00ed a co u\u017e ne.<\/p>\n<p>Podle ministryn\u011b by obce m\u011bly zachovat pot\u0159ebn\u00fd po\u010det prostor soci\u00e1ln\u00edho bydlen\u00ed pro lidi, kte\u0159\u00ed se z jak\u00fdchkoliv d\u016fvod\u016f ocitnou v nouzi.<\/p>\n<p>&nbsp;<\/p>\n<p><em><strong>invArena<\/strong><\/em><\/p>\n","protected":false},"excerpt":{"rendered":"<div class=\"mh-excerpt\"><p>A\u010dkoli exministr Dr\u00e1bek hovo\u0159il o nutnosti \u00faspor, objem soci\u00e1ln\u00edch d\u00e1vek se mezit\u00edm ztrojn\u00e1sobil hlavn\u011b d\u00edky p\u0159edra\u017een\u00fdm n\u00e1jm\u016fm v soci\u00e1ln\u00edch ubytovn\u00e1ch. Ministrn\u011b Michaela Marksov\u00e1 to po <a class=\"mh-excerpt-more\" href=\"https:\/\/www.invarena.cz\/?p=16108\" title=\"Marksov\u00e1 si chce posv\u00edtit na soci\u00e1ln\u00ed bydlen\u00ed\">[&#8230;]<\/a><\/p>\n<\/div>","protected":false},"author":1,"featured_media":14447,"comment_status":"open","ping_status":"closed","sticky":false,"template":"","format":"standard","meta":{"footnotes":""},"categories":[12],"tags":[],"class_list":["post-16108","post","type-post","status-publish","format-standard","has-post-thumbnail","hentry","category-rozhovory"],"_links":{"self":[{"href":"https:\/\/www.invarena.cz\/index.php?rest_route=\/wp\/v2\/posts\/16108","targetHints":{"allow":["GET"]}}],"collection":[{"href":"https:\/\/www.invarena.cz\/index.php?rest_route=\/wp\/v2\/posts"}],"about":[{"href":"https:\/\/www.invarena.cz\/index.php?rest_route=\/wp\/v2\/types\/post"}],"author":[{"embeddable":true,"href":"https:\/\/www.invarena.cz\/index.php?rest_route=\/wp\/v2\/users\/1"}],"replies":[{"embeddable":true,"href":"https:\/\/www.invarena.cz\/index.php?rest_route=%2Fwp%2Fv2%2Fcomments&post=16108"}],"version-history":[{"count":0,"href":"https:\/\/www.invarena.cz\/index.php?rest_route=\/wp\/v2\/posts\/16108\/revisions"}],"wp:featuredmedia":[{"embeddable":true,"href":"https:\/\/www.invarena.cz\/index.php?rest_route=\/wp\/v2\/media\/14447"}],"wp:attachment":[{"href":"https:\/\/www.invarena.cz\/index.php?rest_route=%2Fwp%2Fv2%2Fmedia&parent=16108"}],"wp:term":[{"taxonomy":"category","embeddable":true,"href":"https:\/\/www.invarena.cz\/index.php?rest_route=%2Fwp%2Fv2%2Fcategories&post=16108"},{"taxonomy":"post_tag","embeddable":true,"href":"https:\/\/www.invarena.cz\/index.php?rest_route=%2Fwp%2Fv2%2Ftags&post=16108"}],"curies":[{"name":"wp","href":"https:\/\/api.w.org\/{rel}","templated":true}]}}