{"id":16127,"date":"2014-05-14T16:45:40","date_gmt":"2014-05-14T14:45:40","guid":{"rendered":"http:\/\/www.invarena.cz\/?p=16127"},"modified":"2014-05-14T16:45:50","modified_gmt":"2014-05-14T14:45:50","slug":"nemecek-podporil-boj-s-rakovinouocenil-usili-ligy-proti-rakovine","status":"publish","type":"post","link":"https:\/\/www.invarena.cz\/?p=16127","title":{"rendered":"N\u011bme\u010dek podpo\u0159il boj s rakovinou, ocenil \u00fasil\u00ed Ligy proti rakovin\u011b"},"content":{"rendered":"<p><strong>Boj s rakovinou prsu podpo\u0159il dnes tak\u00e9 ministr zdravotnictv\u00ed Svatopluk N\u011bme\u010dek (\u010cSSD). Na tiskovou konferenci o chystan\u00e9m ru\u0161en\u00ed poplatk\u016f v ambulanc\u00edch a o doporu\u010den\u00edch ohledn\u011b zdrav\u00e9ho stravov\u00e1n\u00ed ve \u0161kol\u00e1ch p\u0159i\u0161el se \u017elut\u00fdm kv\u00edtkem s tyrkysovou stu\u017ekou na klop\u011b.<\/strong><!--more--><\/p>\n<p>Stejn\u011b vyzdobeni byli i v\u0161ichni \u0159e\u010dn\u00edci, v\u010detn\u011b mluv\u010d\u00ed \u00fa\u0159adu. Ministr \u0159ekl, \u017ee zorganizoval n\u00e1kup kv\u00edtk\u016f z vlastn\u00edch zdroj\u016f.<\/p>\n<p>&#8222;Byl to velkon\u00e1kup pro n\u00e1m\u011bstky a cel\u00e9 veden\u00ed, poprosili jsme pan\u00ed sekret\u00e1\u0159ku, ale z vlastn\u00edch zdroj\u016f, podot\u00fdk\u00e1m,&#8220; \u0159ekl a ocenil, \u017ee Liga proti rakovin\u011b, kter\u00e1 dnes po\u0159\u00e1d\u00e1 osmn\u00e1ct\u00fd ro\u010dn\u00edk celon\u00e1rodn\u00ed ve\u0159ejn\u00e9 sb\u00edrky \u010cesk\u00fd den proti rakovin\u011b, dlouhodob\u011b toto t\u00e9ma popularizuje. Letos se zam\u011b\u0159ila na prevenci plicn\u00ed rakoviny a v\u00fdchovu k neku\u0159\u00e1ctv\u00ed. Rakoviny plic v \u010cR p\u0159ib\u00fdv\u00e1 o 1,5 procenta ro\u010dn\u011b, p\u0159\u00ed\u010dinou je kou\u0159en\u00ed.<\/p>\n<p>&#8222;Rakovina je druh\u00fdm nej\u010dast\u011bj\u0161\u00edm z\u00e1va\u017en\u00fdm onemocn\u011bn\u00edm, kter\u00e9 u n\u00e1s je. Velk\u00e9 \u010d\u00e1sti zhoubn\u00fdch onemocn\u011bn\u00ed se d\u00e1 p\u0159edch\u00e1zet, vliv m\u00e1 nap\u0159\u00edklad i zdrav\u00e1 v\u00fd\u017eiva, v\u00edme i o zhoubn\u00fdch vlivech kou\u0159en\u00ed,&#8220; \u0159ekl ministr.<\/p>\n<p>P\u0159ipomn\u011bl projekt ministerstva zdravotnictv\u00ed zam\u011b\u0159en\u00fd na prevenci. Pod\u00edlej\u00ed se na n\u011bm zdravotn\u00ed poji\u0161\u0165ovny, od po\u010d\u00e1tku roku zvou lidi na vy\u0161et\u0159en\u00ed, kter\u00e9 m\u016f\u017ee v\u010das odhalit rakovinu tlust\u00e9ho st\u0159eva a kone\u010dn\u00edku, d\u011blo\u017en\u00edho \u010d\u00edpku \u010di prsu.<\/p>\n<p>Podle nejnov\u011bj\u0161\u00edch dat stoupla \u00fa\u010dast na screeningu u klient\u016f V\u0161eobecn\u00e9 zdravotn\u00ed poji\u0161\u0165ovny (VZP) o t\u00e9m\u011b\u0159 12 procent. Loni v lednu a \u00fanoru, kdy lid\u00e9 je\u0161t\u011b pozv\u00e1nky nedost\u00e1vali, p\u0159i\u0161lo na screeningov\u00e9 vy\u0161et\u0159en\u00ed 340.513 jej\u00edch klient\u016f, letos ve stejn\u00e9m obdob\u00ed 380.627. Do konce dubna pozvala VZP na prohl\u00eddky p\u0159es 480.000 lid\u00ed.<\/p>\n<p>&#8222;J\u00e1 jsem velmi r\u00e1d, \u017ee kampa\u0148 m\u00e1 podle na\u0161ich informac\u00ed efekt, proto\u017ee kdy\u017e se n\u00e1dor zachyt\u00ed v ran\u00e9m stadiu, je velk\u00e1 \u0161ance na vyl\u00e9\u010den\u00ed a n\u00e1ro\u010dnost l\u00e9\u010dby je mnohem ni\u017e\u0161\u00ed,&#8220; shrnul N\u011bme\u010dek.<\/p>\n","protected":false},"excerpt":{"rendered":"<div class=\"mh-excerpt\"><p>Boj s rakovinou prsu podpo\u0159il dnes tak\u00e9 ministr zdravotnictv\u00ed Svatopluk N\u011bme\u010dek (\u010cSSD). Na tiskovou konferenci o chystan\u00e9m ru\u0161en\u00ed poplatk\u016f v ambulanc\u00edch a o doporu\u010den\u00edch ohledn\u011b <a class=\"mh-excerpt-more\" href=\"https:\/\/www.invarena.cz\/?p=16127\" title=\"N\u011bme\u010dek podpo\u0159il boj s rakovinou, ocenil \u00fasil\u00ed Ligy proti rakovin\u011b\">[&#8230;]<\/a><\/p>\n<\/div>","protected":false},"author":1,"featured_media":0,"comment_status":"open","ping_status":"closed","sticky":false,"template":"","format":"standard","meta":{"footnotes":""},"categories":[9],"tags":[],"class_list":["post-16127","post","type-post","status-publish","format-standard","hentry","category-zpravy"],"_links":{"self":[{"href":"https:\/\/www.invarena.cz\/index.php?rest_route=\/wp\/v2\/posts\/16127","targetHints":{"allow":["GET"]}}],"collection":[{"href":"https:\/\/www.invarena.cz\/index.php?rest_route=\/wp\/v2\/posts"}],"about":[{"href":"https:\/\/www.invarena.cz\/index.php?rest_route=\/wp\/v2\/types\/post"}],"author":[{"embeddable":true,"href":"https:\/\/www.invarena.cz\/index.php?rest_route=\/wp\/v2\/users\/1"}],"replies":[{"embeddable":true,"href":"https:\/\/www.invarena.cz\/index.php?rest_route=%2Fwp%2Fv2%2Fcomments&post=16127"}],"version-history":[{"count":0,"href":"https:\/\/www.invarena.cz\/index.php?rest_route=\/wp\/v2\/posts\/16127\/revisions"}],"wp:attachment":[{"href":"https:\/\/www.invarena.cz\/index.php?rest_route=%2Fwp%2Fv2%2Fmedia&parent=16127"}],"wp:term":[{"taxonomy":"category","embeddable":true,"href":"https:\/\/www.invarena.cz\/index.php?rest_route=%2Fwp%2Fv2%2Fcategories&post=16127"},{"taxonomy":"post_tag","embeddable":true,"href":"https:\/\/www.invarena.cz\/index.php?rest_route=%2Fwp%2Fv2%2Ftags&post=16127"}],"curies":[{"name":"wp","href":"https:\/\/api.w.org\/{rel}","templated":true}]}}