{"id":16176,"date":"2014-05-23T18:09:20","date_gmt":"2014-05-23T16:09:20","guid":{"rendered":"http:\/\/www.invarena.cz\/?p=16176"},"modified":"2014-05-23T18:09:51","modified_gmt":"2014-05-23T16:09:51","slug":"s-handicapem-a-chuti-volit","status":"publish","type":"post","link":"https:\/\/www.invarena.cz\/?p=16176","title":{"rendered":"S handicapem a chut\u00ed volit"},"content":{"rendered":"<p><strong>Volby do Evropsk\u00e9ho parlamentu zam\u011bstn\u00e1valy taky lidi s ment\u00e1ln\u00edm nebo kombinovan\u00fdm posti\u017een\u00edm. Ti se zachovanou sv\u00e9pr\u00e1vnost\u00ed se \u00fa\u010dastnili kurz\u016f, kter\u00e9 je m\u011bly prov\u00e9st \u00faskal\u00edm voleb.<\/strong> <!--more--><\/p>\n<p><strong><em>report\u00e1\u017e \u010cesk\u00e1 televize<\/em><\/strong><\/p>\n<p>P\u0159i semin\u00e1\u0159\u00edch zji\u0161\u0165ovali, jak Evropsk\u00fd parlament vlastn\u011b funguje. A mohli si vyzkou\u0161et i volby na ne\u010disto.<\/p>\n<p>N\u011bkte\u0159\u00ed z nich v\u011bd\u00ed v\u00edc, ne\u017e \u0159ada ostatn\u00edch obyvatel \u010ceska. Tihle handicapovan\u00ed maj\u00ed za sebou kurzy, na kter\u00fdch se u\u010dili o volb\u00e1ch do Evropsk\u00e9ho parlamentu.<\/p>\n<p>Mirek ZAJ\u00cdC, \u00fa\u010dastn\u00edk kurzu, Sebeobh\u00e1jci:<br \/>\nKolik \u010dlen\u016f vlastn\u011b je v t\u00fd Evropsk\u00fd unii?<\/p>\n<p>posti\u017een\u00fd :<br \/>\n28.<\/p>\n<p>Zapamatovali si ale t\u0159eba i to, kolik se bude volit europoslanc\u016f.<\/p>\n<p>posti\u017een\u00fd :<br \/>\nZa \u010ceskou republiku je jich celkem 21. A celkov\u011b jich je 751.<\/p>\n<p>Camille LATIMIER, Spole\u010dnost pro podporu lid\u00ed s ment\u00e1ln\u00edm posti\u017een\u00edm v \u010cR:<br \/>\nChceme jenom, aby v\u011bd\u011bli, kde m\u016f\u017eou ty informace z\u00edskat, a hlavn\u011b jako pro\u010d vol\u00edme do Evropsk\u00e9ho parlamentu.<\/p>\n<p>Posledn\u00ed semin\u00e1\u0159 byl hlavn\u011b praktick\u00fd. Handicapovan\u00ed prob\u00edrali t\u0159eba to, co si maj\u00ed s sebou k volb\u00e1m p\u0159in\u00e9st.<\/p>\n<p>posti\u017een\u00fd :<br \/>\nOb\u010danku. Nebo cestovn\u00ed pas.<\/p>\n<p>Jan HAM\u00c1K, \u00fa\u010dastn\u00edk kurzu, Sebeobh\u00e1jci:<br \/>\nCo jsem se ptal, \u017ee kdybych ty l\u00edstky nedostal, tak je m\u016f\u017eu dostat u\u017e na tam t\u00fd volebn\u00ed m\u00edstnosti.<\/p>\n<p><strong>Um\u00edte volit?<\/strong><\/p>\n<p>Mirek ZAJ\u00cdC, \u00fa\u010dastn\u00edk kurzu, Sebeobh\u00e1jci:<br \/>\nTak trochu jo. U\u017e jsem to jednou d\u011blal.<\/p>\n<p>Zvl\u00e1dli to v\u0161ichni. A kdyby n\u011bco pot\u0159ebovali, k volb\u00e1m mohou j\u00edt s doprovodem.<\/p>\n<p>Pavl\u00edna MROCZKOWSK\u00c1, Spole\u010dnost pro podporu lid\u00ed s ment\u00e1ln\u00edm posti\u017een\u00edm v \u010cR:<br \/>\nChod\u00ed s n\u011bk\u00fdm z rodiny, ale n\u011bkdy chod\u00ed i jako dvojice, \u017ee jdou spole\u010dn\u011b. M\u00e1me dokonce jednoho p\u00e1na, kter\u00fd chod\u00ed ze z\u00e1sady s\u00e1m, proto\u017ee nechce, aby ho rodi\u010de ovliv\u0148ovali.<br \/>\nZb\u00fdv\u00e1 u\u017e jenom vybrat sv\u00e9ho favorita. S t\u00edm jim ale \u0161kolitelky nepomohou.<\/p>\n<p>Camille LATIMIER,<br \/>\nNerad\u00edme jim, koho volit, to ani n\u00e1hodou. Oni maj\u00ed svoje n\u00e1zory. A n\u011bkdy jako i velmi jako tvrd\u00e9 n\u00e1zory.<\/p>\n<p>V\u00edte u\u017e, koho budete volit?<\/p>\n<p>Ivan MORINGL, \u00fa\u010dastn\u00edk kurzu:<br \/>\nJo, ale rad\u0161i bych si to nechal pro sebe.<\/p>\n<p>\u010cesk\u00e1 televize<\/p>\n","protected":false},"excerpt":{"rendered":"<div class=\"mh-excerpt\"><p>Volby do Evropsk\u00e9ho parlamentu zam\u011bstn\u00e1valy taky lidi s ment\u00e1ln\u00edm nebo kombinovan\u00fdm posti\u017een\u00edm. Ti se zachovanou sv\u00e9pr\u00e1vnost\u00ed se \u00fa\u010dastnili kurz\u016f, kter\u00e9 je m\u011bly prov\u00e9st \u00faskal\u00edm voleb.<\/p>\n<\/div>","protected":false},"author":1,"featured_media":12014,"comment_status":"open","ping_status":"closed","sticky":false,"template":"","format":"standard","meta":{"footnotes":""},"categories":[7],"tags":[],"class_list":["post-16176","post","type-post","status-publish","format-standard","has-post-thumbnail","hentry","category-spolecnost"],"_links":{"self":[{"href":"https:\/\/www.invarena.cz\/index.php?rest_route=\/wp\/v2\/posts\/16176","targetHints":{"allow":["GET"]}}],"collection":[{"href":"https:\/\/www.invarena.cz\/index.php?rest_route=\/wp\/v2\/posts"}],"about":[{"href":"https:\/\/www.invarena.cz\/index.php?rest_route=\/wp\/v2\/types\/post"}],"author":[{"embeddable":true,"href":"https:\/\/www.invarena.cz\/index.php?rest_route=\/wp\/v2\/users\/1"}],"replies":[{"embeddable":true,"href":"https:\/\/www.invarena.cz\/index.php?rest_route=%2Fwp%2Fv2%2Fcomments&post=16176"}],"version-history":[{"count":0,"href":"https:\/\/www.invarena.cz\/index.php?rest_route=\/wp\/v2\/posts\/16176\/revisions"}],"wp:featuredmedia":[{"embeddable":true,"href":"https:\/\/www.invarena.cz\/index.php?rest_route=\/wp\/v2\/media\/12014"}],"wp:attachment":[{"href":"https:\/\/www.invarena.cz\/index.php?rest_route=%2Fwp%2Fv2%2Fmedia&parent=16176"}],"wp:term":[{"taxonomy":"category","embeddable":true,"href":"https:\/\/www.invarena.cz\/index.php?rest_route=%2Fwp%2Fv2%2Fcategories&post=16176"},{"taxonomy":"post_tag","embeddable":true,"href":"https:\/\/www.invarena.cz\/index.php?rest_route=%2Fwp%2Fv2%2Ftags&post=16176"}],"curies":[{"name":"wp","href":"https:\/\/api.w.org\/{rel}","templated":true}]}}