{"id":16212,"date":"2014-06-04T07:59:00","date_gmt":"2014-06-04T05:59:00","guid":{"rendered":"http:\/\/www.invarena.cz\/?p=16212"},"modified":"2023-06-04T08:00:04","modified_gmt":"2023-06-04T06:00:04","slug":"mam-radost-ze-se-lide-zajimaji-o-zivot-lidi-s-postizenim","status":"publish","type":"post","link":"https:\/\/www.invarena.cz\/?p=16212","title":{"rendered":"M\u00e1m radost, \u017ee se lid\u00e9 zaj\u00edmaj\u00ed o \u017eivot lid\u00ed s posti\u017een\u00edm"},"content":{"rendered":"<p><strong>\u0158editel organizace Z\u00e1mek Nov\u00e1 Horka Luk\u00e1\u0161 Spurn\u00fd \u0159\u00edk\u00e1: <\/strong><\/p>\n<p>N\u00e1sleduj\u00edc\u00ed rozhovor s \u0159editelem organizace Z\u00e1mek Nov\u00e1 Horka Luk\u00e1\u0161em Spurn\u00fdm vznikl kr\u00e1tce po tradi\u010dn\u00edm dni otev\u0159en\u00fdch dve\u0159\u00ed. Z\u00e1mek, ve kter\u00e9m ji\u017e dlouh\u00e1 l\u00e9ta \u017eij\u00ed \u017eeny se zdravotn\u00edm posti\u017een\u00edm, se toti\u017e ve\u0159ejnosti otev\u00edr\u00e1 pravideln\u011b. Lid\u00e9 se mohli dozv\u011bd\u011bt, co se v bl\u00edzk\u00e9 budoucnosti chyst\u00e1, a t\u0159eba tak\u00e9 to, \u017ee bydlen\u00ed na z\u00e1mku, kter\u00fd je kulturn\u00ed pam\u00e1tkou, nen\u00ed jednoduch\u00e9. D\u0159\u00edv tam \u017eilo i sto klient\u016f, dnes jich tam bydl\u00ed 22, a i ti se budou brzy st\u011bhovat.<\/p>\n<p>&#8211; M\u00e1te za sebou den otev\u0159en\u00fdch dve\u0159\u00ed. Jak jste spokojen s n\u00e1v\u0161t\u011bvnost\u00ed a akc\u00ed jako takovou?<\/p>\n<p>Mus\u00edm \u0159\u00edct, \u017ee se den otev\u0159en\u00fdch dve\u0159\u00ed op\u011bt povedl. M\u00e1m radost z toho, \u017ee se st\u00e1le v\u00edce n\u00e1v\u0161t\u011bvn\u00edk\u016f zaj\u00edm\u00e1 o \u017eivot lid\u00ed s posti\u017een\u00edm. P\u0159ich\u00e1zej\u00ed cel\u00e9 rodiny i s d\u011btmi, zaj\u00edmaj\u00ed se o c\u00edlen\u00e9 informace nebo t\u0159eba chod\u00ed jen tak ze zv\u011bdavosti.<\/p>\n<p>&#8211; Po\u0159\u00e1d\u00e1te dny otev\u0159en\u00fdch dve\u0159\u00ed pravideln\u011b? Pro koho jsou tyto akce ur\u010deny?<\/p>\n<p>Den otev\u0159en\u00fdch dve\u0159\u00ed na z\u00e1mku se kon\u00e1 v\u017edy sou\u010dasn\u011b s pout\u00ed ka\u017edou prvn\u00ed kv\u011btnovou ned\u011bli. Chceme v\u0161em n\u00e1v\u0161t\u011bvn\u00edk\u016fm uk\u00e1zat, jak se \u017eilo a \u017eije v \u00fastavu, a \u017ee jdeme cestou z\u00e1sadn\u00edch zm\u011bn, kter\u00e9 vedou ku prosp\u011bchu na\u0161ich klient\u016f, stejn\u011b jako v\u0161ech ostatn\u00edch, kte\u0159\u00ed v budoucnu budou na\u0161e slu\u017eby vyu\u017e\u00edvat.<\/p>\n<p>&#8211; Jak moc se za posledn\u00ed roky zm\u011bnil \u017eivot va\u0161ich klient\u016f?<\/p>\n<p>\u0158ekl bych, \u017ee velmi, ale je to individu\u00e1ln\u00ed. N\u011bkte\u0159\u00ed lid\u00e9, kte\u0159\u00ed d\u0159\u00edve \u017eili v \u00fastavu, jsou dnes t\u00e9m\u011b\u0159 samostatn\u00ed, \u017eij\u00ed si po sv\u00e9m a chod\u00ed do pr\u00e1ce. Jin\u00ed ji\u017e alespo\u0148 \u017eij\u00ed v bytech, rozhoduj\u00ed o sv\u00e9m \u017eivot\u011b, zapojuj\u00ed se do b\u011b\u017en\u00e9ho \u017eivota a dost\u00e1vaj\u00ed odpov\u00eddaj\u00edc\u00ed podporu asistent\u016f. No a n\u011bkte\u0159\u00ed je\u0161t\u011b st\u00e1le v \u00fastavu \u017eij\u00ed, ale p\u0159ipravuj\u00ed se na to, \u017ee jej brzy opust\u00ed, a kvalita jejich \u017eivota se tak v\u00fdrazn\u011b pozitivn\u011b zm\u011bn\u00ed. Jsem p\u0159esv\u011bd\u010den, \u017ee v\u0161ichni maj\u00ed v\u011bt\u0161\u00ed mo\u017enosti, individu\u00e1ln\u011bj\u0161\u00ed podporu asistent\u016f, a projevuje se to na jejich schopnostech a sebev\u011bdom\u00ed.<\/p>\n<p>&#8211; Prob\u00edh\u00e1 transformace soci\u00e1ln\u00edch slu\u017eeb. \u010c\u00e1st va\u0161ich klient\u016f se p\u0159est\u011bhovala do chr\u00e1n\u011bn\u00fdch bydlen\u00ed v Nov\u00e9m Ji\u010d\u00edn\u011b, Kop\u0159ivnici a Sedlnic\u00edch. Jak se jim tam \u017eije?<\/p>\n<p>Transformace p\u0159in\u00e1\u0161\u00ed v\u00fdraznou pozitivn\u00ed zm\u011bnu do \u017eivota na\u0161ich klient\u016f, a to nejen v ot\u00e1zce bydlen\u00ed, ale i v p\u0159\u00edstupu a v pohledu na \u010dlov\u011bka s posti\u017een\u00edm. V\u0161ichni lid\u00e9, kte\u0159\u00ed \u017eij\u00ed v na\u0161ich chr\u00e1n\u011bn\u00fdch bydlen\u00edch, d\u0159\u00edve \u017eili v \u00fastavn\u00edch slu\u017eb\u00e1ch a u\u017e by se zp\u011bt nikdy necht\u011bli vr\u00e1tit. To jsou jejich slova. Sna\u017e\u00edme se je podporovat v tom, aby vedli zp\u016fsob \u017eivota, kter\u00fd je b\u011b\u017en\u00fd pro jejich vrstevn\u00edky mimo soci\u00e1ln\u00ed slu\u017eby. Pro\u017e\u00edvaj\u00ed b\u011b\u017en\u00e9 radosti a oby\u010dejn\u00e9 starosti. Ka\u017ed\u00fd dost\u00e1v\u00e1 pot\u0159ebnou podporu asistent\u016f. Maj\u00ed b\u011b\u017en\u00e9, d\u016fstojn\u00e9 bydlen\u00ed, organizuj\u00ed si sv\u016fj \u010das, chod\u00ed na n\u00e1kupy, k l\u00e9ka\u0159i, do m\u011bsta, jezd\u00ed MHD, n\u011bkte\u0159\u00ed chod\u00ed do pr\u00e1ce. Bl\u00ed\u017e\u00ed se podle mo\u017enost\u00ed b\u011b\u017en\u00e9mu \u017eivotu a jsou spokojen\u00ed.<\/p>\n<p>&#8211; Ve Stud\u00e9nce se m\u00e1 stav\u011bt nov\u00fd domov pro <span class=\"highlight\">zdravotn\u011b<\/span> <span class=\"highlight\">posti\u017een\u00e9<\/span>. Jak daleko jsou pr\u00e1ce na stavb\u011b? Kdy by m\u011blo b\u00fdt hotovo a kolik klient\u016f tam najde nov\u00fd domov?<\/p>\n<p>Ve Stud\u00e9nce se budou opravdu stav\u011bt na Po\u0161tovn\u00ed ulici dva nov\u00e9 domy vedle sebe, ve kter\u00fdch budou vytvo\u0159eny celkem \u010dty\u0159i bezbari\u00e9rov\u00e9 byty. Ve dvou bytech bude \u017e\u00edt p\u011bt lid\u00ed a ve dvou bytech \u010dty\u0159i lid\u00e9 s t\u011b\u017ek\u00fdm zdravotn\u00edm posti\u017een\u00edm. Jsou ji\u017e vyd\u00e1na ve\u0161ker\u00e1 povolen\u00ed ke stavb\u011b, je tak\u00e9 zaji\u0161t\u011bno financov\u00e1n\u00ed. Zahajuje se ve\u0159ejn\u00e1 zak\u00e1zka na zhotovitele stavby, stav\u011bt se za\u010dne pravd\u011bpodobn\u011b v srpnu nebo v z\u00e1\u0159\u00ed 2014. Asi o rok pozd\u011bji se budeme st\u011bhovat, a t\u00edm opust\u00edme nevyhovuj\u00edc\u00ed z\u00e1mek.<\/p>\n<p>&#8211; A\u017e se odst\u011bhujete, co bude se z\u00e1mkem?<\/p>\n<p>Z\u00e1mek v Nov\u00e9 Horce je majetkem Moravskoslezsk\u00e9ho kraje, kter\u00fd je z\u00e1rove\u0148 na\u0161\u00edm z\u0159izovatelem. O jeho dal\u0161\u00edm vyu\u017eit\u00ed tedy rozhodne on, podle m\u00fdch informac\u00ed je v\u00edce variant, kone\u010dn\u00e9 rozhodnut\u00ed zat\u00edm nen\u00ed.<\/p>\n<p>&#8211; Jak dlouho v z\u00e1mku funguje \u00fastavn\u00ed p\u00e9\u010de?<\/p>\n<p>\u00dastavn\u00ed p\u00e9\u010de v z\u00e1mku v Nov\u00e9 Horce se datuje n\u011bkdy od pades\u00e1t\u00fdch let minul\u00e9ho stolet\u00ed, od roku 1964 zde \u017eily ment\u00e1ln\u011b <span class=\"highlight\">posti\u017een\u00e9<\/span> \u017eeny.<\/p>\n<p>&#8211; V Nov\u00e9 Horce \u017eily pouze \u017eeny. Kde \u017eili mu\u017ei, kte\u0159\u00ed pot\u0159ebovali podobnou p\u00e9\u010di?<\/p>\n<p>Z historick\u00e9ho hlediska byly \u00fastavy soci\u00e1ln\u00ed p\u00e9\u010de rozd\u011bleny na mu\u017esk\u00e9 a \u017eensk\u00e9. Pokud p\u0159ece jen \u017eili v jednom \u00fastavu mu\u017ei i \u017eeny, doch\u00e1zelo k jejich striktn\u00edmu odd\u011blen\u00ed. To dnes ji\u017e na\u0161t\u011bst\u00ed neplat\u00ed, proto\u017ee ka\u017ed\u00fd z n\u00e1s \u017eije ve sv\u011bt\u011b obou pohlav\u00ed, je to b\u011b\u017en\u00e9.<\/p>\n<p>Region\/Simona Mik\u0161ov\u00e1<\/p>\n<p><a href=\"http:\/\/www.vlp.cz\" target=\"_blank\" rel=\"noopener\">http:\/\/www.vlp.cz<\/a><\/p>\n","protected":false},"excerpt":{"rendered":"<div class=\"mh-excerpt\"><p>\u0158editel organizace Z\u00e1mek Nov\u00e1 Horka Luk\u00e1\u0161 Spurn\u00fd \u0159\u00edk\u00e1: N\u00e1sleduj\u00edc\u00ed rozhovor s \u0159editelem organizace Z\u00e1mek Nov\u00e1 Horka Luk\u00e1\u0161em Spurn\u00fdm vznikl kr\u00e1tce po tradi\u010dn\u00edm dni otev\u0159en\u00fdch dve\u0159\u00ed. <a class=\"mh-excerpt-more\" href=\"https:\/\/www.invarena.cz\/?p=16212\" title=\"M\u00e1m radost, \u017ee se lid\u00e9 zaj\u00edmaj\u00ed o \u017eivot lid\u00ed s posti\u017een\u00edm\">[&#8230;]<\/a><\/p>\n<\/div>","protected":false},"author":1,"featured_media":0,"comment_status":"open","ping_status":"closed","sticky":false,"template":"","format":"standard","meta":{"footnotes":""},"categories":[9],"tags":[],"class_list":["post-16212","post","type-post","status-publish","format-standard","hentry","category-zpravy"],"_links":{"self":[{"href":"https:\/\/www.invarena.cz\/index.php?rest_route=\/wp\/v2\/posts\/16212","targetHints":{"allow":["GET"]}}],"collection":[{"href":"https:\/\/www.invarena.cz\/index.php?rest_route=\/wp\/v2\/posts"}],"about":[{"href":"https:\/\/www.invarena.cz\/index.php?rest_route=\/wp\/v2\/types\/post"}],"author":[{"embeddable":true,"href":"https:\/\/www.invarena.cz\/index.php?rest_route=\/wp\/v2\/users\/1"}],"replies":[{"embeddable":true,"href":"https:\/\/www.invarena.cz\/index.php?rest_route=%2Fwp%2Fv2%2Fcomments&post=16212"}],"version-history":[{"count":0,"href":"https:\/\/www.invarena.cz\/index.php?rest_route=\/wp\/v2\/posts\/16212\/revisions"}],"wp:attachment":[{"href":"https:\/\/www.invarena.cz\/index.php?rest_route=%2Fwp%2Fv2%2Fmedia&parent=16212"}],"wp:term":[{"taxonomy":"category","embeddable":true,"href":"https:\/\/www.invarena.cz\/index.php?rest_route=%2Fwp%2Fv2%2Fcategories&post=16212"},{"taxonomy":"post_tag","embeddable":true,"href":"https:\/\/www.invarena.cz\/index.php?rest_route=%2Fwp%2Fv2%2Ftags&post=16212"}],"curies":[{"name":"wp","href":"https:\/\/api.w.org\/{rel}","templated":true}]}}