{"id":16222,"date":"2014-05-20T10:59:42","date_gmt":"2014-05-20T08:59:42","guid":{"rendered":"http:\/\/www.invarena.cz\/?p=16222"},"modified":"2014-05-20T11:01:25","modified_gmt":"2014-05-20T09:01:25","slug":"16222","status":"publish","type":"post","link":"https:\/\/www.invarena.cz\/?p=16222","title":{"rendered":"Kdy mus\u00edm po maturit\u011b platit zdravotn\u00ed poji\u0161t\u011bn\u00ed?"},"content":{"rendered":"<p class=\"western\" style=\"margin-bottom: 0cm;\"><strong>OT\u00c1ZKA: Jak je to se zdravotn\u00edm poji\u0161t\u011bn\u00edm po maturit\u011b na st\u0159edn\u00ed \u0161kole? Do kdy ho nemus\u00edm platit? Odpov\u00edd\u00e1 mluv\u010d\u00ed VZP.<\/strong><!--more--><\/p>\n<p class=\"western\" style=\"margin-bottom: 0cm;\">ODPOV\u011a\u010e:<\/p>\n<p class=\"western\" style=\"margin-bottom: 0cm;\">St\u00e1t je pl\u00e1tcem pojistn\u00e9ho za nezaopat\u0159en\u00e9 d\u00edt\u011b po dobu jeho soustavn\u00e9 p\u0159\u00edpravy na budouc\u00ed povol\u00e1n\u00ed (nejd\u00e9le ale do 26\u00a0let). Do toho se zahrnuje tak\u00e9 doba od \u00fasp\u011b\u0161n\u00e9ho vykon\u00e1n\u00ed maturitn\u00ed zkou\u0161ky, je-li tato zkou\u0161ka kon\u00e1na v\u00a0kv\u011btnu nebo \u010dervnu, do konce obdob\u00ed \u0161koln\u00edho vyu\u010dov\u00e1n\u00ed \u0161koln\u00edho roku, tj.\u00a0do 30.\u00a06. p\u0159\u00edslu\u0161n\u00e9ho roku. A\u00a0to bez ohledu na skute\u010dnost, je-li d\u00edt\u011b v t\u00e9 dob\u011b v\u00fdd\u011ble\u010dn\u011b \u010dinn\u00e9. Pot\u00e9 u\u017e z\u00e1le\u017e\u00ed na tom, zda po maturit\u011b pokra\u010dujete ve studiu, nebo ne.<\/p>\n<p class=\"western\" style=\"margin-bottom: 0cm;\">Kdy\u017e po maturit\u011b nepokra\u010dujete bezprost\u0159edn\u011b v\u00a0dal\u0161\u00edm studiu, je za v\u00e1s jako za nezaopat\u0159en\u00e9 d\u00edt\u011b st\u00e1t pl\u00e1tcem pojistn\u00e9ho je\u0161t\u011b po dobu \u0161koln\u00edch pr\u00e1zdnin bezprost\u0159edn\u011b navazuj\u00edc\u00edch na skon\u010den\u00ed studia nebo na \u00fasp\u011b\u0161n\u00e9 vykon\u00e1n\u00ed maturitn\u00ed zkou\u0161ky, ov\u0161em pouze pokud nebudete nevykon\u00e1vat po cel\u00fd kalend\u00e1\u0159n\u00ed m\u011bs\u00edc v\u00fdd\u011ble\u010dnou \u010dinnost ani nebudete m\u00edt po cel\u00fd kalend\u00e1\u0159n\u00ed m\u011bs\u00edc n\u00e1rok na podporu v\u00a0nezam\u011bstnanosti nebo podporu p\u0159i rekvalifikaci. V\u00fdd\u011ble\u010dn\u00e1 \u010dinnost a\u00a0n\u00e1rok na podporu na sebe ani nesm\u00ed nenavazovat tak, \u017ee by trvaly po cel\u00fd kalend\u00e1\u0159n\u00ed m\u011bs\u00edc. To se vztahuje i\u00a0na situaci, kdy student nevykon\u00e1 \u00fasp\u011b\u0161n\u011b maturitn\u00ed zkou\u0161ku a\u00a0je mu povolena opravn\u00e1 zkou\u0161ka na podzim. I\u00a0za n\u011bj je st\u00e1t pl\u00e1tcem pojistn\u00e9ho do 31.\u00a0srpna s\u00a0podm\u00ednkou, \u017ee po dobu pr\u00e1zdnin nebude po cel\u00fd m\u011bs\u00edc vykon\u00e1vat v\u00fdd\u011ble\u010dnou \u010dinnost ani nebude v\u00a0evidenci uchaze\u010d\u016f o\u00a0zam\u011bstn\u00e1n\u00ed. Pokud student u\u00a0opravn\u00e9 maturitn\u00ed zkou\u0161ky v z\u00e1\u0159\u00ed neusp\u011bje, mus\u00ed \u0159e\u0161it svoji situaci ohledn\u011b zdravotn\u00edho poji\u0161t\u011bn\u00ed u\u017e za m\u011bs\u00edc z\u00e1\u0159\u00ed, proto\u017ee st\u00e1t byl pl\u00e1tcem pojistn\u00e9ho jen do 31.\u00a0srpna.<\/p>\n<p class=\"western\" style=\"margin-bottom: 0cm;\">Absolvent st\u0159edn\u00ed \u0161koly, kter\u00fd nepokra\u010duje ve studiu a\u00a0po ukon\u010den\u00ed \u0161koly nenastoup\u00ed ihned po pr\u00e1zdnin\u00e1ch do zam\u011bstn\u00e1n\u00ed, neza\u010dne podnikat, nep\u0159ihl\u00e1s\u00ed se mezi uchaze\u010de o\u00a0zam\u011bstn\u00e1n\u00ed ani za n\u011bj z\u00a0jin\u00e9ho d\u016fvodu neplat\u00ed pojistn\u00e9 st\u00e1t, pat\u0159\u00ed do kategorie osob bez zdaniteln\u00fdch p\u0159\u00edjm\u016f. Mus\u00ed se jako OBZP p\u0159ihl\u00e1sit sv\u00e9 zdravotn\u00ed poji\u0161\u0165ovn\u011b a\u00a0za\u010d\u00edt si platit s\u00e1m pojistn\u00e9.<\/p>\n<p class=\"western\" style=\"margin-bottom: 0cm;\">Jestli\u017ee pokra\u010dujete bez p\u0159eru\u0161en\u00ed v\u00a0dal\u0161\u00edm studiu, je st\u00e1t pl\u00e1tcem pojistn\u00e9ho i\u00a0za dobu od skon\u010den\u00ed studia na st\u0159edn\u00ed \u0161kole do dne, kdy se stanete studentem vysok\u00e9 \u0161koly. Nezapome\u0148te se ale p\u0159esv\u011bd\u010dit, \u017ee \u0161kola oznamuje n\u00e1stup ke studiu zdravotn\u00ed poji\u0161\u0165ovn\u011b. A pozor, kdyby z\u00e1pis do 1.\u00a0ro\u010dn\u00edku vysok\u00e9 \u0161koly byl a\u017e v \u0159\u00edjnu nebo listopadu, mus\u00edte to sv\u00e9 zdravotn\u00ed poji\u0161\u0165ovn\u011b ozn\u00e1mit, a\u00a0to do 8\u00a0dn\u016f ode dne, kdy jste se tuto skute\u010dnost dozv\u011bd\u011bl.<\/p>\n<p class=\"western\" style=\"margin-bottom: 0cm;\">Studenti n\u011bkdy zapom\u00ednaj\u00ed, \u017ee po sv\u00fdch 18.\u00a0narozenin\u00e1ch u\u017e mus\u00ed sami plnit v\u0161echny povinnosti jako poji\u0161t\u011bnec, i\u00a0kdy\u017e za n\u011b plat\u00ed pojistn\u00e9 st\u00e1t. N\u011bkter\u00e1 ozn\u00e1men\u00ed sice \u010din\u00ed \u0161kola, ale prim\u00e1rn\u011b m\u00e1 oznamovac\u00ed povinnost poji\u0161t\u011bnec (do v\u011bku 18\u00a0let jeho z\u00e1konn\u00fd z\u00e1stupce). V\u017edy do 8\u00a0dn\u016f je nutn\u00e9 ozn\u00e1mit sv\u00e9 zdravotn\u00ed poji\u0161\u0165ovn\u011b skute\u010dnosti, kter\u00e9 maj\u00ed vliv na platbu pojistn\u00e9ho, mj. pr\u00e1v\u011b na povinnost st\u00e1tu platit pojistn\u00e9. Jde zejm\u00e9na o\u00a0zah\u00e1jen\u00ed a\u00a0ukon\u010den\u00ed studia, p\u0159\u00edpadn\u011b jeho p\u0159eru\u0161en\u00ed a\u00a0znovuzah\u00e1jen\u00ed, zah\u00e1jen\u00ed a\u00a0ukon\u010den\u00ed samostatn\u00e9 v\u00fdd\u011ble\u010dn\u00e9 \u010dinnosti atd.<\/p>\n<p class=\"western\" style=\"margin-bottom: 0cm;\">Mgr. Old\u0159ich Tich\u00fd<br \/>\nvedouc\u00ed tiskov\u00e9ho odd\u011blen\u00ed a tiskov\u00fd mluv\u010d\u00ed<\/p>\n","protected":false},"excerpt":{"rendered":"<div class=\"mh-excerpt\"><p>OT\u00c1ZKA: Jak je to se zdravotn\u00edm poji\u0161t\u011bn\u00edm po maturit\u011b na st\u0159edn\u00ed \u0161kole? Do kdy ho nemus\u00edm platit? Odpov\u00edd\u00e1 mluv\u010d\u00ed VZP.<\/p>\n<\/div>","protected":false},"author":1,"featured_media":0,"comment_status":"open","ping_status":"closed","sticky":false,"template":"","format":"standard","meta":{"footnotes":""},"categories":[18],"tags":[],"class_list":["post-16222","post","type-post","status-publish","format-standard","hentry","category-poradna"],"_links":{"self":[{"href":"https:\/\/www.invarena.cz\/index.php?rest_route=\/wp\/v2\/posts\/16222","targetHints":{"allow":["GET"]}}],"collection":[{"href":"https:\/\/www.invarena.cz\/index.php?rest_route=\/wp\/v2\/posts"}],"about":[{"href":"https:\/\/www.invarena.cz\/index.php?rest_route=\/wp\/v2\/types\/post"}],"author":[{"embeddable":true,"href":"https:\/\/www.invarena.cz\/index.php?rest_route=\/wp\/v2\/users\/1"}],"replies":[{"embeddable":true,"href":"https:\/\/www.invarena.cz\/index.php?rest_route=%2Fwp%2Fv2%2Fcomments&post=16222"}],"version-history":[{"count":0,"href":"https:\/\/www.invarena.cz\/index.php?rest_route=\/wp\/v2\/posts\/16222\/revisions"}],"wp:attachment":[{"href":"https:\/\/www.invarena.cz\/index.php?rest_route=%2Fwp%2Fv2%2Fmedia&parent=16222"}],"wp:term":[{"taxonomy":"category","embeddable":true,"href":"https:\/\/www.invarena.cz\/index.php?rest_route=%2Fwp%2Fv2%2Fcategories&post=16222"},{"taxonomy":"post_tag","embeddable":true,"href":"https:\/\/www.invarena.cz\/index.php?rest_route=%2Fwp%2Fv2%2Ftags&post=16222"}],"curies":[{"name":"wp","href":"https:\/\/api.w.org\/{rel}","templated":true}]}}